{"id":621194,"date":"2025-12-25T08:06:00","date_gmt":"2025-12-25T08:06:00","guid":{"rendered":"https:\/\/www.europesays.com\/fr\/621194\/"},"modified":"2025-12-25T08:06:00","modified_gmt":"2025-12-25T08:06:00","slug":"marche-de-sandrigham-les-meilleures-tenues-de-kate","status":"publish","type":"post","link":"https:\/\/www.europesays.com\/fr\/621194\/","title":{"rendered":"Marche de Sandrigham : les meilleures tenues de Kate"},"content":{"rendered":"<p>De la premi\u00e8re marche timide de jeune duchesse aux silhouettes affirm\u00e9es de princesse, <a target=\"_blank\" href=\"https:\/\/www.pointdevue.fr\/grand-angle\/biographies\/kate-middleton\" rel=\"noopener\">Kate<\/a> \u00e9crit \u00e0 Sandringham une histoire de style devenue culte. Du vert sapin, au rouge vif en passant par le motif tartan ou le brun chocolat, la princesse de Galles nous habitue chaque ann\u00e9e \u00e0 des tenues toutes plus \u00e9l\u00e9gantes les unes que les autres. La pi\u00e8ce maitresse de ces looks\u00a0: un \u00e9l\u00e9gant manteau long.<\/p>\n<p><strong>2011<\/strong><img decoding=\"async\" src=\"https:\/\/www.europesays.com\/fr\/wp-content\/uploads\/2025\/12\/ABACA_302574_014i86CXeqQPa.jpg\" alt=\"La princesse Catherine \u00e0 sa premi\u00e8re marche de Sandringham, le 25 d\u00e9cembre 2011.\"\/><strong>La princesse Catherine \u00e0 sa premi\u00e8re marche de Sandringham, le 25 d\u00e9cembre 2011.<\/strong> \u00a9 Radburn Chris\/PA Photos\/ABACA<\/p>\n<p>Depuis 2011, la princesse de Galles prend part aux traditionnelles marches de No\u00ebl dans les jardins de Sandringham. La courte promenade jusqu\u2019\u00e0 l\u2019\u00e9glise Saint-Mary-Magdalene l\u2019a peu \u00e0 peu vue s\u2019inscrire, avec gr\u00e2ce, dans le sillage de son \u00e9poux, le prince William. Sa premi\u00e8re apparition \u00e0 ce rendez-vous royal, neuf mois seulement apr\u00e8s leur mariage, est particuli\u00e8rement attendue par le public. Pour l\u2019occasion, l\u2019\u00e9pouse du prince de Galles porte un long manteau bordeaux sign\u00e9 par un designer britannique ind\u00e9pendant. D\u00e9tail charmant : le prince William a assorti la couleur de sa cravate \u00e0 la tenue de son \u00e9pouse.<\/p>\n<p><strong>2013<\/strong><img decoding=\"async\" src=\"https:\/\/www.europesays.com\/fr\/wp-content\/uploads\/2025\/12\/SIPA_rex40316254_000039RrXOyRS4dw.jpg\" alt=\"La princesse Catherine \u00e0 la marche de Sandringham, le 25 d\u00e9cembre 2013.\"\/><strong>La princesse Catherine \u00e0 la marche de Sandringham, le 25 d\u00e9cembre 2013.<\/strong> \u00a9 Geoffrey Robinson\/REX\/REX\/SIPA<\/p>\n<p>En 2013, la jeune m\u00e8re opte pour un designer qu\u2019elle conna\u00eet bien : Alexander McQueen, \u00e0 qui elle doit d\u00e9j\u00e0 sa robe de mari\u00e9e. La princesse de Galles se pare alors d\u2019un long manteau au tartan bleu marine et vert for\u00eat. Une apparition d\u2019autant plus remarqu\u00e9e que le couple royal avait exceptionnellement manqu\u00e9 la tradition en 2012, afin de c\u00e9l\u00e9brer No\u00ebl aupr\u00e8s des parents de Catherine.<\/p>\n<p><strong>2014<\/strong><img decoding=\"async\" src=\"https:\/\/www.europesays.com\/fr\/wp-content\/uploads\/2025\/12\/BESTIMAGE_00251313_000019HJa1NYXXD8.jpg\" alt=\"La princesse Catherine \u00e0 la marche de Sandringham, le 25 d\u00e9cembre 2014.\"\/><strong>La princesse Catherine \u00e0 la marche de Sandringham, le 25 d\u00e9cembre 2014.<\/strong> \u00a9 EXPRESS SYNDICATION \/ BESTIMAGE<\/p>\n<p>Changement radical en 2014, elle adopte le tweed marron. Cette ann\u00e9e-l\u00e0, Kate choisit un long manteau brun chocolat, ponctu\u00e9 de boutons dor\u00e9s, sign\u00e9 de la maison britannique Moloh. Un style qui tranche avec les silhouettes plus color\u00e9es auxquelles la princesse nous a habitu\u00e9s. Ce total look chocolat s\u2019harmonise parfaitement avec sa longue chevelure, soulignant une \u00e9l\u00e9gance plus feutr\u00e9e, mais tout aussi ma\u00eetris\u00e9e.<\/p>\n<p><strong>2015<\/strong><img decoding=\"async\" src=\"https:\/\/www.europesays.com\/fr\/wp-content\/uploads\/2025\/12\/BESTIMAGE_00283896_000001SJH5b77Ji2.jpg\" alt=\"La princesse Catherine \u00e0 la marche de Sandringham, le 25 d\u00e9cembre 2015.\"\/><strong>La princesse Catherine \u00e0 la marche de Sandringham, le 25 d\u00e9cembre 2015.<\/strong> \u00a9 AGENCE \/ BESTIMAGE<\/p>\n<p>Retour au vert profond en 2015 ! Une couleur que Catherine affectionne particuli\u00e8rement et qui revient, chaque hiver, dans sa garde-robe. Cette ann\u00e9e-l\u00e0, elle choisit un long manteau \u00e0 la coupe droite, sublim\u00e9 par une ceinture en peau de serpent. Pour la premi\u00e8re \u2013 et derni\u00e8re \u2013 fois lors de cette traditionnelle marche, la princesse rel\u00e8ve ses cheveux en un \u00e9l\u00e9gant chignon bas.<\/p>\n<p><strong>2016<\/strong><img decoding=\"async\" src=\"https:\/\/www.europesays.com\/fr\/wp-content\/uploads\/2025\/12\/BESTIMAGE_00321343_000036SnFzdaZ3Sd.jpg\" alt=\"La princesse Catherine, le prince William et leurs deux enfants Georges et  Charlotte, \u00e0 l\u00e0 la marche de Sandringham, le 25 d\u00e9cembre 2016.\"\/><strong>La princesse Catherine, le prince William et leurs deux enfants George et \u00a0Charlotte, \u00e0 la marche de Sandringham, le 25 d\u00e9cembre 2016.<\/strong> \u00a9 Agence \/ Bestimage<\/p>\n<p>Pour la promenade de 2016, la princesse de Galles opte pour un manteau \u00e0 col en V allong\u00e9, rehauss\u00e9 d\u2019une large fourrure brune. Une ann\u00e9e particuli\u00e8re, puisqu\u2019elle signe sa premi\u00e8re apparition accompagn\u00e9e de ses deux a\u00een\u00e9s : le prince George, alors \u00e2g\u00e9 de trois ans, et la princesse Charlotte, tout juste un an. Pour l\u2019occasion, la famille royale se tourne vers la maison londonienne Hobbs. Catherine appara\u00eet ainsi dans un long manteau marron, ceintur\u00e9 avec simplicit\u00e9, une pi\u00e8ce d\u00e9j\u00e0 port\u00e9e \u00e0 plusieurs reprises.\u00a0<\/p>\n<p><strong>2018<\/strong><img decoding=\"async\" src=\"https:\/\/www.europesays.com\/fr\/wp-content\/uploads\/2025\/12\/BESTIMAGE_00412194_00004760I40v4j7W.jpg\" alt=\"La princesse Catherine, accompagn\u00e9e de Meghan \u00e0 la marche de Sandringham, le 25 d\u00e9cembre 2018.\"\/><strong>La princesse Catherine, accompagn\u00e9e de Meghan \u00e0 la marche de Sandringham, le 25 d\u00e9cembre 2018.<\/strong> \u00a9 AGENCE \/ BESTIMAGE<\/p>\n<p>En 2018, un nouveau cr\u00e9ateur fait son entr\u00e9e dans les jardins de Sandringham : Catherine Walker. En revanche, la couleur rouge, elle, n\u2019a rien de nouveau pour la princesse de Galles, qui l\u2019affectionne tout particuli\u00e8rement. Catherine appara\u00eet dans un long manteau \u00e9carlate, au design \u00e9pur\u00e9, soulign\u00e9 d\u2019un d\u00e9licat col.<\/p>\n<p><strong>2019<\/strong><img decoding=\"async\" src=\"https:\/\/www.europesays.com\/fr\/wp-content\/uploads\/2025\/12\/BESTIMAGE_00464600_000010CJU3MAhFER.jpg\" alt=\"La princesse Catherine, avec sa fille Charlotte \u00e0 la marche de Sandringham, le 25 d\u00e9cembre 2019.\"\/><strong>La princesse Catherine, avec sa fille Charlotte \u00e0 la marche de Sandringham, le 25 d\u00e9cembre 2019.<\/strong> \u00a9 Dana Press \/ Bestimage<\/p>\n<p>En 2019, Catherine Walker signe de nouveau la tenue de la princesse de Galles. Si le cr\u00e9ateur est familier, la couleur et la mati\u00e8re, elles, se renouvellent avec un manteau-robe en laine grise. Une pi\u00e8ce originale, orn\u00e9e de fourrure ton sur ton aux manches et au col rond, ceintur\u00e9e de laine grise et ponctu\u00e9e de boutons argent\u00e9s. Les accessoires apportent une touche contrast\u00e9e : escarpins, chapeau et pochette adoptent un vert profond, en parfait \u00e9cho \u00e0 la tenue de la princesse Charlotte.<\/p>\n<p><strong>2023<\/strong><img decoding=\"async\" src=\"https:\/\/www.europesays.com\/fr\/wp-content\/uploads\/2025\/12\/BESTIMAGE_00644363_000047JinCN7zQx7.jpg\" alt=\"La princesse Catherine, et le prince William avec leurs trois enfants Georges, Charlotte et Louis \u00e0 la marche de Sandringham, le 25 d\u00e9cembre 2023.\"\/><strong>La princesse Catherine, et le prince William avec leurs trois enfants George, Charlotte et Louis \u00e0 la marche de Sandringham, le 25 d\u00e9cembre 2023.<\/strong> \u00a9 AGENCE \/ BESTIMAGE<\/p>\n<p>Le retour d\u2019Alexander McQueen, en 2023, se fait en beaut\u00e9. Pour la promenade de No\u00ebl, la princesse de Galles choisit une silhouette enti\u00e8rement bleue, de la t\u00eate aux pieds. Une nuance royale pour son long manteau portefeuille, dont l\u2019intensit\u00e9 illumine la grisaille hivernale et se marie \u00e0 merveille avec les tenues plus classiques du reste de la famille de Galles.<\/p>\n<p>Fid\u00e8le \u00e0 son approche responsable de la mode, Catherine continue d\u2019imposer sa vision d\u2019une \u00e9l\u00e9gance durable : elle n\u2019h\u00e9site pas \u00e0 r\u00e9appara\u00eetre dans des pi\u00e8ces d\u00e9j\u00e0 port\u00e9es, sans jamais trahir ni les convenances, ni les tendances. Sous l\u2019\u0153il attentif des passionn\u00e9s de la monarchie britannique, toujours \u00e0 l\u2019aff\u00fbt du moindre faux pas, la princesse n\u2019a, jusqu\u2019ici, rien laiss\u00e9 \u00e0 redire. L\u2019\u00e9dition 2025 devrait s\u2019inscrire dans cette m\u00eame continuit\u00e9<\/p>\n","protected":false},"excerpt":{"rendered":"De la premi\u00e8re marche timide de jeune duchesse aux silhouettes affirm\u00e9es de princesse, Kate \u00e9crit \u00e0 Sandringham une&hellip;\n","protected":false},"author":2,"featured_media":621195,"comment_status":"","ping_status":"","sticky":false,"template":"","format":"standard","meta":{"footnotes":""},"categories":[1588],"tags":[11,1777,674,12,473,1853,1851,1850,1852],"class_list":{"0":"post-621194","1":"post","2":"type-post","3":"status-publish","4":"format-standard","5":"has-post-thumbnail","7":"category-royaume-uni","8":"tag-actualites","9":"tag-eu","10":"tag-europe","11":"tag-news","12":"tag-royaume-uni","13":"tag-royaume-uni-de-grande-bretagne-et-dirlande-du-nord","14":"tag-uk","15":"tag-united-kingdom","16":"tag-united-kingdom-of-great-britain-and-northern-ireland"},"share_on_mastodon":{"url":"https:\/\/pubeurope.com\/@fr\/115779181413401559","error":""},"_links":{"self":[{"href":"https:\/\/www.europesays.com\/fr\/wp-json\/wp\/v2\/posts\/621194","targetHints":{"allow":["GET"]}}],"collection":[{"href":"https:\/\/www.europesays.com\/fr\/wp-json\/wp\/v2\/posts"}],"about":[{"href":"https:\/\/www.europesays.com\/fr\/wp-json\/wp\/v2\/types\/post"}],"author":[{"embeddable":true,"href":"https:\/\/www.europesays.com\/fr\/wp-json\/wp\/v2\/users\/2"}],"replies":[{"embeddable":true,"href":"https:\/\/www.europesays.com\/fr\/wp-json\/wp\/v2\/comments?post=621194"}],"version-history":[{"count":0,"href":"https:\/\/www.europesays.com\/fr\/wp-json\/wp\/v2\/posts\/621194\/revisions"}],"wp:featuredmedia":[{"embeddable":true,"href":"https:\/\/www.europesays.com\/fr\/wp-json\/wp\/v2\/media\/621195"}],"wp:attachment":[{"href":"https:\/\/www.europesays.com\/fr\/wp-json\/wp\/v2\/media?parent=621194"}],"wp:term":[{"taxonomy":"category","embeddable":true,"href":"https:\/\/www.europesays.com\/fr\/wp-json\/wp\/v2\/categories?post=621194"},{"taxonomy":"post_tag","embeddable":true,"href":"https:\/\/www.europesays.com\/fr\/wp-json\/wp\/v2\/tags?post=621194"}],"curies":[{"name":"wp","href":"https:\/\/api.w.org\/{rel}","templated":true}]}}