{"id":621206,"date":"2025-12-25T08:12:19","date_gmt":"2025-12-25T08:12:19","guid":{"rendered":"https:\/\/www.europesays.com\/fr\/621206\/"},"modified":"2025-12-25T08:12:19","modified_gmt":"2025-12-25T08:12:19","slug":"la-france-et-13-pays-exhortent-israel-a-cesser-lexpansion-des-colonies-tel-aviv-replique","status":"publish","type":"post","link":"https:\/\/www.europesays.com\/fr\/621206\/","title":{"rendered":"La France et 13 pays exhortent Isra\u00ebl \u00e0 cesser l\u2019expansion des colonies, Tel-Aviv r\u00e9plique"},"content":{"rendered":"<p>        <img decoding=\"async\" loading=\"lazy\" src=\"https:\/\/www.europesays.com\/fr\/wp-content\/uploads\/2025\/12\/b291e03_upload-1-ptvxqgztsgae-afp-20251116-847d6bn-v1-midres-palestinianisraelconflict.jpg\"  width=\"728\" height=\"410\" alt=\"Un drapeau palestinien est visible sur un b\u00e2timent situ\u00e9 en face d\u2019un drapeau national isra\u00e9lien plac\u00e9 \u00e0 l\u2019entr\u00e9e du village d\u2019As-Sawiyah, en Cisjordanie occup\u00e9e, le 16\u00a0novembre 2025, apr\u00e8s que des colons aient plac\u00e9 des centaines de drapeaux isra\u00e9liens sur les routes publiques et \u00e0 l\u2019entr\u00e9e des villages palestiniens.\"\/>  <\/p>\n<p>JAAFAR ASHTIYEH \/ AFP<\/p>\n<p>Un drapeau palestinien est visible sur un b\u00e2timent situ\u00e9 en face d\u2019un drapeau national isra\u00e9lien plac\u00e9 \u00e0 l\u2019entr\u00e9e du village d\u2019As-Sawiyah, en Cisjordanie occup\u00e9e, le 16\u00a0novembre 2025, apr\u00e8s que des colons aient plac\u00e9 des centaines de drapeaux isra\u00e9liens sur les routes publiques et \u00e0 l\u2019entr\u00e9e des villages palestiniens.<\/p>\n<p class=\"asset asset-text\">Un appel \u00e0 la paix, le soir de no\u00ebl. Quatorze pays, dont la France,<a href=\"https:\/\/www.huffingtonpost.fr\/international\/article\/erasmus-le-royaume-uni-revient-sur-cette-mesure-phare-du-brexit-et-les-etudiants-vont-en-profiter_258341.html\" target=\"_blank\" rel=\"noopener\"> le Royaume-Uni<\/a>, le Canada et le Japon ont appel\u00e9 mercredi soir <a href=\"https:\/\/www.huffingtonpost.fr\/international\/article\/guerre-a-gaza-le-chef-de-l-armee-israelienne-franchit-une-ligne-rouge-avec-cette-nouvelle-frontiere_257963.html\" target=\"_blank\" rel=\"noopener\">Isra\u00ebl<\/a> \u00e0 revenir sur sa r\u00e9cente d\u00e9cision de cr\u00e9er de nouvelles colonies juives en Cisjordanie. Dans un communiqu\u00e9 commun, ils condamnent ce projet et demandent au gouvernement isra\u00e9lien de \u00ab\u00a0cesser l\u2019expansion des colonies\u00a0\u00bb.<\/p>\n<p class=\"asset asset-text\">Le ministre isra\u00e9lien des affaires \u00e9trang\u00e8res,<a href=\"https:\/\/www.huffingtonpost.fr\/international\/article\/macron-n-est-plus-le-bienvenu-en-israel-tant-qu-il-ne-revient-pas-sur-cette-decision_254436.html\" target=\"_blank\" rel=\"noopener\"> Gideon Saar<\/a>, a vivement rejet\u00e9 cet appel, ce jeudi 25\u00a0d\u00e9cembre. Dans un message publi\u00e9 sur le r\u00e9seau social X, il a affirm\u00e9 que \u00ab\u00a0des gouvernements \u00e9trangers ne peuvent restreindre le droit des Juifs \u00e0 vivre sur la terre d\u2019Isra\u00ebl\u00a0\u00bb, qualifiant toute initiative en ce sens de \u00ab\u00a0moralement r\u00e9pr\u00e9hensible\u00a0\u00bb.<\/p>\n<p class=\"asset asset-text\">Les autorit\u00e9s isra\u00e9liennes avaient annonc\u00e9 dimanche avoir approuv\u00e9 l\u2019installation de 19 <a href=\"https:\/\/www.huffingtonpost.fr\/international\/video\/en-cisjordanie-l-inquietante-flambee-de-violence-des-colons-israeliens-contre-les-palestiniens_257154.html\" target=\"_blank\" rel=\"noopener\">colonies en Cisjordanie<\/a>, une mesure visant selon elles \u00e0 \u00ab\u00a0bloquer l\u2019\u00e9tablissement d\u2019un \u00c9tat palestinien terroriste\u00a0\u00bb, dans un contexte d\u2019intensification de la colonisation depuis le 7-octobre.<\/p>\n<p class=\"asset asset-text\">Cette annonce a provoqu\u00e9 de vives r\u00e9actions \u00e0 l\u2019international. \u00ab\u00a0Nous, repr\u00e9sentants de l\u2019Allemagne, de la Belgique, du Canada, du Danemark, de l\u2019Espagne, de la France, de l\u2019Italie, de l\u2019Irlande, de l\u2019Islande, du Japon, de Malte, des Pays-Bas, de la Norv\u00e8ge et du Royaume-Uni, condamnons l\u2019approbation par le cabinet de s\u00e9curit\u00e9 du gouvernement isra\u00e9lien de la cr\u00e9ation de 19 nouvelles colonies en Cisjordanie occup\u00e9e\u00a0\u00bb, ont \u00e9crit ces pays dans un communiqu\u00e9 commun, diffus\u00e9 par le <a href=\"https:\/\/www.huffingtonpost.fr\/international\/video\/l-algerie-adopte-une-loi-qui-denonce-la-france-voici-ce-qu-elle-contient_258579.html\" target=\"_blank\" rel=\"noopener\">minist\u00e8re fran\u00e7ais des Affaires \u00e9trang\u00e8res.<\/a><\/p>\n<p class=\"asset asset-text\">\u00ab\u00a0Nous r\u00e9it\u00e9rons notre claire opposition \u00e0 toute forme d\u2019annexion ainsi qu\u2019au d\u00e9veloppement de la politique de colonisation\u00a0\u00bb, ont-ils ajout\u00e9.<\/p>\n<p>    Un risque pour le plan de paix \u00e0 Gaza    <\/p>\n<p class=\"asset asset-text\">Dans leur communiqu\u00e9, les pays rappellent que cette action unilat\u00e9rale constitue \u00ab\u00a0une violation du droit international\u00a0\u00bb. \u00ab\u00a0Cette action risque de compromettre la mise en \u0153uvre du plan de paix pour Gaza, alors m\u00eame que sont d\u00e9ploy\u00e9s des efforts pour passer \u00e0 la deuxi\u00e8me phase (de ce plan, ndlr), et elle nuit aux perspectives de paix et de s\u00e9curit\u00e9 durables dans l\u2019ensemble de la r\u00e9gion\u00a0\u00bb, ajoutent-ils.<\/p>\n<p class=\"asset asset-text\">\u00ab\u00a0Nous appelons Isra\u00ebl \u00e0 revenir sur cette d\u00e9cision, ainsi qu\u2019\u00e0 cesser l\u2019expansion des colonies, conform\u00e9ment \u00e0 la r\u00e9solution 2334 du Conseil de s\u00e9curit\u00e9 des Nations Unies\u00a0\u00bb, \u00e9crivent-ils, ajoutant qu\u2019ils sont \u00ab\u00a0d\u00e9termin\u00e9s \u00e0 soutenir le droit \u00e0 l\u2019autod\u00e9termination des Palestiniens\u00a0\u00bb.<\/p>\n<p class=\"asset asset-text\">Ces pays rappellent enfin leur \u00ab\u00a0attachement ind\u00e9fectible \u00e0 une paix globale, juste et durable reposant (&#8230;) sur la solution des deux \u00c9tats o\u00f9 deux \u00c9tats d\u00e9mocratiques, Isra\u00ebl et la Palestine, vivent c\u00f4te \u00e0 c\u00f4te en paix et en s\u00e9curit\u00e9, \u00e0 l\u2019int\u00e9rieur de fronti\u00e8res s\u00fbres et reconnues\u00a0\u00bb.<\/p>\n<p class=\"asset asset-text\">La colonisation s\u2019est poursuivie sous tous les gouvernements isra\u00e9liens, de gauche comme de droite depuis 1967. Elle s\u2019est nettement intensifi\u00e9e sous l\u2019ex\u00e9cutif actuel, en particulier depuis le d\u00e9but de la guerre \u00e0 Gaza, d\u00e9clench\u00e9e le 7\u00a0octobre\u00a02023 par l\u2019attaque sans pr\u00e9c\u00e9dent du mouvement islamiste palestinien Hamas en Isra\u00ebl.<\/p>\n<p class=\"asset asset-text\">Hormis J\u00e9rusalem Est, occup\u00e9e et annex\u00e9e par Isra\u00ebl, plus de 500\u00a0000 Isra\u00e9liens vivent aujourd\u2019hui en Cisjordanie dans des colonies que l\u2019ONU juge ill\u00e9gales au regard du droit international, au milieu de quelque trois millions de Palestiniens.<\/p>\n","protected":false},"excerpt":{"rendered":"JAAFAR ASHTIYEH \/ AFP Un drapeau palestinien est visible sur un b\u00e2timent situ\u00e9 en face d\u2019un drapeau national&hellip;\n","protected":false},"author":2,"featured_media":621207,"comment_status":"","ping_status":"","sticky":false,"template":"","format":"standard","meta":{"footnotes":""},"categories":[4],"tags":[11,2486,1011,27,14,664,73092,12,25],"class_list":{"0":"post-621206","1":"post","2":"type-post","3":"status-publish","4":"format-standard","5":"has-post-thumbnail","7":"category-france","8":"tag-actualites","9":"tag-cisjordanie","10":"tag-fr","11":"tag-france","12":"tag-international","13":"tag-israel","14":"tag-jerusalem-est","15":"tag-news","16":"tag-republique-francaise"},"share_on_mastodon":{"url":"https:\/\/pubeurope.com\/@fr\/115779204648592873","error":""},"_links":{"self":[{"href":"https:\/\/www.europesays.com\/fr\/wp-json\/wp\/v2\/posts\/621206","targetHints":{"allow":["GET"]}}],"collection":[{"href":"https:\/\/www.europesays.com\/fr\/wp-json\/wp\/v2\/posts"}],"about":[{"href":"https:\/\/www.europesays.com\/fr\/wp-json\/wp\/v2\/types\/post"}],"author":[{"embeddable":true,"href":"https:\/\/www.europesays.com\/fr\/wp-json\/wp\/v2\/users\/2"}],"replies":[{"embeddable":true,"href":"https:\/\/www.europesays.com\/fr\/wp-json\/wp\/v2\/comments?post=621206"}],"version-history":[{"count":0,"href":"https:\/\/www.europesays.com\/fr\/wp-json\/wp\/v2\/posts\/621206\/revisions"}],"wp:featuredmedia":[{"embeddable":true,"href":"https:\/\/www.europesays.com\/fr\/wp-json\/wp\/v2\/media\/621207"}],"wp:attachment":[{"href":"https:\/\/www.europesays.com\/fr\/wp-json\/wp\/v2\/media?parent=621206"}],"wp:term":[{"taxonomy":"category","embeddable":true,"href":"https:\/\/www.europesays.com\/fr\/wp-json\/wp\/v2\/categories?post=621206"},{"taxonomy":"post_tag","embeddable":true,"href":"https:\/\/www.europesays.com\/fr\/wp-json\/wp\/v2\/tags?post=621206"}],"curies":[{"name":"wp","href":"https:\/\/api.w.org\/{rel}","templated":true}]}}