{"id":621216,"date":"2025-12-25T08:25:25","date_gmt":"2025-12-25T08:25:25","guid":{"rendered":"https:\/\/www.europesays.com\/fr\/621216\/"},"modified":"2025-12-25T08:25:25","modified_gmt":"2025-12-25T08:25:25","slug":"laeticia-hallyday-bouleversee-elle-partage-son-noel-tres-intime-avec-mamie-rock-et-luana-belmondo","status":"publish","type":"post","link":"https:\/\/www.europesays.com\/fr\/621216\/","title":{"rendered":"Laeticia Hallyday boulevers\u00e9e : elle partage son No\u00ebl tr\u00e8s intime avec Mamie Rock et Luana Belmondo"},"content":{"rendered":"<p data-start=\"80\" data-end=\"557\"><strong>Laeticia<br \/>\nHallyday<\/strong>, toujours tr\u00e8s pr\u00e9sente sur les r\u00e9seaux, partage<br \/>\nson quotidien entre ses filles Jade et Joy et ses projets<br \/>\npersonnels.<\/p>\n<p data-start=\"80\" data-end=\"557\">En cette p\u00e9riode de f\u00eates, la<br \/>\nveuve de <a href=\"https:\/\/www.closermag.fr\/people\/johnny-hallyday-laeticia-et-sa-fille-joy-agenouillees-sur-sa-tombe-a-saint-barthelemy-la-video-de-leur-hommage-lumineux-3603066\" target=\"_blank\" rel=\"noopener\"><br \/>\nJohnny Hallyday<\/a> a choisi de c\u00e9l\u00e9brer No\u00ebl sous le signe de la<br \/>\ntendresse et de la famille, entour\u00e9e de ses proches et de moments<br \/>\npr\u00e9cieux avec <strong>sa grand-m\u00e8re Elyette, alias Mamie<br \/>\nRock<\/strong>. Une parenth\u00e8se douce et \u00e9mouvante o\u00f9 les rires et<br \/>\nles souvenirs se m\u00ealent pour marquer un No\u00ebl pas comme les<br \/>\nautres.<\/p>\n<blockquote class=\"instagram-media\" style=\"background: #ffffff;border: 0;margin: 1px;width: 100%;padding: 0;max-width: 500px;\" data-instgrm-permalink=\"https:\/\/www.instagram.com\/p\/DSpwCUaE_VK\/?hl=fr\" data-instgrm-version=\"14\"\/><p>\nLaeticia Hallyday : un No\u00ebl<br \/>\n\u00e9mouvant en famille<\/p>\n<p data-start=\"166\" data-end=\"894\">Ce mercredi 24 d\u00e9cembre,<br \/>\nLaeticia Hallyday a partag\u00e9 des instants rares et pr\u00e9cieux sur son<br \/>\ncompte Instagram. La veuve de Johnny Hallyday a d\u00e9voil\u00e9 des images<br \/>\nd\u2019un repas organis\u00e9 autour de sa grand-m\u00e8re Elyette Boudou,<br \/>\nsurnomm\u00e9e <a href=\"https:\/\/www.closermag.fr\/people\/qui-est-mamie-rock-la-grand-mere-de-laeticia-qui-veille-sur-le-clan-hallyday-763918\" target=\"_blank\" rel=\"noopener\"><br \/>\nMamie Rock<\/a>, v\u00e9ritable pilier de la famille<br \/>\n<strong>Boudou<\/strong>. Sur la vid\u00e9o, on la voit entour\u00e9e de sa<br \/>\nmamie mais aussi de <strong>Luana Belmondo<\/strong>, l\u2019ex-compagne<br \/>\nde Paul Belmondo.<\/p>\n<p data-start=\"166\" data-end=\"894\">\u00ab\u00a0Joyeux No\u00ebl \u00e0 tous\u00a0\u00bb,<br \/>\n\u00e9crit Laeticia Hallyday dans le texte accompagnant les images.<br \/>\n\u00ab\u00a0Cette vid\u00e9o a \u00e9t\u00e9 tourn\u00e9e il y a quelques jours, <strong>un<br \/>\npetit No\u00ebl avant l\u2019heure<\/strong>, mais l\u2019\u00e9motion est la m\u00eame\u2026<br \/>\nPeut-\u00eatre m\u00eame encore plus forte aujourd\u2019hui. Partager ce moment<br \/>\navec ma petite Mamie, avec mes filles, avec mes amies de toujours,<br \/>\nc\u2019est un cadeau pr\u00e9cieux\u00a0\u00bb.<\/p>\n<p>Une ode<br \/>\n\u00e0 Mamie Rock et \u00e0 la famille<\/p>\n<p data-start=\"940\" data-end=\"2421\">Laeticia Hallyday profite de<br \/>\ncette occasion pour adresser un message tendre \u00e0 sa grand-m\u00e8re, qui<br \/>\na f\u00eat\u00e9 ses 90 ans cette ann\u00e9e. \u00ab\u00a0Les grands-m\u00e8res, c\u2019est une<br \/>\ngr\u00e2ce, une lumi\u00e8re\u00a0\u00bb confie-t-elle. \u00ab\u00a0Quand on a encore la<br \/>\nchance d\u2019en avoir une pr\u00e8s de soi, il faut les aimer, les ch\u00e9rir.<br \/>\nLes \u00e9couter, les serrer tr\u00e8s fort. Elles portent nos racines, notre<br \/>\nhistoire, et tant d\u2019amour\u00a0\u00bb. L\u2019H\u00e9raultaise mesure \u00ab\u00a0la<br \/>\nchance immense\u00a0\u00bb d\u2019avoir encore \u00ab\u00a0sa main dans la<br \/>\nsienne\u00a0\u00bb et ajoute : \u00ab\u00a0Ce No\u00ebl avant l\u2019heure avec elle.<br \/>\n<strong>C\u2019\u00e9tait un moment suspendu, doux, vrai<\/strong>\u00ab\u00a0.<br \/>\nLaeticia Hallyday accompagne la vid\u00e9o de la chanson Hier<br \/>\nencore de Charles Aznavour, symbole de nostalgie et de<br \/>\nsouvenirs d\u2019enfance.<\/p>\n<p data-start=\"940\" data-end=\"2421\">Dans les commentaires, Jade, sa<br \/>\nfille, envoie des c\u0153urs rouges \u00e0 sa maman, tandis que <a href=\"https:\/\/www.closermag.fr\/people\/luana-belmondo-meconnaissable-ses-confessions-sur-les-decisions-quelle-a-prises-depuis-son-divorce-avec-paul-belmondo-3565408\" target=\"_blank\" rel=\"noopener\"><br \/>\nLuana Belmondo<\/a> lui \u00e9crit qu\u2019elle lui \u00ab\u00a0manque\u00a0\u00bb. D\u00e9j\u00e0 le<br \/>\n6 juillet dernier, pour les 90 ans de Mamie Rock, Laeticia avait<br \/>\nrendu hommage \u00e0 sa grand-m\u00e8re : \u00ab\u00a090 ans d\u2019amour\u2026 <strong>90 ans<br \/>\nde vie, de courage, de rires, de tendresse<\/strong>. 90 ans \u00e0 nous<br \/>\naimer sans compter. \u00c0 nous transmettre ses valeurs. Ses secrets de<br \/>\nfamille, ses silences pleins de douceur et ses mots, ses phrases<br \/>\npas toujours ordinaires\u00a0\u00bb. Une femme \u00ab\u00a0rock\u2019n\u2019roll\u00a0\u00bb et<br \/>\nlumineuse, que Laeticia Hallyday d\u00e9crit comme \u00ab\u00a0notre roc, notre<br \/>\nlumi\u00e8re, notre racine. Celle qui nous rassemble, celle qui nous<br \/>\n\u00e9l\u00e8ve. Que la vie continue de te couvrir de <strong>douceur et<br \/>\nd\u2019amour<\/strong>, comme toi tu nous as couvert toute ta vie. On<br \/>\nt\u2019aime plus que les mots ne pourront jamais le dire\u00a0\u00bb.<\/p>\n<p><script async src=\"\/\/www.instagram.com\/embed.js\"><\/script><\/p>\n","protected":false},"excerpt":{"rendered":"Laeticia Hallyday, toujours tr\u00e8s pr\u00e9sente sur les r\u00e9seaux, partage son quotidien entre ses filles Jade et Joy et&hellip;\n","protected":false},"author":2,"featured_media":621217,"comment_status":"","ping_status":"","sticky":false,"template":"","format":"standard","meta":{"footnotes":""},"categories":[1359],"tags":[21303,58,59,1011,27,973,65861],"class_list":{"0":"post-621216","1":"post","2":"type-post","3":"status-publish","4":"format-standard","5":"has-post-thumbnail","7":"category-people","8":"tag-buzz_nonli","9":"tag-divertissement","10":"tag-entertainment","11":"tag-fr","12":"tag-france","13":"tag-people","14":"tag-trend"},"share_on_mastodon":{"url":"https:\/\/pubeurope.com\/@fr\/115779254504614470","error":""},"_links":{"self":[{"href":"https:\/\/www.europesays.com\/fr\/wp-json\/wp\/v2\/posts\/621216","targetHints":{"allow":["GET"]}}],"collection":[{"href":"https:\/\/www.europesays.com\/fr\/wp-json\/wp\/v2\/posts"}],"about":[{"href":"https:\/\/www.europesays.com\/fr\/wp-json\/wp\/v2\/types\/post"}],"author":[{"embeddable":true,"href":"https:\/\/www.europesays.com\/fr\/wp-json\/wp\/v2\/users\/2"}],"replies":[{"embeddable":true,"href":"https:\/\/www.europesays.com\/fr\/wp-json\/wp\/v2\/comments?post=621216"}],"version-history":[{"count":0,"href":"https:\/\/www.europesays.com\/fr\/wp-json\/wp\/v2\/posts\/621216\/revisions"}],"wp:featuredmedia":[{"embeddable":true,"href":"https:\/\/www.europesays.com\/fr\/wp-json\/wp\/v2\/media\/621217"}],"wp:attachment":[{"href":"https:\/\/www.europesays.com\/fr\/wp-json\/wp\/v2\/media?parent=621216"}],"wp:term":[{"taxonomy":"category","embeddable":true,"href":"https:\/\/www.europesays.com\/fr\/wp-json\/wp\/v2\/categories?post=621216"},{"taxonomy":"post_tag","embeddable":true,"href":"https:\/\/www.europesays.com\/fr\/wp-json\/wp\/v2\/tags?post=621216"}],"curies":[{"name":"wp","href":"https:\/\/api.w.org\/{rel}","templated":true}]}}