{"id":621222,"date":"2025-12-25T08:30:35","date_gmt":"2025-12-25T08:30:35","guid":{"rendered":"https:\/\/www.europesays.com\/fr\/621222\/"},"modified":"2025-12-25T08:30:35","modified_gmt":"2025-12-25T08:30:35","slug":"gilbert-montagne-non-voyant-revele-ce-qui-lui-plait-en-premier-chez-une-femme","status":"publish","type":"post","link":"https:\/\/www.europesays.com\/fr\/621222\/","title":{"rendered":"Gilbert Montagn\u00e9 non voyant, r\u00e9v\u00e8le ce qui lui plait en premier chez une femme"},"content":{"rendered":"<p>      R\u00e9sum\u00e9<\/p>\n<p>Gilbert Montagn\u00e9, non voyant depuis sa naissance, partage avec humour ce qui l\u2019attire d\u2019abord chez une femme, privil\u00e9giant sa personnalit\u00e9 avant son aspect physique.<\/p>\n<p>        Sommaire<\/p>\n<p><strong>Comment se construire lorsqu&rsquo;on na\u00eet aveugle ? <\/strong>C&rsquo;est tout le cheminement qu&rsquo;a d\u00fb entreprendre le chanteur Gilbert Montagn\u00e9. N\u00e9 pr\u00e9matur\u00e9ment le 28 d\u00e9cembre 1951, celui qui f\u00eatera dans quelques jours ses 74 ans <a href=\"https:\/\/www.public.fr\/gilbert-montagne-il-a-peur-de-retrouver-la-vue\" target=\"_blank\" rel=\"noopener\">n&rsquo;est pas n\u00e9 aveugle<\/a>. Il a d\u00e9velopp\u00e9 quelques heures apr\u00e8s sa naissance<strong> une r\u00e9tinopathie, alors qu&rsquo;il se trouvait en couveuse<\/strong>. Un air trop riche en oxyg\u00e8ne lui provoque ce trouble oculaire majeur, et le rend aveugle pour toujours.<\/p>\n<p><strong>Gilbert Montagn\u00e9 n&rsquo;a jamais rien vu de la vie.<\/strong> Le soleil, il ne conna\u00eet pas. Les couleurs, il n&rsquo;en sait rien. Et les femmes, malgr\u00e9 tout l&rsquo;amour qu&rsquo;il leur porte, il ne les a jamais vues non plus. Alors, le chanteur a d\u00fb trouver des astuces bien \u00e0 lui pour apprendre \u00e0 les aimer. <strong>Comment charmer un homme non voyant ? <\/strong>Gilbert Montagn\u00e9 a, comme tout le monde, des crit\u00e8res bien \u00e0 lui.<\/p>\n<p>Gilbert Montagn\u00e9 : il ne voit pas, mais il touche !<\/p>\n<p>Dans une interview accord\u00e9e \u00e0 <strong>Guillaume Pley<\/strong> sur sa cha\u00eene Legend, <a href=\"https:\/\/vsd.fr\/72290-ca-arrive-gilbert-montagne-se-livre-cash-sur-ses-rapports-avec-emmanuel-macron\/\" target=\"_blank\" rel=\"noopener\">l&rsquo;interpr\u00e8te de Sous le sunlight des tropiques<\/a> r\u00e9v\u00e8le ce qu&rsquo;il aime chez les femmes. Avec beaucoup d&rsquo;humour, Gilbert Montagn\u00e9 explique s&rsquo;int\u00e9resser prioritairement \u00e0 ce que la personne a \u00e0 lui raconter : \u00ab\u00a0Je suis plus attir\u00e9 par le stock que par la vitrine. En g\u00e9n\u00e9ral, c&rsquo;est mon truc. Je suis plus attir\u00e9 par l&rsquo;int\u00e9rieur de l&rsquo;\u00eatre que par ce qu&rsquo;il se passe \u00e0 l&rsquo;ext\u00e9rieur. <strong>Apr\u00e8s, je d\u00e9couvre l&rsquo;enveloppe. Mais d&rsquo;abord, je lis la lettre<\/strong>\u00ab\u00a0.<\/p>\n<p>Gilbert Montagn\u00e9 tient toutefois \u00e0 assurer accorder un int\u00e9r\u00eat certain \u00ab\u00a0\u00e0 l&rsquo;enveloppe\u00a0\u00bb d&rsquo;une femme. S&rsquo;il ne la voit pas, la toucher reste n\u00e9anmoins primordial : <strong>\u00ab\u00a0Faut pas croire, hein. J&rsquo;aime l&rsquo;enveloppe aussi\u00a0\u00bb<\/strong> ironise-t-il. Mari\u00e9 depuis 26 ans \u00e0 Nikole, Gilbert Montagn\u00e9 est le papa de <a href=\"https:\/\/www.public.fr\/faites-ce-que-vous-voulez-le-fils-de-gilbert-montagne-en-couple-et-heureux-avec-un-autre-membre-de-la-famille\" target=\"_blank\" rel=\"noopener\">deux enfants, Eric et Nicolas<\/a>, n\u00e9s d&rsquo;un pr\u00e9c\u00e9dant mariage. <strong>Il fut effectivement mari\u00e9 de 1975 \u00e0 1993 \u00e0 Maureen Byrne<\/strong>. Deux femmes sur qui il a tout mis\u00e9, et qui lui ont offert les plus belles ann\u00e9es de sa vie.<\/p>\n<p>\n          Hits &amp; People en continu\n        <\/p>\n<p>\n          Public Radio\n        <\/p>\n<p>      Mentionn\u00e9s dans cet article<\/p>\n<p>      Sur le m\u00eame sujet<\/p>\n","protected":false},"excerpt":{"rendered":"R\u00e9sum\u00e9 Gilbert Montagn\u00e9, non voyant depuis sa naissance, partage avec humour ce qui l\u2019attire d\u2019abord chez une femme,&hellip;\n","protected":false},"author":2,"featured_media":621223,"comment_status":"","ping_status":"","sticky":false,"template":"","format":"standard","meta":{"footnotes":""},"categories":[1355],"tags":[1376,58,59,1294,1011,27,73093,1930,1361,873],"class_list":{"0":"post-621222","1":"post","2":"type-post","3":"status-publish","4":"format-standard","5":"has-post-thumbnail","7":"category-musique","8":"tag-amour","9":"tag-divertissement","10":"tag-entertainment","11":"tag-femme","12":"tag-fr","13":"tag-france","14":"tag-gilbert-montagne","15":"tag-mariage","16":"tag-music","17":"tag-musique"},"share_on_mastodon":{"url":"https:\/\/pubeurope.com\/@fr\/115779274225259967","error":""},"_links":{"self":[{"href":"https:\/\/www.europesays.com\/fr\/wp-json\/wp\/v2\/posts\/621222","targetHints":{"allow":["GET"]}}],"collection":[{"href":"https:\/\/www.europesays.com\/fr\/wp-json\/wp\/v2\/posts"}],"about":[{"href":"https:\/\/www.europesays.com\/fr\/wp-json\/wp\/v2\/types\/post"}],"author":[{"embeddable":true,"href":"https:\/\/www.europesays.com\/fr\/wp-json\/wp\/v2\/users\/2"}],"replies":[{"embeddable":true,"href":"https:\/\/www.europesays.com\/fr\/wp-json\/wp\/v2\/comments?post=621222"}],"version-history":[{"count":0,"href":"https:\/\/www.europesays.com\/fr\/wp-json\/wp\/v2\/posts\/621222\/revisions"}],"wp:featuredmedia":[{"embeddable":true,"href":"https:\/\/www.europesays.com\/fr\/wp-json\/wp\/v2\/media\/621223"}],"wp:attachment":[{"href":"https:\/\/www.europesays.com\/fr\/wp-json\/wp\/v2\/media?parent=621222"}],"wp:term":[{"taxonomy":"category","embeddable":true,"href":"https:\/\/www.europesays.com\/fr\/wp-json\/wp\/v2\/categories?post=621222"},{"taxonomy":"post_tag","embeddable":true,"href":"https:\/\/www.europesays.com\/fr\/wp-json\/wp\/v2\/tags?post=621222"}],"curies":[{"name":"wp","href":"https:\/\/api.w.org\/{rel}","templated":true}]}}