{"id":621244,"date":"2025-12-25T08:44:13","date_gmt":"2025-12-25T08:44:13","guid":{"rendered":"https:\/\/www.europesays.com\/fr\/621244\/"},"modified":"2025-12-25T08:44:13","modified_gmt":"2025-12-25T08:44:13","slug":"meurthe-et-moselle-le-protoxyde-dazote-interdit-dans-tout-le-departement-en-soiree-et-la-nuit","status":"publish","type":"post","link":"https:\/\/www.europesays.com\/fr\/621244\/","title":{"rendered":"Meurthe-et-Moselle. Le protoxyde d\u2019azote interdit dans tout le d\u00e9partement en soir\u00e9e et la nuit"},"content":{"rendered":"<p>Apr\u00e8s <a href=\"https:\/\/www.estrepublicain.fr\/environnement\/2025\/11\/12\/le-gaz-hilarant-n-a-plus-droit-de-cite-a-vandoeuvre\" target=\"_blank\" rel=\"nofollow noopener\">la municipalit\u00e9 de Vand\u0153uvre-l\u00e8s-Nancy, le 30\u00a0octobre,<\/a> et apr\u00e8s <a href=\"https:\/\/www.estrepublicain.fr\/faits-divers-justice\/2025\/11\/20\/a-nancy-la-vente-de-protoxyde-d-azote-est-interdite-au-public-hors-usage-professionnel\" target=\"_blank\" rel=\"nofollow noopener\">celle de Nancy, le 20\u00a0novembre,<\/a> c\u2019est au tour <a href=\"https:\/\/www.estrepublicain.fr\/economie\/2025\/08\/25\/je-reviens-en-lorraine-avec-beaucoup-de-plaisir-le-nouveau-prefet-de-meurthe-et-moselle-affiche-son-attachement-a-la-region-et-annonce-sa-feuille-de-route\" target=\"_blank\" rel=\"nofollow noopener\">du pr\u00e9fet Yves Seguy<\/a> de prendre, \u00e0 l\u2019\u00e9chelle d\u00e9partementale cette fois, un arr\u00eat\u00e9 r\u00e9glementant la d\u00e9tention et la consommation de protoxyde d\u2019azote \u00e0 des fins r\u00e9cr\u00e9atives.<\/p>\n<p>Ce produit, servant initialement en p\u00e2tisserie ou en m\u00e9decine, mais dont l\u2019usage est d\u00e9tourn\u00e9 pour ses propri\u00e9t\u00e9s euphorisantes, peut avoir de graves cons\u00e9quences sur la sant\u00e9 et se retrouve de plus en plus souvent au c\u0153ur de drames sur la voie publique, notamment lors d\u2019accidents de la route, <a href=\"https:\/\/www.estrepublicain.fr\/faits-divers-justice\/2025\/11\/07\/les-parents-de-mathis-tue-par-un-chauffard-sous-protoxyde-d-azote-reclament-une-loi\" target=\"_blank\" rel=\"nofollow noopener\">lorsqu\u2019il est consomm\u00e9 avant de prendre le volant<\/a>.<\/p>\n<p>  De 18\u00a0h \u00e0 8\u00a0h<\/p>\n<p>Pour ces raisons, et \u00ab\u00a0consid\u00e9rant que cette pratique se d\u00e9veloppe massivement et r\u00e9guli\u00e8rement en divers lieux de l\u2019espace public, multipliant les comportements agit\u00e9s de certaines personnes et les risques associ\u00e9s\u00a0\u00bb, le pr\u00e9fet a donc pris, \u00ab\u00a0sur proposition du sous-pr\u00e9fet, directeur de cabinet\u00a0\u00bb, un arr\u00eat\u00e9 dat\u00e9 du 23\u00a0d\u00e9cembre qui interdit, \u00ab\u00a0sur l\u2019ensemble des voies et espaces publics du d\u00e9partement, la d\u00e9tention, le transport et la consommation de protoxyde d\u2019azote sous quelque forme que ce soit (cartouches, ballons, bouteilles ou tout autre contenant) \u00e0 des fins r\u00e9cr\u00e9atives d\u00e9tourn\u00e9es\u00a0\u00bb.<\/p>\n<p>L\u2019arr\u00eat\u00e9 pr\u00e9cise que cette interdiction vaut uniquement en soir\u00e9e et la nuit, en l\u2019occurrence \u00ab\u00a0dans l\u2019ensemble des communes de Meurthe-et-Moselle tous les jours de la semaine de 18\u00a0h \u00e0 8\u00a0h\u00a0\u00bb, et s\u2019applique pour l\u2019instant jusqu\u2019au 15\u00a0mai 2026.<\/p>\n<p>Les forces de l\u2019ordre, elles, sont donc autoris\u00e9es \u00e0 verbaliser les contrevenants pris sur le fait, et \u00ab\u00a0\u00e0 proc\u00e9der \u00e0 la saisie des contenants de protoxyde d\u2019azote\u00a0\u00bb.<\/p>\n<p>\u00c0 noter que la pr\u00e9fecture de Meurthe-et-Moselle n\u2019est pas la premi\u00e8re \u00e0 opter pour une mesure de ce type\u00a0: ses homologues du Gard, de la Savoie, du Jura, des Pyr\u00e9n\u00e9es-Orientales ou encore du Var et du Vaucluse ont d\u00e9j\u00e0 r\u00e9glement\u00e9 \u00e0 propos du protoxyde d\u2019azote.<\/p>\n","protected":false},"excerpt":{"rendered":"Apr\u00e8s la municipalit\u00e9 de Vand\u0153uvre-l\u00e8s-Nancy, le 30\u00a0octobre, et apr\u00e8s celle de Nancy, le 20\u00a0novembre, c\u2019est au tour du&hellip;\n","protected":false},"author":2,"featured_media":621245,"comment_status":"","ping_status":"","sticky":false,"template":"","format":"standard","meta":{"footnotes":""},"categories":[9635],"tags":[1111,11,271,272,3602,1707,1704,1706,1705,1777,674,274,1011,27,775,3457,1702,1703,12,25],"class_list":{"0":"post-621244","1":"post","2":"type-post","3":"status-publish","4":"format-standard","5":"has-post-thumbnail","7":"category-nancy","8":"tag-actu","9":"tag-actualites","10":"tag-crime","11":"tag-delit-et-contravention","12":"tag-edition-bar-le-duc","13":"tag-edition-luneville","14":"tag-edition-nancy-et-agglomeration","15":"tag-edition-pont-a-mousson","16":"tag-edition-toul","17":"tag-eu","18":"tag-europe","19":"tag-faits-divers-justice","20":"tag-fr","21":"tag-france","22":"tag-grand-est","23":"tag-meurthe-et-moselle","24":"tag-nancy","25":"tag-nancy-ville-54b","26":"tag-news","27":"tag-republique-francaise"},"share_on_mastodon":{"url":"https:\/\/pubeurope.com\/@fr\/115779329280381040","error":""},"_links":{"self":[{"href":"https:\/\/www.europesays.com\/fr\/wp-json\/wp\/v2\/posts\/621244","targetHints":{"allow":["GET"]}}],"collection":[{"href":"https:\/\/www.europesays.com\/fr\/wp-json\/wp\/v2\/posts"}],"about":[{"href":"https:\/\/www.europesays.com\/fr\/wp-json\/wp\/v2\/types\/post"}],"author":[{"embeddable":true,"href":"https:\/\/www.europesays.com\/fr\/wp-json\/wp\/v2\/users\/2"}],"replies":[{"embeddable":true,"href":"https:\/\/www.europesays.com\/fr\/wp-json\/wp\/v2\/comments?post=621244"}],"version-history":[{"count":0,"href":"https:\/\/www.europesays.com\/fr\/wp-json\/wp\/v2\/posts\/621244\/revisions"}],"wp:featuredmedia":[{"embeddable":true,"href":"https:\/\/www.europesays.com\/fr\/wp-json\/wp\/v2\/media\/621245"}],"wp:attachment":[{"href":"https:\/\/www.europesays.com\/fr\/wp-json\/wp\/v2\/media?parent=621244"}],"wp:term":[{"taxonomy":"category","embeddable":true,"href":"https:\/\/www.europesays.com\/fr\/wp-json\/wp\/v2\/categories?post=621244"},{"taxonomy":"post_tag","embeddable":true,"href":"https:\/\/www.europesays.com\/fr\/wp-json\/wp\/v2\/tags?post=621244"}],"curies":[{"name":"wp","href":"https:\/\/api.w.org\/{rel}","templated":true}]}}