{"id":621250,"date":"2025-12-25T08:49:16","date_gmt":"2025-12-25T08:49:16","guid":{"rendered":"https:\/\/www.europesays.com\/fr\/621250\/"},"modified":"2025-12-25T08:49:16","modified_gmt":"2025-12-25T08:49:16","slug":"sortir-a-montpellier-jeunes-artistes-amour-reine-des-neiges-des-idees-pour-ce-vendredi-26-decembre","status":"publish","type":"post","link":"https:\/\/www.europesays.com\/fr\/621250\/","title":{"rendered":"Sortir \u00e0 Montpellier\u00a0: Jeunes Artistes, amour, Reine des Neiges\u2026 des id\u00e9es pour ce vendredi 26\u00a0d\u00e9cembre"},"content":{"rendered":"<p>\n                                                                Artists Run Sales \u00e0 Saint-Ravy, palais de justice, projection du matin au cin\u00e9ma Diagonal, La reine des neiges et le y\u00e9ti \u00e0 l\u2019Od\u00e9on, march\u00e9 gourmand \u00e0 Assas, cabaret philosophique au Carr\u00e9 Rondelet ou vin chaud sur l\u2019arc de triomphe.\n                            <\/p>\n<p>D\u00e9couvrez notre s\u00e9lection de sorties pour ce vendredi 26\u00a0d\u00e9cembre du c\u00f4t\u00e9 de <a href=\"https:\/\/www.midilibre.fr\/herault\/montpellier\/\" target=\"_blank\" rel=\"noopener\">Montpellier<\/a> et faites le plein d\u2019id\u00e9es avec <a href=\"https:\/\/www.midilibre.fr\/agenda\/?path=&amp;q=&amp;where=herault%3Amontpellier&amp;insee=34172&amp;from=2025-12-26&amp;to=2025-12-26&amp;agendapg=11#2648486\" target=\"_blank\" rel=\"noopener\">notre agenda en ligne<\/a>.<\/p>\n<p>Artists Run Sales<\/p>\n<p><strong>Exposition.<\/strong> Une s\u00e9lection d\u2019\u0153uvres r\u00e9alis\u00e9es par les artistes du collectif Jeunes Artistes en \u00c9tat des Lieux. Ce parcours invite les visiteurs \u00e0 s\u2019immerger dans un espace de cr\u00e9ation, mais aussi dans une mise en sc\u00e8ne fictive de la vente artistique. Dipl\u00f4m\u00e9es du MO.CO. Esba et de l\u2019ENSAV La Cambre, les quatre fondatrices du collectif Jeunes Artistes en \u00c9tat des Lieux d\u00e9veloppent chacune une pratique artistique singuli\u00e8re\u00a0: Clothilde Venot, Anouk Girard, Daphn\u00e9 Royant et Anouk Glorieux.<\/p>\n<p>&gt;\u00a0Du mardi au\u00a0dimanche jusqu\u2019au\u00a04\u00a0janvier de <strong>10\u00a0h \u00e0 13\u00a0heures<\/strong> et de <strong>14\u00a0h \u00e0 18\u00a0heures<\/strong> \u00e0 l\u2019espace Saint-Ravy, place Saint-Ravy \u00e0 <a href=\"https:\/\/www.midilibre.fr\/herault\/montpellier\/\" target=\"_blank\" rel=\"noopener\">Montpellier<\/a>. Gratuit, entr\u00e9e libre.<\/p>\n<p>Le palais de justice<\/p>\n<p><strong>Visite guid\u00e9e.<\/strong>\u00a0La cour d\u2019appel de Montpellier si\u00e8ge dans un palais de justice dont la construction s\u2019est achev\u00e9e en 1853. D\u00e9couvrez ces lieux \u00e0 forte valeur symbolique et l\u2019histoire du Code Civil, cr\u00e9\u00e9 par un Montpelli\u00e9rain, en parcourant les salles d\u2019audience. Cette visite vous emm\u00e8ne \u00e0 la d\u00e9couverte de ce monument b\u00e2ti au XIXe\u00a0si\u00e8cle.<\/p>\n<p>&gt;\u00a0Ce vendredi 26\u00a0d\u00e9cembre de <strong>10\u00a0h\u00a030 \u00e0 12\u00a0heures<\/strong>, au d\u00e9part de l\u2019arc de triomphe, rue Foch \u00e0 <a href=\"https:\/\/www.midilibre.fr\/herault\/montpellier\/\" target=\"_blank\" rel=\"noopener\">Montpellier<\/a>. Plein tarif 12\u00a0\u20ac, r\u00e9duit 10\u00a0\u20ac <a href=\"https:\/\/www.montpellier-tourisme.fr\/agenda\/tout-l-agenda\/le-palais-de-justice-montpellier-fr-5976429\/\" target=\"_blank\" rel=\"noopener\">sur r\u00e9servation obligatoire<\/a>. Contact au\u00a004\u00a067\u00a060\u00a060\u00a060.<\/p>\n<p>L\u2019Amour qu\u2019il nous reste<\/p>\n<p><strong>Cin\u00e9ma.\u00a0<\/strong>Drame (1h49) de Hlynur P\u00e1lmason, avec Saga Gar\u00f0arsd\u00f3ttir, Sverrir Gudnason, \u00cdda Mekk\u00edn Hlynsd\u00f3ttir.\u00a0La trajectoire intime d\u2019une famille dont les parents se s\u00e9parent. En l\u2019espace d\u2019une ann\u00e9e, entre l\u00e9g\u00e8ret\u00e9 de l\u2019instant et profondeur des sentiments, se tisse un portrait doux-amer de l\u2019amour, travers\u00e9 de fragments tendres, joyeux, parfois m\u00e9lancoliques.<\/p>\n<p>&gt;\u00a0Ce vendredi 26\u00a0d\u00e9cembre \u00e0 <strong>11\u00a0heures<\/strong> au<a href=\"https:\/\/www.cinediagonal.com\/\" target=\"_blank\" rel=\"noopener\"> cin\u00e9ma Diagonal<\/a>, 5 rue de Verdun \u00e0 <a href=\"https:\/\/www.midilibre.fr\/herault\/montpellier\/\" target=\"_blank\" rel=\"noopener\">Montpellier<\/a>. Tarif s\u00e9ance du matin 5\u00a0\u20ac. Contact au\u00a004\u00a067\u00a058\u00a058\u00a010.<\/p>\n<p>La reine des neiges et le y\u00e9ti<\/p>\n<p><strong>Spectacle jeune public.<\/strong> \u00c0 partir de 3 ans.\u00a0Sur les conseils de son ami, La reine des neiges part \u00e0 la recherche du dernier Edelweiss pour r\u00e9aliser un philtre d\u2019amour. Celui-ci se cache au c\u0153ur de la montagne des \u00c2mes oubli\u00e9es\u2026<\/p>\n<p>&gt;\u00a0Ce vendredi 26\u00a0d\u00e9cembre de <strong>15\u00a0h \u00e0 16\u00a0heures <\/strong>au <a href=\"https:\/\/www.odeonmontpellier.com\/\" target=\"_blank\" rel=\"noopener\">th\u00e9\u00e2tre Od\u00e9on Montpellier<\/a>, Zac le Fenouillet \u00e0 <a href=\"https:\/\/www.midilibre.fr\/herault\/perols\/\" target=\"_blank\" rel=\"noopener\">P\u00e9rols<\/a>. Plein tarif 13\u00a0\u20ac. Contact au\u00a009\u00a086\u00a068\u00a013\u00a013.<\/p>\n<p>March\u00e9 gourmand<\/p>\n<p>        <img decoding=\"async\" class=\"std-img__img responsive-img\" src=\"https:\/\/www.europesays.com\/fr\/wp-content\/uploads\/2025\/12\/1766652556_659_image.jpg\" alt=\"Un petit march\u00e9 convivial et gourmand.\"\/><\/p>\n<p>                Un petit march\u00e9 convivial et gourmand.<br \/>\n                                    Midi Libre<\/p>\n<p><strong>March\u00e9.<\/strong> Une dizaine d\u2019\u00e9tals\u00a0pour se restaurer sur place, prendre un verre ou pour faire ses emplettes.<\/p>\n<p>&gt;\u00a0Tous les vendredis de <strong>18\u00a0h\u00a030 \u00e0 21\u00a0heures\u00a0<\/strong>sur l\u2019esplanade autour de la fontaine et face \u00e0 la brasserie l\u2019Inattendue, \u00e0 <a href=\"https:\/\/www.midilibre.fr\/herault\/assas\/\" target=\"_blank\" rel=\"noopener\">Assas<\/a>.<\/p>\n<p>\u00c0 quoi \u00e7a sert l\u2019amour\u00a0?<\/p>\n<p><strong>Spectacle.<\/strong> Un voyage dans l\u2019univers de l\u2019amour avec ses diff\u00e9rentes phases, ses conceptions diverses\u00a0: de l\u2019admiration \u00e0 la joie de la fusion pour arriver quelquefois \u00e0 la rupture, la s\u00e9paration. De la r\u00e9flexion philosophique et un d\u00e9fil\u00e9 de textes litt\u00e9raires accompagn\u00e9s de chansons, danses, et de folies-cabaret\u00a0!<\/p>\n<p>&gt;\u00a0Ce vendredi\u00a026 et samedi 27\u00a0d\u00e9cembre \u00e0 <strong>19\u00a0heures<\/strong>, dimanche 28\u00a0d\u00e9cembre \u00e0 16\u00a0heures, au <a href=\"https:\/\/carrerondelet.fr\/\" target=\"_blank\" rel=\"noopener\">th\u00e9\u00e2tre Carr\u00e9 Rondelet<\/a>, 14 rue de Belfort \u00e0 <a href=\"https:\/\/www.midilibre.fr\/herault\/montpellier\/\" target=\"_blank\" rel=\"noopener\">Montpellier<\/a>. Tarif unique 16,45\u00a0\u20ac. Contact au\u00a006\u00a067\u00a097\u00a067\u00a032. <\/p>\n<p>No\u00ebl au sommet\u00a0: vin chaud sur l\u2019arc de triomphe<\/p>\n<p><strong>Patrimoine. <\/strong>Au sommet de l\u2019arc de triomphe, votre guide vous racontera Montpellier tandis que vous pourrez savourer un verre de vin chaud.<\/p>\n<p>&gt;\u00a0Ce vendredi 26\u00a0d\u00e9cembre de <strong>21\u00a0heures \u00e0 21\u00a0h\u00a045<\/strong>, \u00e0 l\u2019arc de triomphe, rue Foch \u00e0 <a href=\"https:\/\/www.midilibre.fr\/herault\/montpellier\/\" target=\"_blank\" rel=\"noopener\">Montpellier<\/a>. Tarif unique 12\u00a0\u20ac, <a href=\"https:\/\/www.montpellier-tourisme.fr\/agenda\/tout-l-agenda\/noel-au-sommet-vin-chaud-sur-larc-de-triomphe-montpellier-fr-5998700\/\" target=\"_blank\" rel=\"noopener\">sur r\u00e9servation<\/a>. Contact au\u00a004\u00a067\u00a060\u00a060\u00a060.<\/p>\n","protected":false},"excerpt":{"rendered":"Artists Run Sales \u00e0 Saint-Ravy, palais de justice, projection du matin au cin\u00e9ma Diagonal, La reine des neiges&hellip;\n","protected":false},"author":2,"featured_media":621251,"comment_status":"","ping_status":"","sticky":false,"template":"","format":"standard","meta":{"footnotes":""},"categories":[9599],"tags":[1111,11,872,1777,674,1011,27,7089,2208,12,2680,25],"class_list":{"0":"post-621250","1":"post","2":"type-post","3":"status-publish","4":"format-standard","5":"has-post-thumbnail","7":"category-montpellier","8":"tag-actu","9":"tag-actualites","10":"tag-culture-et-loisirs","11":"tag-eu","12":"tag-europe","13":"tag-fr","14":"tag-france","15":"tag-herault","16":"tag-montpellier","17":"tag-news","18":"tag-occitanie","19":"tag-republique-francaise"},"share_on_mastodon":{"url":"https:\/\/pubeurope.com\/@fr\/115779349881845588","error":""},"_links":{"self":[{"href":"https:\/\/www.europesays.com\/fr\/wp-json\/wp\/v2\/posts\/621250","targetHints":{"allow":["GET"]}}],"collection":[{"href":"https:\/\/www.europesays.com\/fr\/wp-json\/wp\/v2\/posts"}],"about":[{"href":"https:\/\/www.europesays.com\/fr\/wp-json\/wp\/v2\/types\/post"}],"author":[{"embeddable":true,"href":"https:\/\/www.europesays.com\/fr\/wp-json\/wp\/v2\/users\/2"}],"replies":[{"embeddable":true,"href":"https:\/\/www.europesays.com\/fr\/wp-json\/wp\/v2\/comments?post=621250"}],"version-history":[{"count":0,"href":"https:\/\/www.europesays.com\/fr\/wp-json\/wp\/v2\/posts\/621250\/revisions"}],"wp:featuredmedia":[{"embeddable":true,"href":"https:\/\/www.europesays.com\/fr\/wp-json\/wp\/v2\/media\/621251"}],"wp:attachment":[{"href":"https:\/\/www.europesays.com\/fr\/wp-json\/wp\/v2\/media?parent=621250"}],"wp:term":[{"taxonomy":"category","embeddable":true,"href":"https:\/\/www.europesays.com\/fr\/wp-json\/wp\/v2\/categories?post=621250"},{"taxonomy":"post_tag","embeddable":true,"href":"https:\/\/www.europesays.com\/fr\/wp-json\/wp\/v2\/tags?post=621250"}],"curies":[{"name":"wp","href":"https:\/\/api.w.org\/{rel}","templated":true}]}}