{"id":621254,"date":"2025-12-25T08:51:30","date_gmt":"2025-12-25T08:51:30","guid":{"rendered":"https:\/\/www.europesays.com\/fr\/621254\/"},"modified":"2025-12-25T08:51:30","modified_gmt":"2025-12-25T08:51:30","slug":"au-grand-quevilly-du-kerosene-deverse-sur-la-chaussee","status":"publish","type":"post","link":"https:\/\/www.europesays.com\/fr\/621254\/","title":{"rendered":"Au Grand-Quevilly, du k\u00e9ros\u00e8ne d\u00e9vers\u00e9 sur la chauss\u00e9e"},"content":{"rendered":"\n<p style=\"text-align: left;\" align=\"justify\">Les pompiers de la Seine-Maritime ont \u00e9t\u00e9 mobilis\u00e9s ce vendredi 19 d\u00e9cembre au Grand-Quevilly. <strong>Du k\u00e9ros\u00e8ne s&rsquo;est d\u00e9vers\u00e9 sur la chauss\u00e9e, aux alentours de 7h45, sur le boulevard Stalingrad<\/strong>. La fuite a \u00e9t\u00e9 caus\u00e9e par une vanne laiss\u00e9e partiellement ouverte par le chauffeur du camion transportant cette mati\u00e8re dangereuse.<\/p>\n<p><strong>Les \u00e9gouts prot\u00e9g\u00e9s<\/strong><\/p>\n<p style=\"text-align: left;\" align=\"justify\">Le conducteur s&rsquo;est lui-m\u00eame charg\u00e9 de stopper le d\u00e9versement, qui a atteint un caniveau. <strong>A 10h, les \u00e9gouts situ\u00e9s \u00e0 proximit\u00e9 avaient toutefois \u00e9t\u00e9 prot\u00e9g\u00e9s et \u00ab\u00a0de l\u2019absorbant avait<\/strong><strong> \u00e9t\u00e9 d\u00e9pos\u00e9 sur le carburant r\u00e9pandu\u00a0\u00bb<\/strong> nous faisaient savoir les pompiers. Les services de voirie s&rsquo;\u00e9taient quant \u00e0 eux charg\u00e9s du nettoyage de la chauss\u00e9e.<\/p>\n","protected":false},"excerpt":{"rendered":"Les pompiers de la Seine-Maritime ont \u00e9t\u00e9 mobilis\u00e9s ce vendredi 19 d\u00e9cembre au Grand-Quevilly. Du k\u00e9ros\u00e8ne s&rsquo;est d\u00e9vers\u00e9&hellip;\n","protected":false},"author":2,"featured_media":621255,"comment_status":"","ping_status":"","sticky":false,"template":"","format":"standard","meta":{"footnotes":""},"categories":[9587],"tags":[1111,11,1777,674,1011,27,73102,73098,73099,73097,73100,22461,12,5161,73101,25,9590],"class_list":{"0":"post-621254","1":"post","2":"type-post","3":"status-publish","4":"format-standard","5":"has-post-thumbnail","7":"category-rouen","8":"tag-actu","9":"tag-actualites","10":"tag-eu","11":"tag-europe","12":"tag-fr","13":"tag-france","14":"tag-fuite-carburant","15":"tag-fuite-carburant-grand-quevilly","16":"tag-fuite-grand-quevilly","17":"tag-fuite-kerosene","18":"tag-grand-quevilly","19":"tag-infos-rouen","20":"tag-news","21":"tag-normandie","22":"tag-pompiers-grand-quevilly","23":"tag-republique-francaise","24":"tag-rouen"},"share_on_mastodon":{"url":"https:\/\/pubeurope.com\/@fr\/115779356889443404","error":""},"_links":{"self":[{"href":"https:\/\/www.europesays.com\/fr\/wp-json\/wp\/v2\/posts\/621254","targetHints":{"allow":["GET"]}}],"collection":[{"href":"https:\/\/www.europesays.com\/fr\/wp-json\/wp\/v2\/posts"}],"about":[{"href":"https:\/\/www.europesays.com\/fr\/wp-json\/wp\/v2\/types\/post"}],"author":[{"embeddable":true,"href":"https:\/\/www.europesays.com\/fr\/wp-json\/wp\/v2\/users\/2"}],"replies":[{"embeddable":true,"href":"https:\/\/www.europesays.com\/fr\/wp-json\/wp\/v2\/comments?post=621254"}],"version-history":[{"count":0,"href":"https:\/\/www.europesays.com\/fr\/wp-json\/wp\/v2\/posts\/621254\/revisions"}],"wp:featuredmedia":[{"embeddable":true,"href":"https:\/\/www.europesays.com\/fr\/wp-json\/wp\/v2\/media\/621255"}],"wp:attachment":[{"href":"https:\/\/www.europesays.com\/fr\/wp-json\/wp\/v2\/media?parent=621254"}],"wp:term":[{"taxonomy":"category","embeddable":true,"href":"https:\/\/www.europesays.com\/fr\/wp-json\/wp\/v2\/categories?post=621254"},{"taxonomy":"post_tag","embeddable":true,"href":"https:\/\/www.europesays.com\/fr\/wp-json\/wp\/v2\/tags?post=621254"}],"curies":[{"name":"wp","href":"https:\/\/api.w.org\/{rel}","templated":true}]}}