{"id":621269,"date":"2025-12-25T09:04:23","date_gmt":"2025-12-25T09:04:23","guid":{"rendered":"https:\/\/www.europesays.com\/fr\/621269\/"},"modified":"2025-12-25T09:04:23","modified_gmt":"2025-12-25T09:04:23","slug":"4-evenements-a-ne-pas-manquer-les-vendredi-26-samedi-27-et-dimanche-28-decembre-2025-dans-les-alpes-maritimes","status":"publish","type":"post","link":"https:\/\/www.europesays.com\/fr\/621269\/","title":{"rendered":"4 \u00e9v\u00e9nements \u00e0 ne pas manquer les vendredi 26, samedi 27 et dimanche 28 d\u00e9cembre 2025 dans les Alpes-Maritimes"},"content":{"rendered":"<p>Pour ce dernier week-end de l&rsquo;ann\u00e9e 2025, il y a encore plein d&rsquo;activit\u00e9s familiales \u00e0 faire dans le d\u00e9partement des Alpes-Maritimes. Ici Azur vous a concoct\u00e9s 4 id\u00e9es de sorties. Par avance, on vous souhaite une excellente ann\u00e9e 2026.<\/p>\n<p><strong>Gagnez un week-end au ski avec ici Azur \u00e0 Isola 2000 !<\/strong><\/p>\n<p><strong>Du\u00a029 d\u00e9cembre au 4 janvier, votre radio Ici Azur vous offre un week-end au ski dans l&rsquo;une des stations les plus pris\u00e9es de France<\/strong>. Situ\u00e9e \u00e0 seulement une heure et demi de Nice, elle est la plus haute du d\u00e9partement des Alpes-Maritimes\u00a0: <strong>Isola 2000<\/strong>.<\/p>\n<p>Isola 2000, c&rsquo;est\u00a0<strong>45 pistes pour tous les niveaux<\/strong>\u00a0: 7 pistes vertes, 21 pistes bleues, 11 pistes rouges et 3 pistes noires. Id\u00e9al pour tous les niveaux. Ce sont au total quasiment <strong>120 kilom\u00e8tres de zones skiables<\/strong>, et o\u00f9 l&rsquo;on peut \u00e9galement faire de la luge ou du snowboard.<\/p>\n<p>Retrouvez aussi le\u00a0<strong>Snowpark, le Family Park, la luge s\u00e9curis\u00e9e ou la marche nordique<\/strong>.<\/p>\n<p>Isola 2000 est labellis\u00e9e \u201cFamille Plus\u201d\u00a0:\u00a0 <strong>l\u2019accueil et les services sont pens\u00e9s pour les parents et les enfants<\/strong>.<\/p>\n<p>Ici Azur vous y invite. <strong>Participez \u00e0 nos jeux \u00e0 l&rsquo;antenne toute la semaine, du 29 d\u00e9cembre au 4 janvier.<\/strong><\/p>\n<p>Dans le lot\u00a0: <strong>deux jours de location de mat\u00e9riel\u00a0de ski<\/strong> pour deux personnes \/ une <strong>nuit\u00e9e + deux entr\u00e9es\u00a0spa<\/strong> dans le Chalet Marano \/ <strong>quatre forfaits ski journ\u00e9e<\/strong> \/ <strong>un repas au restaurant La Gu\u00e9rite<\/strong>.<\/p>\n<p><a target=\"_blank\" rel=\"nofollow noopener noreferrer\" class=\"IciLink ici-link IciArticleLink g-ici-body-regular-1 underline brand svelte-1chfe2s\" href=\"https:\/\/isola2000.com\/\">Cliquez ici pour vous rendre sur le site d&rsquo;Isola 2000.<\/a><\/p>\n<p> <img decoding=\"async\" src=\"https:\/\/www.europesays.com\/fr\/wp-content\/uploads\/2025\/12\/1766653458_229_1280\" alt=\"illustration agrandir l'image\" style=\"--_image-preview:url('data:image\/jpeg;base64,\/9j\/2wBDACgcHiMeGSgjISMtKygwPGRBPDc3PHtYXUlkkYCZlo+AjIqgtObDoKrarYqMyP\/L2u71\/\/\/\/m8H\/\/\/\/6\/+b9\/\/j\/2wBDASstLTw1PHZBQXb4pYyl+Pj4+Pj4+Pj4+Pj4+Pj4+Pj4+Pj4+Pj4+Pj4+Pj4+Pj4+Pj4+Pj4+Pj4+Pj4+Pj4+Pj\/wAARCAAXACoDASIAAhEBAxEB\/8QAGAAAAwEBAAAAAAAAAAAAAAAAAAIDAQT\/xAAYEAEBAQEBAAAAAAAAAAAAAAAAARECEv\/EABcBAQEBAQAAAAAAAAAAAAAAAAEAAwL\/xAAWEQEBAQAAAAAAAAAAAAAAAAAAERL\/2gAMAwEAAhEDEQA\/AJ+R5UwY00xyleS3la8lvKpyjYzFbC4KY6Y3AHDQYWwBAljMAKf\/2Q==');\" loading=\"lazy\" fetchpriority=\"low\" class=\"svelte-1cksh76 rounded\" onload=\"this.__e=event\" onerror=\"this.__e=event\"\/> Isola 2000, une station conviviale pour toute la famille. \u00a9 Aucun(e) &#8211; DR  <strong>R\u00eaves de Cirque \u00e0 Nice, jusqu&rsquo;au 11 janvier 2026 (MIN)<\/strong><\/p>\n<p>Vous aimez le cirque\u00a0? Rendez-vous jusqu&rsquo;<strong>au 11 janvier 2026<\/strong>, au <strong>MIN de Nice<\/strong>, pour un <strong>spectacle de cirque unique<\/strong> en France&#8230; et il est dans les Alpes-Maritimes\u00a0!<\/p>\n<p>Des <strong>artistes internationaux<\/strong>, des jongleurs, des trap\u00e9zistes et des voltigeurs vous proposent <strong>un spectacle chaleureux<\/strong> pour la famille. <strong>L&rsquo;exclusivit\u00e9 mondiale\u00a0:\u00a0un \u00e9l\u00e9phant animatronique grandeur nature<\/strong>. En d&rsquo;autres mots, il est anim\u00e9 comme un robot et semble plus vrai que nature, mais ce n&rsquo;est pas un vrai animal.<\/p>\n<p><strong>Enfants comme parents<\/strong> sont scotch\u00e9s devant ce spectacle. <strong>Profitez-en jusqu&rsquo;au 11 janvier 2026 \u00e0 Nice, au MIN.<\/strong><\/p>\n<p><a target=\"_blank\" rel=\"nofollow noopener noreferrer\" class=\"IciLink ici-link IciArticleLink g-ici-body-regular-1 underline brand svelte-1chfe2s\" href=\"https:\/\/www.reves-de-cirque.com\/le-spectacle\">Cliquez ici pour r\u00e9server vos billets pour R\u00eaves de Cirque.<\/a><\/p>\n<p> <img decoding=\"async\" src=\"https:\/\/www.europesays.com\/fr\/wp-content\/uploads\/2025\/12\/1766653460_918_1280\" alt=\"illustration agrandir l'image\" style=\"--_image-preview:url('data:image\/jpeg;base64,\/9j\/2wBDACgcHiMeGSgjISMtKygwPGRBPDc3PHtYXUlkkYCZlo+AjIqgtObDoKrarYqMyP\/L2u71\/\/\/\/m8H\/\/\/\/6\/+b9\/\/j\/2wBDASstLTw1PHZBQXb4pYyl+Pj4+Pj4+Pj4+Pj4+Pj4+Pj4+Pj4+Pj4+Pj4+Pj4+Pj4+Pj4+Pj4+Pj4+Pj4+Pj4+Pj\/wAARCAAXACoDASIAAhEBAxEB\/8QAGAABAAMBAAAAAAAAAAAAAAAAAAECAwT\/xAAXEAEBAQEAAAAAAAAAAAAAAAAAEQEC\/8QAFwEBAQEBAAAAAAAAAAAAAAAAAAECA\/\/EABURAQEAAAAAAAAAAAAAAAAAAAAR\/9oADAMBAAIRAxEAPwDj5aYzxbNHermoqKFNQUotVKAwUoAUoIr\/2Q==');\" loading=\"lazy\" fetchpriority=\"low\" class=\"svelte-1cksh76 rounded\" onload=\"this.__e=event\" onerror=\"this.__e=event\"\/> Cet \u00e9l\u00e9phant animatronique est plus vrai que nature ! \u00a9 Aucun(e) &#8211; DR  <strong>Le March\u00e9 de No\u00ebl de Nice, jusqu&rsquo;au 4 janvier 2026<\/strong><\/p>\n<p>Ce n&rsquo;est pas parce que No\u00ebl est pass\u00e9 qu&rsquo;on ne peut pas jouer les prolongations en se rendant dans un march\u00e9 exceptionnel. Le <strong>March\u00e9 de No\u00ebl de Nice est accessible jusqu&rsquo;au 4 janvier 2026, au Jardin Albert Premier<\/strong>.<\/p>\n<p>Les <strong>incontournables stands de nourriture<\/strong> (churros, sandwich raclette, vin chaud, chocolat\u00a0; et vous adorez\u00a0!) sont \u00e0 retrouver. N&rsquo;oublions pas non plus <strong>les stands artisanaux (bijoux, c\u00e9ramique, bougies&#8230;)<\/strong> pour faire vos derniers cadeaux de No\u00ebl.<\/p>\n<p>La <strong>grande roue<\/strong> offre une vue \u00e9galement imprenable sur la ville de Nice et notamment sur sa c\u00e9l\u00e8bre <strong>Promenade des Anglais, la plus belle avenue du monde.<\/strong><\/p>\n<p>Les <strong>cr\u00e8ches traditionnelles<\/strong> sont aussi exceptionnelles.<\/p>\n<p>Pour les pichoui, les man\u00e8ges, les d\u00e9fil\u00e9s musicaux et autres shows seront l\u00e0 pour les \u00e9merveiller.<\/p>\n<p><a class=\"IciLink ici-link IciArticleLink g-ici-body-regular-1 underline brand svelte-1chfe2s\" href=\"https:\/\/www.francebleu.fr\/evenements\/le-marche-de-noel-de-nice-ouvre-ce-dimanche-30-novembre-2025-8836939\" target=\"_blank\" rel=\"noopener\">Cliquez ici pour plus d&rsquo;informations.<\/a><\/p>\n<p> <img decoding=\"async\" src=\"https:\/\/www.europesays.com\/fr\/wp-content\/uploads\/2025\/12\/1766653462_332_1280\" alt=\"illustration agrandir l'image\" style=\"--_image-preview:url('data:image\/jpeg;base64,\/9j\/2wBDACgcHiMeGSgjISMtKygwPGRBPDc3PHtYXUlkkYCZlo+AjIqgtObDoKrarYqMyP\/L2u71\/\/\/\/m8H\/\/\/\/6\/+b9\/\/j\/2wBDASstLTw1PHZBQXb4pYyl+Pj4+Pj4+Pj4+Pj4+Pj4+Pj4+Pj4+Pj4+Pj4+Pj4+Pj4+Pj4+Pj4+Pj4+Pj4+Pj4+Pj\/wAARCAAXACoDASIAAhEBAxEB\/8QAFwABAQEBAAAAAAAAAAAAAAAAAAIBA\/\/EABcQAQEBAQAAAAAAAAAAAAAAAAABERL\/xAAWAQEBAQAAAAAAAAAAAAAAAAABAgP\/xAAXEQEBAQEAAAAAAAAAAAAAAAAAARIC\/9oADAMBAAIRAxEAPwDBOnTXTHKrUWlqLRaZyWp1lqdRa0kdbWdAmGnSbQUE2p0AX\/\/Z');\" loading=\"lazy\" fetchpriority=\"low\" class=\"svelte-1cksh76 rounded\" onload=\"this.__e=event\" onerror=\"this.__e=event\"\/> Le March\u00e9 de No\u00ebl de Nice et sa fameuse grande roue. \u00a9 Aucun(e) &#8211; DR  <strong>Luminiscence \u00e0 la Basilique Notre-Dame de l&rsquo;Assomption \u00e0 Nice, jusqu&rsquo;en mars 2026<\/strong><\/p>\n<p><strong>Jusqu&rsquo;au 28 mars 2026<\/strong>, profitez de <strong>Luminiscence<\/strong> 2.0 \u00e0\u00a0la <strong>Basilique Notre-Dame de l&rsquo;Assomption \u00e0 Nice<\/strong> (Avenue Jean M\u00e9decin).<\/p>\n<p>Sur la Basilique, des <strong>images de toutes les couleurs<\/strong> sont projet\u00e9es et <strong>racontent l&rsquo;histoire de Nice<\/strong>, du Comt\u00e9 de Savoie \u00e0 la Lib\u00e9ration en ao\u00fbt 1944 en passant par l&rsquo;annexion en 1860, (r\u00e9)<strong>apprenez l&rsquo;histoire ni\u00e7oise de fa\u00e7on ludique et spectaculaire<\/strong>. Une musique envo\u00fbtante accompagne le tout. <strong>L&rsquo;Odyss\u00e9e C\u00e9leste<\/strong> est \u00e0 couper le souffle avec un <strong>vid\u00e9o-mapping \u00e0 360 degr\u00e9s<\/strong>.<\/p>\n<p>\u00ab\u00a0Un voyage sensoriel unique, o\u00f9 la lumi\u00e8re et la musique r\u00e9v\u00e8lent les myst\u00e8res qui font vibrer l\u2019\u00e2me de la basilique\u00a0\u00bb,\u00a0<a target=\"_blank\" rel=\"nofollow noopener noreferrer\" class=\"IciLink ici-link IciArticleLink g-ici-body-regular-1 underline brand svelte-1chfe2s\" href=\"https:\/\/luminiscence.com\/nice\/#faqs\">raconte le site de Luminiscence<\/a>.<\/p>\n<p>Les places sont disponibles \u00e0 partir de <strong>12 euros<\/strong>.<\/p>\n<p> <img decoding=\"async\" src=\"https:\/\/www.europesays.com\/fr\/wp-content\/uploads\/2025\/12\/1766653463_144_1280\" alt=\"illustration agrandir l'image\" style=\"--_image-preview:url('data:image\/jpeg;base64,\/9j\/2wBDACgcHiMeGSgjISMtKygwPGRBPDc3PHtYXUlkkYCZlo+AjIqgtObDoKrarYqMyP\/L2u71\/\/\/\/m8H\/\/\/\/6\/+b9\/\/j\/2wBDASstLTw1PHZBQXb4pYyl+Pj4+Pj4+Pj4+Pj4+Pj4+Pj4+Pj4+Pj4+Pj4+Pj4+Pj4+Pj4+Pj4+Pj4+Pj4+Pj4+Pj\/wAARCAAcACoDASIAAhEBAxEB\/8QAGAAAAwEBAAAAAAAAAAAAAAAAAAECAwT\/xAAXEAEBAQEAAAAAAAAAAAAAAAAAERIB\/8QAFwEAAwEAAAAAAAAAAAAAAAAAAAECA\/\/EABYRAQEBAAAAAAAAAAAAAAAAAAARAf\/aAAwDAQACEQMRAD8A5uK51NFY7jbNXU9ToUodHSh0VUJGi0ilVRFaaGmdFEOtdCs6KIK\/\/9k=');\" loading=\"lazy\" fetchpriority=\"low\" class=\"svelte-1cksh76 rounded\" onload=\"this.__e=event\" onerror=\"this.__e=event\"\/> Vous aimez ? On adore ! \u00a9 Aucun(e) &#8211; DR  <\/p>\n<p><strong>Vous avez d&rsquo;autres id\u00e9es de sorties\u00a0?<\/strong> Dites-nous ce que vous avez pr\u00e9vu de faire <strong>en nous laissant un message<\/strong> vocal ou \u00e9crit, ou m\u00eame une photo, sur <strong>WhatsApp au 04 93 82 03 04<\/strong>.<\/p>\n<p>Avec quelques jours d&rsquo;avance\u00a0: <strong>excellente ann\u00e9e 2026 de la part d&rsquo;Ici Azur\u00a0!<\/strong><\/p>\n","protected":false},"excerpt":{"rendered":"Pour ce dernier week-end de l&rsquo;ann\u00e9e 2025, il y a encore plein d&rsquo;activit\u00e9s familiales \u00e0 faire dans le&hellip;\n","protected":false},"author":2,"featured_media":621270,"comment_status":"","ping_status":"","sticky":false,"template":"","format":"standard","meta":{"footnotes":""},"categories":[2819],"tags":[1111,11,1777,674,1011,27,12,2401,882,25],"class_list":{"0":"post-621269","1":"post","2":"type-post","3":"status-publish","4":"format-standard","5":"has-post-thumbnail","7":"category-nice","8":"tag-actu","9":"tag-actualites","10":"tag-eu","11":"tag-europe","12":"tag-fr","13":"tag-france","14":"tag-news","15":"tag-nice","16":"tag-provence-alpes-cote-dazur","17":"tag-republique-francaise"},"share_on_mastodon":{"url":"https:\/\/pubeurope.com\/@fr\/115779409079141058","error":""},"_links":{"self":[{"href":"https:\/\/www.europesays.com\/fr\/wp-json\/wp\/v2\/posts\/621269","targetHints":{"allow":["GET"]}}],"collection":[{"href":"https:\/\/www.europesays.com\/fr\/wp-json\/wp\/v2\/posts"}],"about":[{"href":"https:\/\/www.europesays.com\/fr\/wp-json\/wp\/v2\/types\/post"}],"author":[{"embeddable":true,"href":"https:\/\/www.europesays.com\/fr\/wp-json\/wp\/v2\/users\/2"}],"replies":[{"embeddable":true,"href":"https:\/\/www.europesays.com\/fr\/wp-json\/wp\/v2\/comments?post=621269"}],"version-history":[{"count":0,"href":"https:\/\/www.europesays.com\/fr\/wp-json\/wp\/v2\/posts\/621269\/revisions"}],"wp:featuredmedia":[{"embeddable":true,"href":"https:\/\/www.europesays.com\/fr\/wp-json\/wp\/v2\/media\/621270"}],"wp:attachment":[{"href":"https:\/\/www.europesays.com\/fr\/wp-json\/wp\/v2\/media?parent=621269"}],"wp:term":[{"taxonomy":"category","embeddable":true,"href":"https:\/\/www.europesays.com\/fr\/wp-json\/wp\/v2\/categories?post=621269"},{"taxonomy":"post_tag","embeddable":true,"href":"https:\/\/www.europesays.com\/fr\/wp-json\/wp\/v2\/tags?post=621269"}],"curies":[{"name":"wp","href":"https:\/\/api.w.org\/{rel}","templated":true}]}}