{"id":621273,"date":"2025-12-25T09:07:16","date_gmt":"2025-12-25T09:07:16","guid":{"rendered":"https:\/\/www.europesays.com\/fr\/621273\/"},"modified":"2025-12-25T09:07:16","modified_gmt":"2025-12-25T09:07:16","slug":"ce-bordelais-a-parcouru-des-milliers-de-kilometres-a-velo-pour-donner-des-lettres-en-main-propre-au-pere-noel","status":"publish","type":"post","link":"https:\/\/www.europesays.com\/fr\/621273\/","title":{"rendered":"Ce Bordelais a parcouru des milliers de kilom\u00e8tres \u00e0 v\u00e9lo pour donner des lettres en main propre au P\u00e8re No\u00ebl"},"content":{"rendered":"<p>                    Par<br \/>\n        <strong><br \/>\n            <a href=\"https:\/\/actu.fr\/auteur\/juliette-cardinale\" title=\"Consulter tous les articles de Juliette Cardinale\" target=\"_blank\" rel=\"noopener\">Juliette Cardinale<\/a><br \/>\n                    <\/strong><\/p>\n<p>        Publi\u00e9 le<\/p>\n<p>            25 d\u00e9c. 2025 \u00e0 7h32        <\/p>\n<p>C\u2019est la belle histoire de <a href=\"https:\/\/actu.fr\/tag\/noel\" target=\"_blank\" rel=\"noopener\">ce No\u00ebl 2025<\/a>. Baptiste Ecalle a enfourch\u00e9 son v\u00e9lo pour rejoindre le village du P\u00e8re No\u00ebl \u00e0 Rovaniemi, en Laponie. Une aventure de<strong> 4\u2009207 kilom\u00e8tres<\/strong> r\u00e9alis\u00e9e pour la bonne cause. Le\u00a0<a href=\"https:\/\/actu.fr\/bordeaux\/\" target=\"_blank\" rel=\"noopener\">Bordelais<\/a> a long\u00e9 les fjords norv\u00e9giens, p\u00e9dalant sur des routes gel\u00e9es dans des paysages \u00e0 couper le souffle, mais aussi travers\u00e9 des for\u00eats su\u00e9doises, dans des temp\u00e9ratures extr\u00eames, un cadre naturel spectaculaire et une solitude profonde. R\u00e9cit.<\/p>\n<p class=\" wall-content\">Son p\u00e9riple a d\u00e9marr\u00e9 le samedi 1er\u00a0novembre dernier \u00e0 Paris. En 46\u00a0jours, il a <strong>parcouru huit pays<\/strong>\u2009: la France, la Belgique, les Pays-Bas, l\u2019Allemagne, le Danemark, la Norv\u00e8ge, la Su\u00e8de et enfin la Finlande.<\/p>\n<p class=\" wall-content\">Baptiste Ecalle partait avec deux objectifs en t\u00eate\u2009: remettre des lettres <strong>en main propre au P\u00e8re No\u00ebl<\/strong> (sans passer par le <a href=\"https:\/\/actu.fr\/societe\/le-secretariat-du-pere-noel-ouvre-comment-envoyer-sa-lettre-en-2025-et-recevoir-une-reponse_63453972.html\" target=\"_blank\" rel=\"noopener\">secr\u00e9tariat de Libourne)<\/a> et surtout lever des fonds <strong>pour les enfants malades.<\/strong> Le cr\u00e9ateur de contenus <a href=\"https:\/\/www.instagram.com\/baptiste.odyssey\/?hl=fr\" target=\"_blank\" rel=\"noopener\">tr\u00e8s suivi sur les r\u00e9seaux<\/a> est parti pour l\u2019association M\u00e9c\u00e9nat Chirurgie Cardiaque, afin de financer l\u2019op\u00e9ration du c\u0153ur d\u2019un enfant. L\u2019objectif fix\u00e9 sur la cagnotte\u2009? <strong>12\u2009000\u00a0euros.<\/strong><\/p>\n<p class=\" wall-content\"><a href=\"https:\/\/www.instagram.com\/p\/DQPg4iCjPA_\/embed\" title=\"Ouvrir le lien sur Instagram\" target=\"_blank\" rel=\"noopener\">Visualiser le contenu sur Instagram<\/a><\/p>\n<p class=\" wall-content\">\u00ab\u2009\u00c0 No\u00ebl, il est coutume de demander des cadeaux. Mais la premi\u00e8re chose que l\u2019on souhaite r\u00e9ellement pour soi et pour les autres, c\u2019est la sant\u00e9. <strong>Offrir la sant\u00e9 \u00e0 un enfant et \u00e0 sa famille,<\/strong> c\u2019est la plus belle magie de No\u00ebl possible\u2009\u00bb, explique Baptiste Ecalle.<\/p>\n<p>Des conditions extr\u00eames<\/p>\n<p class=\" wall-content\">Pas de tra\u00eeneau tir\u00e9 par des rennes pour Baptiste Ecalle, le cycliste\u00a0s\u2019est \u00e9quip\u00e9 <strong>d\u2019un v\u00e9lo en bois et fibre de lin<\/strong><a href=\"https:\/\/actu.fr\/nouvelle-aquitaine\/la-rochelle_17300\/la-rochelle-specialisee-dans-la-fabrication-de-velos-en-bois-cette-start-up-change-de-braquet_63166165.html\" target=\"_blank\" rel=\"noopener\"> des Ateliers Gonnel bas\u00e9s \u00e0 La\u00a0Rochelle.<\/a> Les mat\u00e9riaux utilis\u00e9s sont un \u00ab\u2009clin d\u2019\u0153il symbolique \u00e0 l\u2019univers de No\u00ebl\u2009\u00bb mais aussi biosourc\u00e9s.<\/p>\n<p class=\" wall-content\">Parti sans aucun \u00e9quipement pour dormir dehors, le Bordelais n\u2019a pas eu le choix\u2009: il a d\u00fb <strong>toquer aux portes pour trouver un toit<\/strong>. Et tant pis s\u2019il a parfois fallu attendre dans la nuit jusqu\u2019\u00e0 2h30 pour trouver refuge. L\u2019aventure a ainsi \u00e9t\u00e9 marqu\u00e9e de \u00ab\u2009rencontres <strong>inoubliables\u2009\u00bb.<\/strong> \u00c0 travers les pays, Baptiste Ecalle a \u00e9t\u00e9 accueilli par des inconnus \u00ab\u2009comme un membre de leur famille\u2009\u00bb.<\/p>\n<p class=\" wall-content\"><a href=\"https:\/\/www.instagram.com\/p\/DSHgfOljBlY\/embed\" title=\"Ouvrir le lien sur Instagram\" target=\"_blank\" rel=\"noopener\">Visualiser le contenu sur Instagram<\/a><\/p>\n<p class=\" wall-content\">Le Bordelais a parcouru <strong>plusieurs dizaines voire centaines de kilom\u00e8tres<\/strong> par jour pendant plus d\u2019un mois et demi. Baptiste Ecalle a pu admirer sur son chemin des rennes sauvages et des aurores bor\u00e9ales. Mais les conditions \u00e9taient \u00ab\u2009souvent \u00e9prouvantes\u2009\u00bb entre les intemp\u00e9ries, les journ\u00e9es tr\u00e8s courtes et les temp\u00e9ratures qui sont descendues <strong>jusqu\u2019\u00e0 -27 degr\u00e9s.<\/strong><\/p>\n<p>Votre r\u00e9gion, votre actu !<\/p>\n<p>Recevez chaque jour les infos qui comptent pour vous.<\/p>\n<p>\t<a href=\"https:\/\/actu.fr\/newsletter\" class=\"ac-btn ac-btn--corner ac-btn--medium ac-btn--blue800\" target=\"_blank\" rel=\"noopener\">S&rsquo;incrire<\/a><\/p>\n<p class=\" wall-content\">\u00ab\u2009Le froid extr\u00eame sollicitait autant le corps que le mental, rendant chaque arr\u00eat critique et chaque relance plus exigeante. La fatigue accumul\u00e9e, combin\u00e9e \u00e0 l\u2019isolement et aux conditions climatiques, a transform\u00e9 <strong>chaque \u00e9tape en un combat<\/strong> contre les \u00e9l\u00e9ments\u2009\u00bb, indique l\u2019\u00e9quipe des Ateliers Gonnel.<\/p>\n<p>La collecte encore ouverte<\/p>\n<p class=\" wall-content\">Tout cela, l\u2019aventurier l\u2019a fait en filmant. Baptiste Ecalle a publi\u00e9 <strong>une vid\u00e9o par jour,<\/strong> afin de booster la collecte de fonds et pour que sa communaut\u00e9 puisse suivre son p\u00e9riple.<\/p>\n<p class=\" wall-content\"><a href=\"https:\/\/www.instagram.com\/p\/DSZjNE-jCLd\/embed\" title=\"Ouvrir le lien sur Instagram\" target=\"_blank\" rel=\"noopener\">Visualiser le contenu sur Instagram<\/a><\/p>\n<p class=\" wall-content\">Le P\u00e8re No\u00ebl rencontr\u00e9, le p\u00e9riple de Baptiste Ecalle est d\u00e9sormais termin\u00e9. Mais \u00e0 son retour en France, la <strong>cagnotte n\u2019a pas encore atteint son objectif.<\/strong> Elle reste ouverte \u00ab\u2009une dizaine de jours\u2009\u00bb sur <a href=\"https:\/\/coureursducoeur.relaisducoeur.mecenat-cardiaque.org\/fundraisers\/baptiste-ecalle\" target=\"_blank\" rel=\"noopener\">coureursducoeur.org<\/a><\/p>\n<p class=\" wall-content\">Personnalisez votre actualit\u00e9 en ajoutant vos villes et m\u00e9dias en favori avec <a href=\"https:\/\/moncompte.actu.fr\" title=\"D\u00e9couvez Mon Actu\" rel=\"nofollow noopener\" data-trk=\"{&quot;cta&quot;:{&quot;action&quot;:&quot;https:\\\/\\\/moncompte.actu.fr&quot;,&quot;category&quot;:&quot;mon compte&quot;,&quot;from&quot;:&quot;article footer&quot;,&quot;name&quot;:&quot;Mon actu&quot;,&quot;type&quot;:&quot;cta&quot;}}\" target=\"_blank\">Mon Actu<\/a>.<\/p>\n<p>                    <script async src=\"\/\/www.instagram.com\/embed.js\"><\/script><\/p>\n","protected":false},"excerpt":{"rendered":"Par Juliette Cardinale Publi\u00e9 le 25 d\u00e9c. 2025 \u00e0 7h32 C\u2019est la belle histoire de ce No\u00ebl 2025.&hellip;\n","protected":false},"author":2,"featured_media":621274,"comment_status":"","ping_status":"","sticky":false,"template":"","format":"standard","meta":{"footnotes":""},"categories":[2817],"tags":[1111,11,1997,1777,674,1011,27,12,15830,2219,25,104,3400,208],"class_list":{"0":"post-621273","1":"post","2":"type-post","3":"status-publish","4":"format-standard","5":"has-post-thumbnail","7":"category-bordeaux","8":"tag-actu","9":"tag-actualites","10":"tag-bordeaux","11":"tag-eu","12":"tag-europe","13":"tag-fr","14":"tag-france","15":"tag-news","16":"tag-noel","17":"tag-nouvelle-aquitaine","18":"tag-republique-francaise","19":"tag-societe","20":"tag-solidarite","21":"tag-velo"},"share_on_mastodon":{"url":"https:\/\/pubeurope.com\/@fr\/115779419775722894","error":""},"_links":{"self":[{"href":"https:\/\/www.europesays.com\/fr\/wp-json\/wp\/v2\/posts\/621273","targetHints":{"allow":["GET"]}}],"collection":[{"href":"https:\/\/www.europesays.com\/fr\/wp-json\/wp\/v2\/posts"}],"about":[{"href":"https:\/\/www.europesays.com\/fr\/wp-json\/wp\/v2\/types\/post"}],"author":[{"embeddable":true,"href":"https:\/\/www.europesays.com\/fr\/wp-json\/wp\/v2\/users\/2"}],"replies":[{"embeddable":true,"href":"https:\/\/www.europesays.com\/fr\/wp-json\/wp\/v2\/comments?post=621273"}],"version-history":[{"count":0,"href":"https:\/\/www.europesays.com\/fr\/wp-json\/wp\/v2\/posts\/621273\/revisions"}],"wp:featuredmedia":[{"embeddable":true,"href":"https:\/\/www.europesays.com\/fr\/wp-json\/wp\/v2\/media\/621274"}],"wp:attachment":[{"href":"https:\/\/www.europesays.com\/fr\/wp-json\/wp\/v2\/media?parent=621273"}],"wp:term":[{"taxonomy":"category","embeddable":true,"href":"https:\/\/www.europesays.com\/fr\/wp-json\/wp\/v2\/categories?post=621273"},{"taxonomy":"post_tag","embeddable":true,"href":"https:\/\/www.europesays.com\/fr\/wp-json\/wp\/v2\/tags?post=621273"}],"curies":[{"name":"wp","href":"https:\/\/api.w.org\/{rel}","templated":true}]}}