{"id":621275,"date":"2025-12-25T09:08:15","date_gmt":"2025-12-25T09:08:15","guid":{"rendered":"https:\/\/www.europesays.com\/fr\/621275\/"},"modified":"2025-12-25T09:08:15","modified_gmt":"2025-12-25T09:08:15","slug":"gerard-lopez-a-un-plan-parfait","status":"publish","type":"post","link":"https:\/\/www.europesays.com\/fr\/621275\/","title":{"rendered":"G\u00e9rard Lopez a un plan parfait"},"content":{"rendered":"<p><b>Leaders de leur groupe de National 2, les Girondins de Bordeaux retrouvent des couleurs sur le plan sportif. L&rsquo;id\u00e9al serait maintenant de voir un entrepreneur racheter le club \u00e0 G\u00e9rard Lopez. Un sc\u00e9nario impossible pour un expert de la finance.<\/b><\/p>\n<p>L&rsquo;heure de la renaissance a t-elle enfin sonn\u00e9e pour les <a href=\"https:\/\/www.foot01.com\/bordeaux\" target=\"_self\" rel=\"noopener\">Girondins de Bordeaux<\/a> ? En danger de mort depuis plusieurs ann\u00e9es, le club au scapulaire a \u00e9cart\u00e9 la menace d&rsquo;un d\u00e9p\u00f4t de bilan \u00e0 court terme. G\u00e9rard Lopez a convaincu le tribunal de commerce avec son plan de continuation. Sur le terrain, les Girondins sont enfin plac\u00e9s pour revenir en National. Ils m\u00e8nent le groupe A de National 2 gr\u00e2ce \u00e0 une belle s\u00e9rie de victoires. De quoi redonner l&rsquo;espoir aux supporters de lendemains heureux voire du d\u00e9but d&rsquo;un nouveau projet.<\/p>\n<blockquote class=\"text-xl text-left font-medium text-gray-700 dark:text-gray-300\"><p>Les Girondins sont invendables<\/p><\/blockquote>\n<p>&#8211; David Gluzman<\/p>\n<p>Beaucoup de Bordelais r\u00eavent m\u00eame de voir G\u00e9rard Lopez c\u00e9der leur club \u00e0 un investisseur ambitieux et plus solide que l&rsquo;Hispano-luxembourgeois. Un sc\u00e9nario balay\u00e9 d&rsquo;un revers de main par David Gluzman. Habitu\u00e9 de l&rsquo;antenne de RMC, le sp\u00e9cialiste financier r\u00e9v\u00e8le que les Girondins de Bordeaux ne sont pas en \u00e9tat d&rsquo;\u00eatre vendus. De plus, G\u00e9rard Lopez a r\u00e9organis\u00e9 le club de fa\u00e7on si intelligente qu&rsquo;il peut encore le diriger sans probl\u00e8me pendant plusieurs ann\u00e9es.<\/p>\n<p>\u00ab Tous les chiffres du plan de continuation confirment deux<br \/>\nchoses. La premi\u00e8re, c&rsquo;est les Girondins de Bordeaux sont<br \/>\ninvendables dans son \u00e9tat actuel, et aussi quand on voit l&rsquo;\u00e9tat du<br \/>\nfootball fran\u00e7ais, hors projet de m\u00e9c\u00e9nat ou \u00e9tatique. J\u2019ai du<br \/>\nmal \u00e0 voir comment quelqu&rsquo;un pourrait s&rsquo;y int\u00e9resser, m\u00eame en cas<br \/>\nde mont\u00e9e en Ligue 3. C&rsquo;est un club sans actif. Deuxi\u00e8mement, nous<br \/>\nallons rester avec G\u00e9rard Lopez encore tr\u00e8s longtemps. Il a r\u00e9ussi<br \/>\nquelque part un coup de maitre avec son plan de continuation o\u00f9 le<br \/>\npic de la dette se paye au d\u00e9but et tout \u00e0 la fin. Ce qui d\u00e9courage<br \/>\nles investisseurs\u00a0\u00bb, a t-il analys\u00e9 aupr\u00e8s du site WebGirondins. Les supporters bordelais vont devoir s&rsquo;armer de patience&#8230;<\/p>\n","protected":false},"excerpt":{"rendered":"Leaders de leur groupe de National 2, les Girondins de Bordeaux retrouvent des couleurs sur le plan sportif.&hellip;\n","protected":false},"author":2,"featured_media":621276,"comment_status":"","ping_status":"","sticky":false,"template":"","format":"standard","meta":{"footnotes":""},"categories":[2817],"tags":[1111,11,1997,1777,674,1011,27,1922,12,2219,25],"class_list":{"0":"post-621275","1":"post","2":"type-post","3":"status-publish","4":"format-standard","5":"has-post-thumbnail","7":"category-bordeaux","8":"tag-actu","9":"tag-actualites","10":"tag-bordeaux","11":"tag-eu","12":"tag-europe","13":"tag-fr","14":"tag-france","15":"tag-info","16":"tag-news","17":"tag-nouvelle-aquitaine","18":"tag-republique-francaise"},"share_on_mastodon":{"url":"https:\/\/pubeurope.com\/@fr\/115779424051313285","error":""},"_links":{"self":[{"href":"https:\/\/www.europesays.com\/fr\/wp-json\/wp\/v2\/posts\/621275","targetHints":{"allow":["GET"]}}],"collection":[{"href":"https:\/\/www.europesays.com\/fr\/wp-json\/wp\/v2\/posts"}],"about":[{"href":"https:\/\/www.europesays.com\/fr\/wp-json\/wp\/v2\/types\/post"}],"author":[{"embeddable":true,"href":"https:\/\/www.europesays.com\/fr\/wp-json\/wp\/v2\/users\/2"}],"replies":[{"embeddable":true,"href":"https:\/\/www.europesays.com\/fr\/wp-json\/wp\/v2\/comments?post=621275"}],"version-history":[{"count":0,"href":"https:\/\/www.europesays.com\/fr\/wp-json\/wp\/v2\/posts\/621275\/revisions"}],"wp:featuredmedia":[{"embeddable":true,"href":"https:\/\/www.europesays.com\/fr\/wp-json\/wp\/v2\/media\/621276"}],"wp:attachment":[{"href":"https:\/\/www.europesays.com\/fr\/wp-json\/wp\/v2\/media?parent=621275"}],"wp:term":[{"taxonomy":"category","embeddable":true,"href":"https:\/\/www.europesays.com\/fr\/wp-json\/wp\/v2\/categories?post=621275"},{"taxonomy":"post_tag","embeddable":true,"href":"https:\/\/www.europesays.com\/fr\/wp-json\/wp\/v2\/tags?post=621275"}],"curies":[{"name":"wp","href":"https:\/\/api.w.org\/{rel}","templated":true}]}}