{"id":621285,"date":"2025-12-25T09:17:27","date_gmt":"2025-12-25T09:17:27","guid":{"rendered":"https:\/\/www.europesays.com\/fr\/621285\/"},"modified":"2025-12-25T09:17:27","modified_gmt":"2025-12-25T09:17:27","slug":"le-bien-que-je-fais-aux-autres-me-revient-pour-mounira-benevole-au-secours-populaire-a-marseille","status":"publish","type":"post","link":"https:\/\/www.europesays.com\/fr\/621285\/","title":{"rendered":"\u00ab\u00a0Le bien que je fais aux autres me revient\u00a0\u00bb, pour Mounira, b\u00e9n\u00e9vole au Secours Populaire \u00e0 Marseille"},"content":{"rendered":"<p>Mounira pousse la porte du <a href=\"https:\/\/www.laprovence.com\/article\/food\/1966732657348514\/lintercontinental-recoit-le-diner-solidaire-des-80-ans-du-secours-populaire-a-marseille\" target=\"_blank\" rel=\"noopener\">Secours Pop&rsquo;<\/a> en\u00a02022. \u00ab\u00a0Je suis venue acheter des v\u00eatements et des objets de d\u00e9co pour meubler mon logement, les prix sont symboliques.\u00a0\u00bb Elle vient de quitter Martigues pour Marseille et n\u2019a pas de famille. \u00c0 ce moment-l\u00e0, Mounira n\u2019a plus d\u2019emploi et attend un b\u00e9b\u00e9 toute seule. \u00ab\u00a0Je travaillais dans la s\u00e9curit\u00e9 mais j\u2019ai d\u00fb arr\u00eater avec ma grossesse. Quand mon fils est n\u00e9, je n\u2019ai pas repris. Ce n\u2019est pas un milieu compatible avec un enfant mais je cherchais un endroit pour m\u2019occuper.\u00a0\u00bb<\/p>\n<p>La jeune femme, originaire d\u2019Alg\u00e9rie, s\u2019inscrit comme b\u00e9n\u00e9vole\u00a0: distribution alimentaire, organisation du rayon de seconde main, braderie de jouets. Elle y passe presque toutes ses journ\u00e9es\u00a0: \u00ab\u00a0Il y a toujours du travail\u00a0\u00bb. Au si\u00e8ge de la <a href=\"https:\/\/www.laprovence.com\/article\/region\/53934234952320\/hate-de-voir-la-tour-eiffel-en-vrai-cap-sur-paris-pour-les-oublies-des-vacances-des-bouches-du-rhone-avec-le-secours-populaire\" target=\"_blank\" rel=\"noopener\">F\u00e9d\u00e9ration des Bouches-du-Rh\u00f4ne<\/a>, dans le quartier du Canet (14e), la maman solo de 39\u00a0ans vient \u00e0 pied (\u00ab\u00a0J\u2019habite le coin\u00a0\u00bb). Au sous-sol, le stock de la solidarit\u00e9 de tout un d\u00e9partement. Mounira a trouv\u00e9 sa place. \u00ab\u00a0Il y a une bonne ambiance, je me suis fait des amies. Au Secours, je fais autant de bien aux autres que ce qu\u2019ils m\u2019en font. C\u2019est th\u00e9rapeutique, dit-elle. Lorsqu\u2019un b\u00e9n\u00e9ficiaire part avec le sourire, je me sens revigor\u00e9e et utile.\u00a0\u00bb<\/p>\n<p>Un espace d&rsquo;entraide inconditionnel et d&rsquo;\u00e9mancipation<\/p>\n<p>Au sein de l\u2019association, les personnes accompagn\u00e9es comme celles qui accompagnent trouvent de la chaleur. \u00ab\u00a0C\u2019est une maison de grand-m\u00e8re\u00a0\u00bb, r\u00e9sume Mounira en rangeant des chaussures sur une \u00e9tag\u00e8re. Plus qu\u2019un espace d\u2019entraide inconditionnel, de r\u00e9confort, de convivialit\u00e9, c\u2019est un lieu d\u2019\u00e9mancipation. Au <a href=\"https:\/\/www.laprovence.com\/article\/politique\/94980268575934\/des-minots-du-monde-entier-mobilises-sur-le-vieux-port-de-marseille-avec-le-secours-populaire\" target=\"_blank\" rel=\"noopener\">Secours Populaire<\/a>, la b\u00e9n\u00e9vole a les yeux p\u00e9tillants et la force de regarder devant. \u00ab\u00a0J\u2019ai valid\u00e9 mon dipl\u00f4me d\u2019aide-soignante\u00a0\u00bb, annonce-t-elle fi\u00e8rement.<\/p>\n<p>En trois ans, Mounira s\u2019est d\u00e9pass\u00e9e pour sortir de l\u2019isolement, se recr\u00e9er un cercle social et se projeter (\u00ab\u00a0C\u2019est un tremplin\u00a0\u00bb). Pour une reconversion r\u00e9ussie, il lui manque le renouvellement de son titre de s\u00e9jour pour dix ans. \u00ab\u00a0Quand j\u2019aurai un travail, je resterai b\u00e9n\u00e9vole. Le bien que je fais me revient.\u00a0\u00bb<\/p>\n<p>En attendant, cette fin d\u2019ann\u00e9e est difficile. Parfois, elle prend un petit colis compos\u00e9 de p\u00e2tes, de riz, de conserves et de lait (\u00ab\u00a0Ce n\u2019est pas grand-chose mais c\u2019est mieux que rien. Je ne m\u2019accorde aucun plaisir\u00a0\u00bb). La plupart des mois, elle le laisse aux plus d\u00e9munis. Pendant <a href=\"https:\/\/www.laprovence.com\/article\/region\/3091260404636614\/les-rosiers-a-marseille-le-secours-populaire-apporte-ses-cadeaux-par-milliers-dans-cette-cite-criblee-de-balles\" target=\"_blank\" rel=\"noopener\">les f\u00eates de No\u00ebl<\/a>, Mounira ne fait pas d\u2019exception. Elle continue de donner son temps sans compter. \u00ab\u00a0Depuis le Covid, <a href=\"https:\/\/www.laprovence.com\/article\/societe\/2805504477880114\/on-fait-au-jour-le-jour-dans-les-files-d-attente-du-secours-populaire-pour-l-aide-alimentaire-a-marseille\" target=\"_blank\" rel=\"noopener\">la pr\u00e9carit\u00e9 a explos\u00e9<\/a>, observe-t-elle. On voit tous les profils, tous les \u00e2ges. La vie peut basculer du jour au lendemain.\u00a0\u00bb<\/p>\n<p><img alt=\"\" loading=\"lazy\" width=\"18\" height=\"18\" decoding=\"async\" data-nimg=\"1\" class=\"mx-[8px]\" style=\"color:transparent\" src=\"https:\/\/www.laprovence.com\/_next\/static\/media\/comment.b95dda91.svg\"\/>D\u00e9marrez la conversation<\/p>\n<p class=\"text-[1.8rem] mt-[32px]\">Votre opinion compte pour nous. Rejoignez la communaut\u00e9 laprovence.com en r\u00e9agissant sur l&rsquo;article Solidarit\u00e9 \u00e0 No\u00ebl : \u00ab\u00a0Le bien que je fais aux autres me revient\u00a0\u00bb, pour Mounira, b\u00e9n\u00e9vole au Secours Populaire \u00e0 Marseille.<\/p>\n","protected":false},"excerpt":{"rendered":"Mounira pousse la porte du Secours Pop&rsquo; en\u00a02022. \u00ab\u00a0Je suis venue acheter des v\u00eatements et des objets de&hellip;\n","protected":false},"author":2,"featured_media":621286,"comment_status":"","ping_status":"","sticky":false,"template":"","format":"standard","meta":{"footnotes":""},"categories":[2814],"tags":[930,17,1111,11,1007,12008,1777,674,30284,1011,27,884,12,15830,882,746,25,104,3400],"class_list":{"0":"post-621285","1":"post","2":"type-post","3":"status-publish","4":"format-standard","5":"has-post-thumbnail","7":"category-marseille","8":"tag-le","9":"tag-17","10":"tag-actu","11":"tag-actualites","12":"tag-aux","13":"tag-bien","14":"tag-eu","15":"tag-europe","16":"tag-fais","17":"tag-fr","18":"tag-france","19":"tag-marseille","20":"tag-news","21":"tag-noel","22":"tag-provence-alpes-cote-dazur","23":"tag-que","24":"tag-republique-francaise","25":"tag-societe","26":"tag-solidarite"},"share_on_mastodon":{"url":"https:\/\/pubeurope.com\/@fr\/115779459490604616","error":""},"_links":{"self":[{"href":"https:\/\/www.europesays.com\/fr\/wp-json\/wp\/v2\/posts\/621285","targetHints":{"allow":["GET"]}}],"collection":[{"href":"https:\/\/www.europesays.com\/fr\/wp-json\/wp\/v2\/posts"}],"about":[{"href":"https:\/\/www.europesays.com\/fr\/wp-json\/wp\/v2\/types\/post"}],"author":[{"embeddable":true,"href":"https:\/\/www.europesays.com\/fr\/wp-json\/wp\/v2\/users\/2"}],"replies":[{"embeddable":true,"href":"https:\/\/www.europesays.com\/fr\/wp-json\/wp\/v2\/comments?post=621285"}],"version-history":[{"count":0,"href":"https:\/\/www.europesays.com\/fr\/wp-json\/wp\/v2\/posts\/621285\/revisions"}],"wp:featuredmedia":[{"embeddable":true,"href":"https:\/\/www.europesays.com\/fr\/wp-json\/wp\/v2\/media\/621286"}],"wp:attachment":[{"href":"https:\/\/www.europesays.com\/fr\/wp-json\/wp\/v2\/media?parent=621285"}],"wp:term":[{"taxonomy":"category","embeddable":true,"href":"https:\/\/www.europesays.com\/fr\/wp-json\/wp\/v2\/categories?post=621285"},{"taxonomy":"post_tag","embeddable":true,"href":"https:\/\/www.europesays.com\/fr\/wp-json\/wp\/v2\/tags?post=621285"}],"curies":[{"name":"wp","href":"https:\/\/api.w.org\/{rel}","templated":true}]}}