{"id":621289,"date":"2025-12-25T09:20:20","date_gmt":"2025-12-25T09:20:20","guid":{"rendered":"https:\/\/www.europesays.com\/fr\/621289\/"},"modified":"2025-12-25T09:20:20","modified_gmt":"2025-12-25T09:20:20","slug":"on-finit-sur-une-bonne-note","status":"publish","type":"post","link":"https:\/\/www.europesays.com\/fr\/621289\/","title":{"rendered":"\u00ab\u00a0On finit sur une bonne note\u00a0\u00bb"},"content":{"rendered":"<p>Sur la devanture du caf\u00e9 de la pr\u00e9fecture, dans le centre-ville de Bourg-en-Bresse, un petit panneau indique \u00ab\u00a0\u00c0 bient\u00f4t, c\u2019est ferm\u00e9\u00a0\u00bb.<\/p>\n<p>Ce mardi 23\u00a0d\u00e9cembre, Carole et Fabien profitaient de leur dernier service apr\u00e8s 14 ans \u00e0 diriger l\u2019\u00e9tablissement. Et la cog\u00e9rante en est fi\u00e8re\u00a0: \u00ab\u00a0On a toujours tout donn\u00e9 pour nos clients.\u00a0\u00bb<\/p>\n<p>  Un nouveau challenge professionnel<\/p>\n<p>Apr\u00e8s une ouverture le 2\u00a0mai 2011, le caf\u00e9 trouve rapidement une client\u00e8le d\u2019habitu\u00e9s, pr\u00e9sents en ce dernier jour. \u00ab\u00a0On nous a ramen\u00e9 du vin, des chocolats, on a m\u00eame eu une ovation tout \u00e0 l\u2019heure\u00a0!\u00a0\u00bb s\u2019amuse Carole. Et Fabien de rench\u00e9rir\u00a0: \u00ab\u00a0Les gens tenaient \u00e0 venir une derni\u00e8re fois, certains \u00e9taient tristes mais heureux que l\u2019on ait un nouveau projet en t\u00eate.\u00a0\u00bb<\/p>\n<p>Car en mai\u00a02026 devrait ouvrir leur \u00ab\u00a0nouveau challenge professionnel\u00a0\u00bb, un caf\u00e9-restaurant \u00e0 Cluny, qui sera \u00ab\u00a0\u00e0 l\u2019image de ce qu\u2019on a toujours fait\u00a0\u00bb, assure Fabien. Pour les deux g\u00e9rants, c\u2019est un <a href=\"https:\/\/www.leprogres.fr\/economie\/2025\/03\/08\/bar-a-creations-thierry-moiroux-tourne-la-page-et-vide-sa-boutique\" target=\"_blank\" rel=\"noopener\">d\u00e9part<\/a> \u00ab\u00a0serein\u00a0\u00bb, m\u00eame si le service du midi a \u00e9t\u00e9 rythm\u00e9, comme en t\u00e9moignent les rang\u00e9es de verres vides sur le bar. En ce d\u00e9but d\u2019apr\u00e8s-midi, quelques clients retardent le d\u00e9part, finissent par pousser la porte et remercient l\u2019\u00e9quipe \u00ab\u00a0pour tout.\u00a0\u00bb Carole sourit\u00a0: \u00ab\u00a0Merci \u00e0 vous pour votre fid\u00e9lit\u00e9\u00a0\u00bb, avant de conclure\u00a0: \u00ab\u00a0On finit sur une bonne note, on est rassur\u00e9s pour la suite.\u00a0\u00bb<\/p>\n","protected":false},"excerpt":{"rendered":"Sur la devanture du caf\u00e9 de la pr\u00e9fecture, dans le centre-ville de Bourg-en-Bresse, un petit panneau indique \u00ab\u00a0\u00c0&hellip;\n","protected":false},"author":2,"featured_media":621290,"comment_status":"","ping_status":"","sticky":false,"template":"","format":"standard","meta":{"footnotes":""},"categories":[1889],"tags":[1111,11,2738,2430,6749,6750,4406,33,6751,1777,674,1011,27,2428,12,25],"class_list":{"0":"post-621289","1":"post","2":"type-post","3":"status-publish","4":"format-standard","5":"has-post-thumbnail","7":"category-lyon","8":"tag-actu","9":"tag-actualites","10":"tag-ain","11":"tag-auvergne-rhone-alpes","12":"tag-bourg-en-bresse","13":"tag-bourg-en-bresse-ville","14":"tag-commerce-et-services","15":"tag-economie","16":"tag-edition-ain-ouest","17":"tag-eu","18":"tag-europe","19":"tag-fr","20":"tag-france","21":"tag-lyon","22":"tag-news","23":"tag-republique-francaise"},"share_on_mastodon":{"url":"https:\/\/pubeurope.com\/@fr\/115779470820084243","error":""},"_links":{"self":[{"href":"https:\/\/www.europesays.com\/fr\/wp-json\/wp\/v2\/posts\/621289","targetHints":{"allow":["GET"]}}],"collection":[{"href":"https:\/\/www.europesays.com\/fr\/wp-json\/wp\/v2\/posts"}],"about":[{"href":"https:\/\/www.europesays.com\/fr\/wp-json\/wp\/v2\/types\/post"}],"author":[{"embeddable":true,"href":"https:\/\/www.europesays.com\/fr\/wp-json\/wp\/v2\/users\/2"}],"replies":[{"embeddable":true,"href":"https:\/\/www.europesays.com\/fr\/wp-json\/wp\/v2\/comments?post=621289"}],"version-history":[{"count":0,"href":"https:\/\/www.europesays.com\/fr\/wp-json\/wp\/v2\/posts\/621289\/revisions"}],"wp:featuredmedia":[{"embeddable":true,"href":"https:\/\/www.europesays.com\/fr\/wp-json\/wp\/v2\/media\/621290"}],"wp:attachment":[{"href":"https:\/\/www.europesays.com\/fr\/wp-json\/wp\/v2\/media?parent=621289"}],"wp:term":[{"taxonomy":"category","embeddable":true,"href":"https:\/\/www.europesays.com\/fr\/wp-json\/wp\/v2\/categories?post=621289"},{"taxonomy":"post_tag","embeddable":true,"href":"https:\/\/www.europesays.com\/fr\/wp-json\/wp\/v2\/tags?post=621289"}],"curies":[{"name":"wp","href":"https:\/\/api.w.org\/{rel}","templated":true}]}}