{"id":621291,"date":"2025-12-25T09:22:20","date_gmt":"2025-12-25T09:22:20","guid":{"rendered":"https:\/\/www.europesays.com\/fr\/621291\/"},"modified":"2025-12-25T09:22:20","modified_gmt":"2025-12-25T09:22:20","slug":"lyon-a-lyon-les-bebes-arborent-leurs-tenues-tricotees-aux-couleurs-de-noel","status":"publish","type":"post","link":"https:\/\/www.europesays.com\/fr\/621291\/","title":{"rendered":"Lyon. \u00c0 Lyon, les b\u00e9b\u00e9s arborent leurs tenues tricot\u00e9es aux couleurs de No\u00ebl"},"content":{"rendered":"<p>C\u2019est sans doute le plus beau \u2013 et le plus fragile &#8211; des cadeaux que l\u2019on peut avoir sous le sapin. Et c\u2019est pourtant le seul que le P\u00e8re No\u00ebl ne peut pas transporter avec son tra\u00eeneau, c\u2019est pourquoi il sous-traite volontiers le transport \u00e0\u2026 la cigogne. Il est bien entendu question des b\u00e9b\u00e9s, et sur ce mois de d\u00e9cembre beaucoup de petits bouts ont point\u00e9 le bout de leur nez. Un bonheur pour les parents d\u2019introduire une nouvelle personne dans la famille, qui c\u00e9l\u00e9brera d\u2019ailleurs son premier No\u00ebl.<\/p>\n<p>  \u00ab\u00a0Un peu de chaleur \u00e0 ces petits bouts-de-choux\u00a0\u00bb<\/p>\n<p>Et \u00e0 <a href=\"https:\/\/www.leprogres.fr\/social\/2025\/12\/20\/fete-de-noel-a-l-hopital-les-massues-spectacles-et-cadeaux-illuminent-le-quotidien-des-enfants\" target=\"_blank\" rel=\"noopener\">l\u2019H\u00f4pital<\/a> Saint Joseph Saint Luc (Lyon 7e), ils sont habill\u00e9s en cons\u00e9quence\u00a0! A\u00efssatou, Ali, \u00c9douard et Maxine portent leurs tenus rouges et blanches, tricot\u00e9es par les mamys de la paroisse du Mazet-Saint-Voy, en Haute-Loire. Elles s\u2019appellent Danielle, Arlette, Lucie, Emma, Christine mais aussi Yvette, Paule, Annie, Madeleine, Annie, Madeleine, Anna, Lydie, Suzie, et encore Jacqueline et H\u00e9l\u00e8ne. \u00ab\u00a0Malgr\u00e9 nos \u00e2ges, assez avanc\u00e9s pour certaines d\u2019entre nous [la plus \u00e2g\u00e9e de notre \u00e9quipe a 104 ans] nous consid\u00e9rons comme une gr\u00e2ce de pouvoir encore apporter, par notre modeste contribution, un peu de chaleur \u00e0 tous ces petits bouts-de-choux\u00a0\u00bb, confient celles qui sont surnomm\u00e9es \u00e0 juste titre \u00ab\u00a0les tricoteuses\u00a0\u00bb \u00e0 l\u2019h\u00f4pital.<\/p>\n<p>Selon l\u2019\u00e9tablissement de sant\u00e9, cela fait d\u00e9j\u00e0 trois ans que ces femmes\u00a0confectionnent des tenues sp\u00e9cialement con\u00e7ues puis distribu\u00e9es aux mamans qui en ont besoin mais aussi aux nourrissons plus petits que le poids pr\u00e9vu. En 2025, c\u2019est plus de 150 b\u00e9b\u00e9s qui ont b\u00e9n\u00e9fici\u00e9 de ce don selon l\u2019h\u00f4pital. \u00ab\u00a0Un geste g\u00e9n\u00e9reux qui refl\u00e8te parfaitement l\u2019esprit de solidarit\u00e9 que nous voulons partager, surtout en cette p\u00e9riode de f\u00eates\u00a0\u00bb, \u00e9crit l\u2019h\u00f4pital dans une publication Facebook. Car apr\u00e8s tout, c\u2019est \u00e7a, l\u2019esprit de No\u00ebl, de la bienveillance, arbor\u00e9 sous toutes ses formes.<\/p>\n","protected":false},"excerpt":{"rendered":"C\u2019est sans doute le plus beau \u2013 et le plus fragile &#8211; des cadeaux que l\u2019on peut avoir&hellip;\n","protected":false},"author":2,"featured_media":621292,"comment_status":"","ping_status":"","sticky":false,"template":"","format":"standard","meta":{"footnotes":""},"categories":[1889],"tags":[1111,11,2430,33,2757,1777,674,1011,27,2428,2756,12,25,2429,71,104,1631],"class_list":{"0":"post-621291","1":"post","2":"type-post","3":"status-publish","4":"format-standard","5":"has-post-thumbnail","7":"category-lyon","8":"tag-actu","9":"tag-actualites","10":"tag-auvergne-rhone-alpes","11":"tag-economie","12":"tag-edition-lyon-villeurbanne","13":"tag-eu","14":"tag-europe","15":"tag-fr","16":"tag-france","17":"tag-lyon","18":"tag-lyon-bassin","19":"tag-news","20":"tag-republique-francaise","21":"tag-rhone","22":"tag-sante","23":"tag-societe","24":"tag-vie-associative"},"share_on_mastodon":{"url":"https:\/\/pubeurope.com\/@fr\/115779478664328839","error":""},"_links":{"self":[{"href":"https:\/\/www.europesays.com\/fr\/wp-json\/wp\/v2\/posts\/621291","targetHints":{"allow":["GET"]}}],"collection":[{"href":"https:\/\/www.europesays.com\/fr\/wp-json\/wp\/v2\/posts"}],"about":[{"href":"https:\/\/www.europesays.com\/fr\/wp-json\/wp\/v2\/types\/post"}],"author":[{"embeddable":true,"href":"https:\/\/www.europesays.com\/fr\/wp-json\/wp\/v2\/users\/2"}],"replies":[{"embeddable":true,"href":"https:\/\/www.europesays.com\/fr\/wp-json\/wp\/v2\/comments?post=621291"}],"version-history":[{"count":0,"href":"https:\/\/www.europesays.com\/fr\/wp-json\/wp\/v2\/posts\/621291\/revisions"}],"wp:featuredmedia":[{"embeddable":true,"href":"https:\/\/www.europesays.com\/fr\/wp-json\/wp\/v2\/media\/621292"}],"wp:attachment":[{"href":"https:\/\/www.europesays.com\/fr\/wp-json\/wp\/v2\/media?parent=621291"}],"wp:term":[{"taxonomy":"category","embeddable":true,"href":"https:\/\/www.europesays.com\/fr\/wp-json\/wp\/v2\/categories?post=621291"},{"taxonomy":"post_tag","embeddable":true,"href":"https:\/\/www.europesays.com\/fr\/wp-json\/wp\/v2\/tags?post=621291"}],"curies":[{"name":"wp","href":"https:\/\/api.w.org\/{rel}","templated":true}]}}