{"id":621299,"date":"2025-12-25T09:30:21","date_gmt":"2025-12-25T09:30:21","guid":{"rendered":"https:\/\/www.europesays.com\/fr\/621299\/"},"modified":"2025-12-25T09:30:21","modified_gmt":"2025-12-25T09:30:21","slug":"travaux-nouvelle-revue-a-paris-un-projet-spectaculaire-pour-faire-du-moulin-rouge-un-cabaret-du-futur","status":"publish","type":"post","link":"https:\/\/www.europesays.com\/fr\/621299\/","title":{"rendered":"Travaux, nouvelle revue&#8230; \u00c0 Paris, un projet spectaculaire pour faire du Moulin Rouge un cabaret du futur"},"content":{"rendered":"<p>                    Par<br \/>\n        <strong><br \/>\n            <a href=\"https:\/\/actu.fr\/auteur\/julie-bossart-actu-fr\" title=\"Consulter tous les articles de Julie Bossart\" target=\"_blank\" rel=\"noopener\">Julie Bossart<\/a><br \/>\n                    <\/strong><\/p>\n<p>        Publi\u00e9 le<\/p>\n<p>            25 d\u00e9c. 2025 \u00e0 6h32        <\/p>\n<p>Le <a href=\"https:\/\/actu.fr\/tag\/moulin-rouge\" target=\"_blank\" rel=\"noopener\">Moulin Rouge<\/a> veut d\u00e9ployer davantage ses ailes, sans pol\u00e9mique. Alors que le premier projet d\u2019extension du c\u00e9l\u00e8bre cabaret de Paris (18e) destin\u00e9 \u00e0 ressusciter la sc\u00e8ne de la l\u00e9gendaire Mistinguett mena\u00e7ait l\u2019ancienne demeure de Jacques Pr\u00e9vert, situ\u00e9e Cit\u00e9 V\u00e9ron, sous les<a href=\"https:\/\/actu.fr\/ile-de-france\/paris_75056\/apres-leur-chute-fracassante-assistez-a-la-remise-en-route-des-ailes-du-moulin-rouge-a-paris_62893142.html\" target=\"_blank\" rel=\"noopener\"> ailes<\/a> de l\u2019institution de <a href=\"https:\/\/actu.fr\/tag\/montmartre\" target=\"_blank\" rel=\"noopener\">Montmartre<\/a>, <a href=\"https:\/\/actu.fr\/ile-de-france\/paris_75056\/l-appartement-sera-sauve-un-accord-trouve-a-paris-entre-le-moulin-rouge-et-les-heritiers-de-prevert_63604682.html\" target=\"_blank\" rel=\"noopener\">un accord<\/a> a \u00e9t\u00e9 r\u00e9cemment trouv\u00e9 avec les h\u00e9ritiers du po\u00e8te. Le directeur g\u00e9n\u00e9ral du Moulin Rouge en a dit plus sur cet accord, comme sur ce qu\u2019il imagine pour faire entrer le cabaret dans le futur.<\/p>\n<p>Un accord, mais un changement pour les visiteurs<\/p>\n<p class=\" wall-content\">Dans un entretien au <a href=\"https:\/\/www.lefigaro.fr\/theatre\/moulin-rouge-nous-voulons-une-nouvelle-salle-de-spectacle-digne-de-celles-de-las-vegas-de-broadway-et-du-west-end-20251222\" target=\"_blank\" rel=\"noopener\">Figaro<\/a>, Jean-Victor Clerico affirme que les appartements de Jacques Pr\u00e9vert et de Boris Vian (les deux artistes partageaient une m\u00eame terrasse) sont d\u2019ores et d\u00e9j\u00e0 int\u00e9gr\u00e9s au projet d\u2019extension, baptis\u00e9 Mistinguett. L\u2019id\u00e9e est qu\u2019ils soient \u00ab\u2009cog\u00e9r\u00e9s\u2009\u00bb, afin que, dans la journ\u00e9e, le public puisse les visiter sans prendre de billet et que, le soir, les spectateurs en attente d\u2019assister aux revues y aient acc\u00e8s \u00e0 leur tour.<\/p>\n<p class=\" wall-content\">Des discussions doivent encore se tenir dans les mois \u00e0 venir avec les ayants droit du po\u00e8te et de l\u2019\u00e9crivain, insiste Jean-Victor Clerico afin de \u00ab\u2009mettre au point la meilleure m\u00e9diation possible\u2009\u00bb. Dans l\u2019attente, et dans le cadre de Vigipirate, justifie-t-il, des agents de s\u00e9curit\u00e9 se chargeront de contr\u00f4ler les visiteurs, qui pourront acc\u00e9der de nouveau \u00e0 la terrasse des appartements, mais dans une partie limit\u00e9e.<\/p>\n<p>\u00ab Une salle digne de celles de Las Vegas ou Broadway \u00bb<\/p>\n<p class=\" wall-content\">Pour ce qui est du projet Mistinguett en lui-m\u00eame, il vise \u00e0 cr\u00e9er \u00ab\u2009une nouvelle salle qui sera dot\u00e9e d\u2019une technologie dernier cri et accueillera une nouvelle revue\u2009\u00bb. Actuellement, le Moulin Rouge en compte deux, rappelle le directeur. L\u2019une au niveau -1, basse de plafond et peu profonde au niveau de la sc\u00e8ne\u2009; l\u2019autre, au-dessus, plus ancienne et d\u00e9cern\u00e9e \u00e0 l\u2019\u00e9v\u00e9nementiel, mais beaucoup plus haute sous plafond.<\/p>\n<p class=\" wall-content\">C\u2019est cette derni\u00e8re que le Moulin Rouge veut r\u00e9habiliter, avec l\u2019ambition d\u2019en faire \u00ab\u2009une salle de spectacle moderne digne de celles de Las Vegas, de Broadway ou du West Est\u2009\u00bb, annonce Jean-Victor Clerico. Dans l\u2019esprit toutefois, elle \u00ab\u2009restera fid\u00e8le au style des revues d\u2019autrefois\u2009\u00bb, rassure-t-il. Pour ce qui est de la salle inf\u00e9rieure, son avenir n\u2019est pas encore d\u00e9fini, mais elle ne sera pas lou\u00e9e.<\/p>\n<p class=\" wall-content\">Ce projet s\u2019inscrit dans le temps long. Le directeur estime d\u2019ailleurs qu\u2019il ne pourrait aboutir avant dix ans au moins. Plusieurs cabinets d\u2019architectes planchent dessus. Enfin, pour ce qui est du financement, Jean-Victor Clerico dit pouvoir s\u2019appuyer sur des partenaires bancaires.<\/p>\n<p class=\" wall-content\">Personnalisez votre actualit\u00e9 en ajoutant vos villes et m\u00e9dias en favori avec <a href=\"https:\/\/moncompte.actu.fr\" title=\"D\u00e9couvez Mon Actu\" rel=\"nofollow noopener\" data-trk=\"{&quot;cta&quot;:{&quot;action&quot;:&quot;https:\\\/\\\/moncompte.actu.fr&quot;,&quot;category&quot;:&quot;mon compte&quot;,&quot;from&quot;:&quot;article footer&quot;,&quot;name&quot;:&quot;Mon actu&quot;,&quot;type&quot;:&quot;cta&quot;}}\" target=\"_blank\">Mon Actu<\/a>.<\/p>\n","protected":false},"excerpt":{"rendered":"Par Julie Bossart Publi\u00e9 le 25 d\u00e9c. 2025 \u00e0 6h32 Le Moulin Rouge veut d\u00e9ployer davantage ses ailes,&hellip;\n","protected":false},"author":2,"featured_media":621300,"comment_status":"","ping_status":"","sticky":false,"template":"","format":"standard","meta":{"footnotes":""},"categories":[1888],"tags":[11,1777,674,1011,27,1652,7661,38389,12,626,2551,25],"class_list":{"0":"post-621299","1":"post","2":"type-post","3":"status-publish","4":"format-standard","5":"has-post-thumbnail","7":"category-paris","8":"tag-actualites","9":"tag-eu","10":"tag-europe","11":"tag-fr","12":"tag-france","13":"tag-loisirs-culture","14":"tag-montmartre","15":"tag-moulin-rouge","16":"tag-news","17":"tag-paris","18":"tag-patrimoine","19":"tag-republique-francaise"},"share_on_mastodon":{"url":"https:\/\/pubeurope.com\/@fr\/115779510122420745","error":""},"_links":{"self":[{"href":"https:\/\/www.europesays.com\/fr\/wp-json\/wp\/v2\/posts\/621299","targetHints":{"allow":["GET"]}}],"collection":[{"href":"https:\/\/www.europesays.com\/fr\/wp-json\/wp\/v2\/posts"}],"about":[{"href":"https:\/\/www.europesays.com\/fr\/wp-json\/wp\/v2\/types\/post"}],"author":[{"embeddable":true,"href":"https:\/\/www.europesays.com\/fr\/wp-json\/wp\/v2\/users\/2"}],"replies":[{"embeddable":true,"href":"https:\/\/www.europesays.com\/fr\/wp-json\/wp\/v2\/comments?post=621299"}],"version-history":[{"count":0,"href":"https:\/\/www.europesays.com\/fr\/wp-json\/wp\/v2\/posts\/621299\/revisions"}],"wp:featuredmedia":[{"embeddable":true,"href":"https:\/\/www.europesays.com\/fr\/wp-json\/wp\/v2\/media\/621300"}],"wp:attachment":[{"href":"https:\/\/www.europesays.com\/fr\/wp-json\/wp\/v2\/media?parent=621299"}],"wp:term":[{"taxonomy":"category","embeddable":true,"href":"https:\/\/www.europesays.com\/fr\/wp-json\/wp\/v2\/categories?post=621299"},{"taxonomy":"post_tag","embeddable":true,"href":"https:\/\/www.europesays.com\/fr\/wp-json\/wp\/v2\/tags?post=621299"}],"curies":[{"name":"wp","href":"https:\/\/api.w.org\/{rel}","templated":true}]}}