{"id":621301,"date":"2025-12-25T09:32:14","date_gmt":"2025-12-25T09:32:14","guid":{"rendered":"https:\/\/www.europesays.com\/fr\/621301\/"},"modified":"2025-12-25T09:32:14","modified_gmt":"2025-12-25T09:32:14","slug":"une-femme-retrouvee-morte-dans-la-cour-dun-immeuble-du-18e-arrondissement","status":"publish","type":"post","link":"https:\/\/www.europesays.com\/fr\/621301\/","title":{"rendered":"une femme retrouv\u00e9e morte dans la cour d&rsquo;un immeuble du 18e arrondissement"},"content":{"rendered":"<p class=\"article-p mdl\">Le corps d&rsquo;une femme a \u00e9t\u00e9 d\u00e9couvert, mercredi 24 d\u00e9cembre au matin, dans la cour int\u00e9rieure d&rsquo;un immeuble du 18e arrondissement de Paris, a appris l&rsquo;AFP, ce jeudi, de source polici\u00e8re. La victime \u00e9tait en partie d\u00e9v\u00eatue, a pr\u00e9cis\u00e9 cette source.<\/p>\n<p class=\"article-p mdl\">Une autre femme, locataire d&rsquo;un appartement au 5e \u00e9tage de cet immeuble, a expliqu\u00e9 aux policiers avoir rencontr\u00e9 la veille un homme et une femme pr\u00e8s de la gare Saint-Lazare et les avoir invit\u00e9s chez elle, a relat\u00e9 la source polici\u00e8re. Elle a \u00e9galement racont\u00e9 de mani\u00e8re confuse avoir consomm\u00e9 avec eux de l&rsquo;alcool et de la drogue, du LSD, dans la nuit, a-t-on poursuivi de m\u00eame source.<\/p>\n<p class=\"article-p mdl\">C&rsquo;est au moment o\u00f9 l&rsquo;homme a quitt\u00e9 son appartement vers 8h20 que le corps de la victime a \u00e9t\u00e9 d\u00e9couvert dans la cour int\u00e9rieure de l&rsquo;immeuble, selon la source polici\u00e8re. Dans la nuit, vers 2h, la police avait re\u00e7u un appel leur signalant des hurlements de femme dans cet immeuble.<\/p>\n<p class=\"article-p mdl\">Des policiers s&rsquo;\u00e9taient rendus sur place mais n&rsquo;avaient pas pu identifier d&rsquo;o\u00f9 avaient pu provenir les cris. L&rsquo;enqu\u00eate a \u00e9t\u00e9 confi\u00e9e au commissariat du 18e arrondissement.<\/p>\n<p>    La r\u00e9daction vous recommande<\/p>\n<p class=\"s-newsletter__title\">\n                L\u2019actualit\u00e9 par la r\u00e9daction de RTL dans votre bo\u00eete mail.\n            <\/p>\n<p class=\"s-newsletter__subtitle\">\n                Gr\u00e2ce \u00e0 votre compte RTL abonnez-vous \u00e0 la newsletter RTL info pour suivre toute l&rsquo;actualit\u00e9 au quotidien\n            <\/p>\n<p>\n                                    Lire la suite\n                                <\/p>\n","protected":false},"excerpt":{"rendered":"Le corps d&rsquo;une femme a \u00e9t\u00e9 d\u00e9couvert, mercredi 24 d\u00e9cembre au matin, dans la cour int\u00e9rieure d&rsquo;un immeuble&hellip;\n","protected":false},"author":2,"featured_media":621302,"comment_status":"","ping_status":"","sticky":false,"template":"","format":"standard","meta":{"footnotes":""},"categories":[1888],"tags":[11,1777,674,118,107,1011,27,5480,12,626,1072,25,2023],"class_list":{"0":"post-621301","1":"post","2":"type-post","3":"status-publish","4":"format-standard","5":"has-post-thumbnail","7":"category-paris","8":"tag-actualites","9":"tag-eu","10":"tag-europe","11":"tag-faits-divers","12":"tag-fil-info","13":"tag-fr","14":"tag-france","15":"tag-immeuble","16":"tag-news","17":"tag-paris","18":"tag-police","19":"tag-republique-francaise","20":"tag-victimes"},"share_on_mastodon":{"url":"https:\/\/pubeurope.com\/@fr\/115779518152461947","error":""},"_links":{"self":[{"href":"https:\/\/www.europesays.com\/fr\/wp-json\/wp\/v2\/posts\/621301","targetHints":{"allow":["GET"]}}],"collection":[{"href":"https:\/\/www.europesays.com\/fr\/wp-json\/wp\/v2\/posts"}],"about":[{"href":"https:\/\/www.europesays.com\/fr\/wp-json\/wp\/v2\/types\/post"}],"author":[{"embeddable":true,"href":"https:\/\/www.europesays.com\/fr\/wp-json\/wp\/v2\/users\/2"}],"replies":[{"embeddable":true,"href":"https:\/\/www.europesays.com\/fr\/wp-json\/wp\/v2\/comments?post=621301"}],"version-history":[{"count":0,"href":"https:\/\/www.europesays.com\/fr\/wp-json\/wp\/v2\/posts\/621301\/revisions"}],"wp:featuredmedia":[{"embeddable":true,"href":"https:\/\/www.europesays.com\/fr\/wp-json\/wp\/v2\/media\/621302"}],"wp:attachment":[{"href":"https:\/\/www.europesays.com\/fr\/wp-json\/wp\/v2\/media?parent=621301"}],"wp:term":[{"taxonomy":"category","embeddable":true,"href":"https:\/\/www.europesays.com\/fr\/wp-json\/wp\/v2\/categories?post=621301"},{"taxonomy":"post_tag","embeddable":true,"href":"https:\/\/www.europesays.com\/fr\/wp-json\/wp\/v2\/tags?post=621301"}],"curies":[{"name":"wp","href":"https:\/\/api.w.org\/{rel}","templated":true}]}}