{"id":621303,"date":"2025-12-25T09:33:13","date_gmt":"2025-12-25T09:33:13","guid":{"rendered":"https:\/\/www.europesays.com\/fr\/621303\/"},"modified":"2025-12-25T09:33:13","modified_gmt":"2025-12-25T09:33:13","slug":"la-russie-servirait-de-mediateur-entre-israel-et-la-syrie-pour-parvenir-un-accord-de-securite","status":"publish","type":"post","link":"https:\/\/www.europesays.com\/fr\/621303\/","title":{"rendered":"La Russie Servirait De M\u00e9diateur Entre Isra\u00ebl Et La Syrie Pour Parvenir Un Accord De S\u00e9curit\u00e9"},"content":{"rendered":"<p class=\"\" data-is=\"component-paragraph\">La Russie \u0153uvre en coulisses, avec l&rsquo;aval am\u00e9ricain, pour servir d&rsquo;interm\u00e9diaire entre Isra\u00ebl et la Syrie dans des <a data-is=\"component-link\" href=\"https:\/\/www.i24news.tv\/fr\/actu\/international\/moyen-orient\/artc-le-president-syrien-confirme-des-negociations-securitaires-directes-avec-israel\" title=\"https:\/\/www.i24news.tv\/fr\/actu\/international\/moyen-orient\/artc-le-president-syrien-confirme-des-negociations-securitaires-directes-avec-israel\" target=\"\" class=\"link\" rel=\"noopener\">n\u00e9gociations visant \u00e0 \u00e9tablir un accord de s\u00e9curit\u00e9 entre les deux pays<\/a>, a rapport\u00e9 Kan mercredi soir. Jusqu&rsquo;\u00e0 pr\u00e9sent, c&rsquo;est l&rsquo;Azerba\u00efdjan qui avait men\u00e9 les pourparlers et facilit\u00e9 les rencontres, incluant des visites de hauts responsables \u00e0 Bakou.<\/p>\n<p class=\"\" data-is=\"component-paragraph\">Selon une source s\u00e9curitaire impliqu\u00e9e dans le dossier, Moscou et Damas renforcent leurs relations. Une preuve tangible est apparue le mois dernier lorsque la Russie a d\u00e9ploy\u00e9 des troupes et du mat\u00e9riel dans la r\u00e9gion de Lattaqui\u00e9, un dispositif qui avait \u00e9t\u00e9 r\u00e9duit apr\u00e8s la chute du r\u00e9gime Assad et qui reprend d\u00e9sormais de l&rsquo;ampleur en Syrie.<\/p>\n<p><img alt=\"Video poster\" class=\"video-poster\" data-is=\"lazy-image\" data-observed-item-id=\"https:\/\/api.i24news.tv\/fr\/brightcove\/6379701263112\/poster\"\/> Isra\u00ebl-Syrie : vers un accord s\u00e9curitaire ? <\/p>\n<p class=\"\" data-is=\"component-paragraph\">Les Russes souhaitent repositionner leurs forces militaires dans le sud de la Syrie, pr\u00e8s de la fronti\u00e8re isra\u00e9lienne, comme c&rsquo;\u00e9tait le cas avant l&rsquo;effondrement du r\u00e9gime Assad. Isra\u00ebl pr\u00e9f\u00e9rerait autoriser cette pr\u00e9sence russe plut\u00f4t que de voir la Turquie tenter de s&rsquo;implanter dans le sud syrien.<\/p>\n<p class=\"\" data-is=\"component-paragraph\">Une source s\u00e9curitaire famili\u00e8re des d\u00e9tails des contacts entre Isra\u00ebl et la Syrie a d\u00e9clar\u00e9 \u00e0 Kan que malgr\u00e9 la m\u00e9diation russe, <a data-is=\"component-link\" href=\"https:\/\/www.i24news.tv\/fr\/actu\/israel\/diplomatie-defense\/artc-les-negociations-d-accord-entre-israel-et-la-syrie-seraient-dans-l-impasse\" title=\"https:\/\/www.i24news.tv\/fr\/actu\/israel\/diplomatie-defense\/artc-les-negociations-d-accord-entre-israel-et-la-syrie-seraient-dans-l-impasse\" target=\"\" class=\"link\" rel=\"noopener\">des \u00e9carts subsistent entre les parties<\/a>. N\u00e9anmoins, des avanc\u00e9es notables ont \u00e9t\u00e9 enregistr\u00e9es au cours des derni\u00e8res semaines.<\/p>\n","protected":false},"excerpt":{"rendered":"La Russie \u0153uvre en coulisses, avec l&rsquo;aval am\u00e9ricain, pour servir d&rsquo;interm\u00e9diaire entre Isra\u00ebl et la Syrie dans des&hellip;\n","protected":false},"author":2,"featured_media":621304,"comment_status":"","ping_status":"","sticky":false,"template":"","format":"standard","meta":{"footnotes":""},"categories":[1591],"tags":[11,1887,12,1885,1886,132],"class_list":{"0":"post-621303","1":"post","2":"type-post","3":"status-publish","4":"format-standard","5":"has-post-thumbnail","7":"category-russie","8":"tag-actualites","9":"tag-federation-de-russie","10":"tag-news","11":"tag-russia","12":"tag-russian-federation","13":"tag-russie"},"share_on_mastodon":{"url":"https:\/\/pubeurope.com\/@fr\/115779522013638027","error":""},"_links":{"self":[{"href":"https:\/\/www.europesays.com\/fr\/wp-json\/wp\/v2\/posts\/621303","targetHints":{"allow":["GET"]}}],"collection":[{"href":"https:\/\/www.europesays.com\/fr\/wp-json\/wp\/v2\/posts"}],"about":[{"href":"https:\/\/www.europesays.com\/fr\/wp-json\/wp\/v2\/types\/post"}],"author":[{"embeddable":true,"href":"https:\/\/www.europesays.com\/fr\/wp-json\/wp\/v2\/users\/2"}],"replies":[{"embeddable":true,"href":"https:\/\/www.europesays.com\/fr\/wp-json\/wp\/v2\/comments?post=621303"}],"version-history":[{"count":0,"href":"https:\/\/www.europesays.com\/fr\/wp-json\/wp\/v2\/posts\/621303\/revisions"}],"wp:featuredmedia":[{"embeddable":true,"href":"https:\/\/www.europesays.com\/fr\/wp-json\/wp\/v2\/media\/621304"}],"wp:attachment":[{"href":"https:\/\/www.europesays.com\/fr\/wp-json\/wp\/v2\/media?parent=621303"}],"wp:term":[{"taxonomy":"category","embeddable":true,"href":"https:\/\/www.europesays.com\/fr\/wp-json\/wp\/v2\/categories?post=621303"},{"taxonomy":"post_tag","embeddable":true,"href":"https:\/\/www.europesays.com\/fr\/wp-json\/wp\/v2\/tags?post=621303"}],"curies":[{"name":"wp","href":"https:\/\/api.w.org\/{rel}","templated":true}]}}