{"id":621309,"date":"2025-12-25T09:37:30","date_gmt":"2025-12-25T09:37:30","guid":{"rendered":"https:\/\/www.europesays.com\/fr\/621309\/"},"modified":"2025-12-25T09:37:30","modified_gmt":"2025-12-25T09:37:30","slug":"de-buckingham-a-windsor-lautre-capitale","status":"publish","type":"post","link":"https:\/\/www.europesays.com\/fr\/621309\/","title":{"rendered":"De Buckingham \u00e0 Windsor, l&rsquo;autre capitale"},"content":{"rendered":"<p>Article r\u00e9serv\u00e9 aux abonn\u00e9s<\/p>\n<p>Ils s\u2019appellent Shadow, Icon, Shamus ou m\u00eame Harry et sont pri\u00e9s de ranger leurs box et d\u2019aller pa\u00eetre ailleurs\u2026 Ces montures royales, comme leurs trente autres cong\u00e9n\u00e8res ainsi que les carrosses et landaus de la Couronne, s\u2019appr\u00eatent \u00e0 quitter les Royal Mews \u2013 \u00e9curies royales \u2013 adjacentes au palais de Buckingham, pour s\u2019installer \u00e0 Windsor. <strong>Une petite r\u00e9volution pour l\u2019institution<\/strong> qui c\u00e9l\u00e9brait cette ann\u00e9e ses 200 ans de pr\u00e9sence au&#8230;\n                                        <\/p>\n<p class=\"paywall-title\"><strong>Lisez la suite gratuitement en vous connectant<\/strong><\/p>\n<p class=\"paywall-sub-title\">Avec votre compte gratuit, vous profiterez d\u2019une s\u00e9lection d\u2019articles et de newsletters offerts par la r\u00e9daction.<\/p>\n<p>            <a onclick=\"getModalSub()\" title=\"Ou d\u00e9bloquez l'int\u00e9gralit\u00e9 des articles, magazines et newsletters en vous abonnant \u00e0 Point de Vue d\u00e8s 1\u20ac :\" class=\"button-dark bt-modal bt-modal-id\" data-modal-id=\"modal-register\">Continuer<\/a><\/p>\n<p class=\"paywall-sub-button\">Ou d\u00e9bloquez l&rsquo;int\u00e9gralit\u00e9 des articles, magazines et newsletters en vous abonnant \u00e0 Point de Vue d\u00e8s 1\u20ac :<\/p>\n<p class=\"paywall-info-button\">Pourquoi cet article est-il r\u00e9serv\u00e9 aux abonn\u00e9s ?<\/p>\n<p>                <img loading=\"lazy\" decoding=\"async\" src=\"https:\/\/www.europesays.com\/fr\/wp-content\/uploads\/2025\/04\/adelaide.jpg\" width=\"90\" height=\"90\" alt=\"Ad\u00e9la\u00efde de Clermont-Tonnerre\"\/><\/p>\n<p>Un journalisme d\u2019excellence, des contenus exclusifs, telle est la mission de Point de Vue. Chaque article que nous produisons est le fruit d\u2019un travail m\u00e9ticuleux, d\u2019une passion pour l\u2019investigation et d\u2019une volont\u00e9 de vous apporter des perspectives uniques sur le monde et ses personnalit\u00e9s influentes. Source d\u2019inspiration, notre magazine vous permet de r\u00eaver, de vous \u00e9vader, de vous cultiver gr\u00e2ce \u00e0 une \u00e9quipe d\u2019experts et de passionn\u00e9s, soucieux de porter haut les couleurs de ce magazine qui a f\u00eat\u00e9 ses 80 ans. Votre abonnement, votre confiance, nous permet de continuer cette qu\u00eate d\u2019excellence, d\u2019envoyer nos journalistes sur le terrain, \u00e0 la recherche des reportages et des exclusivit\u00e9s qui font la diff\u00e9rence tout en garantissant l\u2019ind\u00e9pendance et la qualit\u00e9 de nos \u00e9crits. En choisissant de nous rejoindre, vous entrez dans le cercle des amis de Point de Vue et nous vous en remercions. Plus que jamais nous avons \u00e0 c\u0153ur de vous informer avec \u00e9l\u00e9gance et rigueur.<\/p>\n<p class=\"paywall-author\">Ad\u00e9la\u00efde de Clermont-Tonnerre, Directrice de la r\u00e9daction<\/p>\n","protected":false},"excerpt":{"rendered":"Article r\u00e9serv\u00e9 aux abonn\u00e9s Ils s\u2019appellent Shadow, Icon, Shamus ou m\u00eame Harry et sont pri\u00e9s de ranger leurs&hellip;\n","protected":false},"author":2,"featured_media":621310,"comment_status":"","ping_status":"","sticky":false,"template":"","format":"standard","meta":{"footnotes":""},"categories":[1588],"tags":[11,1777,674,12,473,1853,1851,1850,1852],"class_list":{"0":"post-621309","1":"post","2":"type-post","3":"status-publish","4":"format-standard","5":"has-post-thumbnail","7":"category-royaume-uni","8":"tag-actualites","9":"tag-eu","10":"tag-europe","11":"tag-news","12":"tag-royaume-uni","13":"tag-royaume-uni-de-grande-bretagne-et-dirlande-du-nord","14":"tag-uk","15":"tag-united-kingdom","16":"tag-united-kingdom-of-great-britain-and-northern-ireland"},"share_on_mastodon":{"url":"https:\/\/pubeurope.com\/@fr\/115779539140356276","error":""},"_links":{"self":[{"href":"https:\/\/www.europesays.com\/fr\/wp-json\/wp\/v2\/posts\/621309","targetHints":{"allow":["GET"]}}],"collection":[{"href":"https:\/\/www.europesays.com\/fr\/wp-json\/wp\/v2\/posts"}],"about":[{"href":"https:\/\/www.europesays.com\/fr\/wp-json\/wp\/v2\/types\/post"}],"author":[{"embeddable":true,"href":"https:\/\/www.europesays.com\/fr\/wp-json\/wp\/v2\/users\/2"}],"replies":[{"embeddable":true,"href":"https:\/\/www.europesays.com\/fr\/wp-json\/wp\/v2\/comments?post=621309"}],"version-history":[{"count":0,"href":"https:\/\/www.europesays.com\/fr\/wp-json\/wp\/v2\/posts\/621309\/revisions"}],"wp:featuredmedia":[{"embeddable":true,"href":"https:\/\/www.europesays.com\/fr\/wp-json\/wp\/v2\/media\/621310"}],"wp:attachment":[{"href":"https:\/\/www.europesays.com\/fr\/wp-json\/wp\/v2\/media?parent=621309"}],"wp:term":[{"taxonomy":"category","embeddable":true,"href":"https:\/\/www.europesays.com\/fr\/wp-json\/wp\/v2\/categories?post=621309"},{"taxonomy":"post_tag","embeddable":true,"href":"https:\/\/www.europesays.com\/fr\/wp-json\/wp\/v2\/tags?post=621309"}],"curies":[{"name":"wp","href":"https:\/\/api.w.org\/{rel}","templated":true}]}}