{"id":621315,"date":"2025-12-25T09:41:12","date_gmt":"2025-12-25T09:41:12","guid":{"rendered":"https:\/\/www.europesays.com\/fr\/621315\/"},"modified":"2025-12-25T09:41:12","modified_gmt":"2025-12-25T09:41:12","slug":"la-securite-la-prosperite-et-la-democratie-europeennes-ne-peuvent-plus-dependre-de-la-volonte-changeante-des-etats-unis","status":"publish","type":"post","link":"https:\/\/www.europesays.com\/fr\/621315\/","title":{"rendered":"\u00ab\u00a0La s\u00e9curit\u00e9, la prosp\u00e9rit\u00e9 et la d\u00e9mocratie europ\u00e9ennes ne peuvent plus d\u00e9pendre de la volont\u00e9 changeante des Etats-Unis\u00a0\u00bb"},"content":{"rendered":"\n<p class=\"article__paragraph  \">L\u2019Union europ\u00e9enne [UE] est confront\u00e9e \u00e0 des d\u00e9fis sans pr\u00e9c\u00e9dent \u00e0 un moment o\u00f9 l\u2019ordre multilat\u00e9ral fond\u00e9 sur les Nations unies est attaqu\u00e9. La strat\u00e9gie d\u2019apaisement \u00e0 l\u2019\u00e9gard de Donald Trump, depuis le sommet de l\u2019Alliance atlantique jusqu\u2019\u00e0 la <a href=\"https:\/\/www.lemonde.fr\/idees\/article\/2025\/04\/01\/si-les-gouvernements-democratiques-ne-reagissent-pas-ce-sont-les-regimes-autoritaires-qui-decideront-de-l-avenir-d-internet_6589391_3232.html\" target=\"_blank\" rel=\"noopener\">d\u00e9r\u00e9glementation des normes num\u00e9riques<\/a> et <a href=\"https:\/\/www.lemonde.fr\/international\/article\/2025\/12\/24\/regulation-du-numerique-thierry-breton-sanctionne-le-contentieux-entre-washington-et-l-ue-redouble-d-intensite_6659309_3210.html\" target=\"_blank\" rel=\"noopener\">les sanctions am\u00e9ricaines contre Thierry Breton et des personnalit\u00e9s europ\u00e9ennes<\/a>, de l\u2019intelligence artificielle et de l\u2019environnement, y compris l\u2019<a href=\"https:\/\/www.lemonde.fr\/international\/article\/2025\/07\/27\/a-l-occasion-de-sa-visite-en-ecosse-donald-trump-affirme-que-l-ue-ne-beneficiera-pas-de-droits-de-douane-inferieurs-a-15_6624656_3211.html\" target=\"_blank\" rel=\"noopener\">accord commercial de Turnberry<\/a> per\u00e7u comme une v\u00e9ritable humiliation tarifaire, ne fonctionne pas.<\/p>\n<p class=\"article__paragraph  \">Les concessions et les accommodements n\u2019ont r\u00e9duit ni l\u2019impr\u00e9visibilit\u00e9 ni l\u2019hostilit\u00e9 du pr\u00e9sident am\u00e9ricain. Au contraire, ils ont accru la vuln\u00e9rabilit\u00e9 strat\u00e9gique de l\u2019Europe, produit un <a href=\"https:\/\/www.lemonde.fr\/international\/article\/2025\/11\/20\/les-europeens-opposes-a-une-capitulation-de-l-ukraine_6654204_3210.html\" target=\"_blank\" rel=\"noopener\">plan de capitulation inacceptable pour l\u2019Ukraine <\/a>et une d\u00e9claration politique de guerre contre l\u2019UE sous la forme de la strat\u00e9gie de s\u00e9curit\u00e9 nationale des Etats-Unis, dans laquelle il appelle \u00e0 un retour \u00e0 une Europe des nations et annonce une alliance avec les forces politiques national-populistes du continent.<\/p>\n<p class=\"article__paragraph  \">L\u2019Europe doit en tirer les conclusions n\u00e9cessaires\u00a0: sa s\u00e9curit\u00e9, sa prosp\u00e9rit\u00e9 et sa d\u00e9mocratie ne peuvent plus d\u00e9pendre de la volont\u00e9 changeante des Etats-Unis. L\u2019autonomie strat\u00e9gique n\u2019est plus une option mais une n\u00e9cessit\u00e9. L\u2019Union europ\u00e9enne doit \u00eatre en mesure d\u2019agir de mani\u00e8re ind\u00e9pendante, d\u2019assumer l\u2019enti\u00e8re responsabilit\u00e9 de sa propre d\u00e9fense et de poursuivre ses int\u00e9r\u00eats et ses valeurs sur la sc\u00e8ne mondiale avec souverainet\u00e9 et cr\u00e9dibilit\u00e9.<\/p>\n<p>                              Lire aussi |  Article r\u00e9serv\u00e9 \u00e0 nos abonn\u00e9s  <a href=\"https:\/\/www.lemonde.fr\/economie\/article\/2025\/09\/27\/l-accord-commercial-entre-l-union-europeenne-et-les-etats-unis-est-une-capitulation-insensee_6643169_3234.html\" class=\"js-article-read-also catcher--favoris__link\" data-premium=\"1\" id=\"article-title-3437268\" target=\"_blank\" rel=\"noopener\">\u00ab\u00a0L\u2019accord commercial entre l\u2019Union europ\u00e9enne et les Etats-Unis est une capitulation insens\u00e9e\u00a0\u00bb<\/a>    <\/p>\n<p>   Lire plus tard  <\/p>\n<p class=\"article__paragraph  \">Une <a href=\"https:\/\/www.lemonde.fr\/idees\/article\/2025\/10\/11\/si-l-ue-ne-maitrise-pas-les-technologies-qu-elle-veut-encadrer-elle-deviendra-une-commentatrice-impuissante_6645732_3232.html\" target=\"_blank\" rel=\"noopener\">Europe plus comp\u00e9titive<\/a> est une condition pr\u00e9alable \u00e0 la puissance g\u00e9opolitique et au bien-\u00eatre social. Nous devons donc garantir d\u2019ici \u00e0 2028 la pleine mise en \u0153uvre des <a href=\"https:\/\/www.lemonde.fr\/economie\/article\/2024\/04\/18\/enrico-letta-l-economie-de-l-europe-decroche-on-ne-peut-plus-attendre_6228473_3234.html\" target=\"_blank\" rel=\"noopener\">rapports Letta<\/a> et <a href=\"https:\/\/www.lemonde.fr\/economie\/article\/2024\/10\/16\/si-l-accablant-rapport-de-mario-draghi-sur-le-decrochage-economique-de-l-union-europeenne-fait-consensus-ses-preconisations-divisent_6353337_3234.html\" target=\"_blank\" rel=\"noopener\">Draghi <\/a>sur l\u2019ach\u00e8vement du march\u00e9 unique et la comp\u00e9titivit\u00e9 europ\u00e9enne. En outre, nous avons besoin d\u2019un budget pluriannuel soutenant de nouveaux investissements, publics et priv\u00e9s, dans les secteurs-cl\u00e9s et les secteurs innovants.<\/p>\n<p class=\"article__paragraph  \">Nous appelons donc la Commission \u00e0 pr\u00e9senter une <a href=\"https:\/\/www.lemonde.fr\/economie\/article\/2025\/02\/12\/l-union-europeenne-se-penche-sur-l-avenir-de-son-budget-devenu-obsolete_6543352_3234.html\" target=\"_blank\" rel=\"noopener\">nouvelle proposition de cadre financier pluriannuel<\/a>, renforc\u00e9e et plus ambitieuse, capable de financer les biens publics europ\u00e9ens, y compris de nouvelles priorit\u00e9s en mati\u00e8re de d\u00e9fense et de recherche, tout en pr\u00e9servant les dimensions sociale et environnementale, la coh\u00e9sion et l\u2019agriculture, dans le respect du contr\u00f4le parlementaire et du r\u00f4le des r\u00e9gions et des villes europ\u00e9ennes, et financ\u00e9e par de v\u00e9ritables ressources propres de l\u2019UE.<\/p>\n<p class=\"reading-mode-only \"><strong>Il vous reste 66.22% de cet article \u00e0 lire. La suite est r\u00e9serv\u00e9e aux abonn\u00e9s.<\/strong><\/p>\n","protected":false},"excerpt":{"rendered":"L\u2019Union europ\u00e9enne [UE] est confront\u00e9e \u00e0 des d\u00e9fis sans pr\u00e9c\u00e9dent \u00e0 un moment o\u00f9 l\u2019ordre multilat\u00e9ral fond\u00e9 sur&hellip;\n","protected":false},"author":2,"featured_media":246492,"comment_status":"","ping_status":"","sticky":false,"template":"","format":"standard","meta":{"footnotes":""},"categories":[1586],"tags":[11,1777,674,1779,1011,27,12,25,1778,364],"class_list":{"0":"post-621315","1":"post","2":"type-post","3":"status-publish","4":"format-standard","5":"has-post-thumbnail","7":"category-europe","8":"tag-actualites","9":"tag-eu","10":"tag-europe","11":"tag-european-union","12":"tag-fr","13":"tag-france","14":"tag-news","15":"tag-republique-francaise","16":"tag-ue","17":"tag-union-europeenne"},"share_on_mastodon":{"url":"https:\/\/pubeurope.com\/@fr\/115779553529563051","error":""},"_links":{"self":[{"href":"https:\/\/www.europesays.com\/fr\/wp-json\/wp\/v2\/posts\/621315","targetHints":{"allow":["GET"]}}],"collection":[{"href":"https:\/\/www.europesays.com\/fr\/wp-json\/wp\/v2\/posts"}],"about":[{"href":"https:\/\/www.europesays.com\/fr\/wp-json\/wp\/v2\/types\/post"}],"author":[{"embeddable":true,"href":"https:\/\/www.europesays.com\/fr\/wp-json\/wp\/v2\/users\/2"}],"replies":[{"embeddable":true,"href":"https:\/\/www.europesays.com\/fr\/wp-json\/wp\/v2\/comments?post=621315"}],"version-history":[{"count":0,"href":"https:\/\/www.europesays.com\/fr\/wp-json\/wp\/v2\/posts\/621315\/revisions"}],"wp:featuredmedia":[{"embeddable":true,"href":"https:\/\/www.europesays.com\/fr\/wp-json\/wp\/v2\/media\/246492"}],"wp:attachment":[{"href":"https:\/\/www.europesays.com\/fr\/wp-json\/wp\/v2\/media?parent=621315"}],"wp:term":[{"taxonomy":"category","embeddable":true,"href":"https:\/\/www.europesays.com\/fr\/wp-json\/wp\/v2\/categories?post=621315"},{"taxonomy":"post_tag","embeddable":true,"href":"https:\/\/www.europesays.com\/fr\/wp-json\/wp\/v2\/tags?post=621315"}],"curies":[{"name":"wp","href":"https:\/\/api.w.org\/{rel}","templated":true}]}}