{"id":621319,"date":"2025-12-25T09:45:22","date_gmt":"2025-12-25T09:45:22","guid":{"rendered":"https:\/\/www.europesays.com\/fr\/621319\/"},"modified":"2025-12-25T09:45:22","modified_gmt":"2025-12-25T09:45:22","slug":"dix-ans-plus-tard-le-jeu-des-1-000-euros-de-france-inter-de-retour-a-volx-pres-de-manosque","status":"publish","type":"post","link":"https:\/\/www.europesays.com\/fr\/621319\/","title":{"rendered":"Dix ans plus tard, \u00ab\u00a0Le Jeu des 1 000 euros\u00a0\u00bb de France Inter de retour \u00e0 Volx, pr\u00e8s de Manosque"},"content":{"rendered":"<p>Le Jeu des 1\u00a0000\u00a0euros est le jeu le plus ancien du paysage radiophonique fran\u00e7ais encore diffus\u00e9 sur les ondes. Cr\u00e9\u00e9e en\u00a01958 par Henri Kubnick sous le nom de 100\u00a0000\u00a0francs par jour, l\u2019\u00e9mission est diffus\u00e9e du lundi au vendredi, de 12h45 \u00e0 13h, sur France Inter avec Nicolas Stoufflet \u00e0 la baguette depuis le 1er\u00a0septembre\u00a02008.<\/p>\n<p>Les questions bleues, blanches et rouge, le glockenspiel, et l\u2019incontournable Banco\u2026 Les rouages du jeu sont bien connus pour les auditeurs de l\u2019\u00e9mission qui a une particularit\u00e9\u00a0: elle ne reste pas que dans ses studios parisiens, et se d\u00e9place r\u00e9guli\u00e8rement dans les communes de France. Le jeudi 8\u00a0janvier 2026, celle de <a href=\"https:\/\/www.laprovence.com\/alpes-de-haute-provence\/volx-04245\" target=\"_blank\" rel=\"noopener\">Volx<\/a> (Alpes-de-Haute-Provence) aura l\u2019occasion d\u2019accueillir, au foyer rural, Le Jeu des 1\u00a0000\u00a0euros pour la deuxi\u00e8me fois apr\u00e8s dix ans d\u2019interlude.<\/p>\n<p>Deux enregistrements \u00e0 la suite au foyer rural<\/p>\n<p>\u00ab\u00a0Lorsque nous l\u2019avons organis\u00e9 pour la premi\u00e8re fois (en <a href=\"https:\/\/www.laprovence.com\/article\/edition-alpes\/4206486\/le-plaisir-de-partager.html\" target=\"_blank\" rel=\"noopener\">novembre\u00a02016<\/a>, Ndlr), cela avait \u00e9t\u00e9 super parce qu\u2019il y a eu une forme d\u2019engouement avec beaucoup de monde. Et d\u00e8s la fin de l\u2019\u00e9mission, on avait r\u00e9\u00e9crit \u00e0 France Inter en disant qu\u2019on \u00e9tait pr\u00eat \u00e0 recommencer quand il voulait, car ce sont les communes qui doivent se porter volontaires, se souvient <a href=\"https:\/\/www.laprovence.com\/article\/region\/11414910874074\/apres-11-longues-annees-de-procedures-la-centrale-photovoltaique-de-volx-est-enfin-operationnelle\" target=\"_blank\" rel=\"noopener\">J\u00e9r\u00f4me Dubois<\/a>, maire de Volx qui \u00e9tait d\u00e9j\u00e0 \u00e0 la t\u00eate de la Mairie \u00e0 l\u2019\u00e9poque. Durant des ann\u00e9es, on n\u2019a pas eu de nouvelles. On a bien compris que ce n\u2019\u00e9tait plus notre tour (rires), mais il y a quelques mois, ils se sont souvenus de notre courrier en disant qu\u2019ils revenaient. \u00c7a a \u00e9t\u00e9 une vraie surprise, mais on est vraiment tr\u00e8s content de les recevoir\u00a0\u00bb<\/p>\n<p>Les \u00e9quipes du jeu reviennent ainsi pour l\u2019enregistrement de deux \u00e9missions &#8211; avec en amont la s\u00e9lection des candidats adultes &#8211; \u00e0 17h, ainsi que &#8211; de concurrents jeunes et adultes &#8211; \u00e0 18h30. \u00ab\u00a0Volx sera deux jours de suite sur France Inter, c\u2019est ce que je sais, se f\u00e9licite le maire qui esp\u00e8re ne pas devoir refuser du monde comme en\u00a02016\u00a0: \u00ab\u00a0C\u2019est en entr\u00e9e libre pour le public, mais le foyer rural, c\u2019est 200 places pas plus.\u00a0\u00bb<\/p>\n","protected":false},"excerpt":{"rendered":"Le Jeu des 1\u00a0000\u00a0euros est le jeu le plus ancien du paysage radiophonique fran\u00e7ais encore diffus\u00e9 sur les&hellip;\n","protected":false},"author":2,"featured_media":621320,"comment_status":"","ping_status":"","sticky":false,"template":"","format":"standard","meta":{"footnotes":""},"categories":[4],"tags":[930,17,11,1764,154,7365,1011,27,1197,12,378,16,25,13409],"class_list":{"0":"post-621319","1":"post","2":"type-post","3":"status-publish","4":"format-standard","5":"has-post-thumbnail","7":"category-france","8":"tag-le","9":"tag-17","10":"tag-actualites","11":"tag-ans","12":"tag-des","13":"tag-dix","14":"tag-fr","15":"tag-france","16":"tag-jeu","17":"tag-news","18":"tag-plus","19":"tag-region","20":"tag-republique-francaise","21":"tag-tard"},"share_on_mastodon":{"url":"https:\/\/pubeurope.com\/@fr\/115779569102823841","error":""},"_links":{"self":[{"href":"https:\/\/www.europesays.com\/fr\/wp-json\/wp\/v2\/posts\/621319","targetHints":{"allow":["GET"]}}],"collection":[{"href":"https:\/\/www.europesays.com\/fr\/wp-json\/wp\/v2\/posts"}],"about":[{"href":"https:\/\/www.europesays.com\/fr\/wp-json\/wp\/v2\/types\/post"}],"author":[{"embeddable":true,"href":"https:\/\/www.europesays.com\/fr\/wp-json\/wp\/v2\/users\/2"}],"replies":[{"embeddable":true,"href":"https:\/\/www.europesays.com\/fr\/wp-json\/wp\/v2\/comments?post=621319"}],"version-history":[{"count":0,"href":"https:\/\/www.europesays.com\/fr\/wp-json\/wp\/v2\/posts\/621319\/revisions"}],"wp:featuredmedia":[{"embeddable":true,"href":"https:\/\/www.europesays.com\/fr\/wp-json\/wp\/v2\/media\/621320"}],"wp:attachment":[{"href":"https:\/\/www.europesays.com\/fr\/wp-json\/wp\/v2\/media?parent=621319"}],"wp:term":[{"taxonomy":"category","embeddable":true,"href":"https:\/\/www.europesays.com\/fr\/wp-json\/wp\/v2\/categories?post=621319"},{"taxonomy":"post_tag","embeddable":true,"href":"https:\/\/www.europesays.com\/fr\/wp-json\/wp\/v2\/tags?post=621319"}],"curies":[{"name":"wp","href":"https:\/\/api.w.org\/{rel}","templated":true}]}}