{"id":62132,"date":"2025-04-29T15:43:08","date_gmt":"2025-04-29T15:43:08","guid":{"rendered":"https:\/\/www.europesays.com\/fr\/62132\/"},"modified":"2025-04-29T15:43:08","modified_gmt":"2025-04-29T15:43:08","slug":"theatre-figure-du-theatre-de-boulevard-implante-a-strasbourg-alil-vardar-mis-en-cause-par-vingt-comediennes","status":"publish","type":"post","link":"https:\/\/www.europesays.com\/fr\/62132\/","title":{"rendered":"Th\u00e9\u00e2tre. Figure du th\u00e9\u00e2tre de boulevard, implant\u00e9 \u00e0 Strasbourg, Alil\u00a0Vardar mis en cause par vingt com\u00e9diennes"},"content":{"rendered":"<p><a href=\"https:\/\/www.telerama.fr\/theatre-spectacles\/il-a-utilise-son-pouvoir-pour-obtenir-mes-faveurs-alil-vardar-le-roi-du-theatre-de-boulevard-accuse-par-vingt-comediennes-7025427.php\" target=\"_blank\" rel=\"nofollow noopener\">Le journal T\u00e9l\u00e9rama publie ce 28\u00a0avril<\/a> les t\u00e9moignages de vingt femmes qui font \u00e9tat d\u2019humiliations, d\u2019attouchements ou de relation d\u2019emprise par Alil Vardar, figure du th\u00e9\u00e2tre de boulevard. L\u2019enqu\u00eate du magazine fait \u00e9tat d\u2019un signalement aupr\u00e8s du procureur de la R\u00e9publique effectu\u00e9 par la Mairie de Paris en avril\u00a02024. L\u2019enqu\u00eate a \u00e9t\u00e9 class\u00e9e sans suite le 18\u00a0f\u00e9vrier dernier, est-il pr\u00e9cis\u00e9. Contact\u00e9, Alil Vardar, qui nie les faits, souligne qu\u2019il n\u2019y a ni plainte\u00a0ni condamnation et dit r\u00e9fl\u00e9chir \u00e0 d\u2019\u00e9ventuelles poursuites.<\/p>\n<p>Producteur, auteur, metteur en sc\u00e8ne et com\u00e9dien, il a connu un grand succ\u00e8s avec Le Clan des divorc\u00e9es mont\u00e9 en 2004 et qui revendique pr\u00e8s de trois millions d\u2019entr\u00e9es. Alil Vardar est \u00e9galement li\u00e9 \u00e0 la gestion de plusieurs salles de spectacles avec son fr\u00e8re Hazis. Le th\u00e9\u00e2tre de La Sc\u00e8ne, ouvert dans le quartier de la Meinau \u00e0 Strasbourg en 2019, est ainsi pr\u00e9sent\u00e9 comme une cr\u00e9ation des deux fr\u00e8res. En novembre dernier, Franck Leb\u0153uf y a jou\u00e9 Hernie fiscale , mis en sc\u00e8ne par Alil Vardar. Ce dernier doit y donner une repr\u00e9sentation de sa nouvelle pi\u00e8ce, Sept sc\u00e8nes de m\u00e9nage,  avec l\u2019actrice Rebecca Hampton, le vendredi 9\u00a0mai.<\/p>\n","protected":false},"excerpt":{"rendered":"Le journal T\u00e9l\u00e9rama publie ce 28\u00a0avril les t\u00e9moignages de vingt femmes qui font \u00e9tat d\u2019humiliations, d\u2019attouchements ou de&hellip;\n","protected":false},"author":2,"featured_media":62133,"comment_status":"","ping_status":"","sticky":false,"template":"","format":"standard","meta":{"footnotes":""},"categories":[2820],"tags":[1111,11,2389,1687,2880,1777,674,107,1011,27,775,12,25,3140,640,2879],"class_list":{"0":"post-62132","1":"post","2":"type-post","3":"status-publish","4":"format-standard","5":"has-post-thumbnail","7":"category-strasbourg","8":"tag-actu","9":"tag-actualites","10":"tag-alsace","11":"tag-culture-loisirs","12":"tag-edition-strasbourg","13":"tag-eu","14":"tag-europe","15":"tag-fil-info","16":"tag-fr","17":"tag-france","18":"tag-grand-est","19":"tag-news","20":"tag-republique-francaise","21":"tag-spectacle","22":"tag-strasbourg","23":"tag-strasbourg-ville"},"share_on_mastodon":{"url":"https:\/\/pubeurope.com\/@fr\/114422022365579517","error":""},"_links":{"self":[{"href":"https:\/\/www.europesays.com\/fr\/wp-json\/wp\/v2\/posts\/62132","targetHints":{"allow":["GET"]}}],"collection":[{"href":"https:\/\/www.europesays.com\/fr\/wp-json\/wp\/v2\/posts"}],"about":[{"href":"https:\/\/www.europesays.com\/fr\/wp-json\/wp\/v2\/types\/post"}],"author":[{"embeddable":true,"href":"https:\/\/www.europesays.com\/fr\/wp-json\/wp\/v2\/users\/2"}],"replies":[{"embeddable":true,"href":"https:\/\/www.europesays.com\/fr\/wp-json\/wp\/v2\/comments?post=62132"}],"version-history":[{"count":0,"href":"https:\/\/www.europesays.com\/fr\/wp-json\/wp\/v2\/posts\/62132\/revisions"}],"wp:featuredmedia":[{"embeddable":true,"href":"https:\/\/www.europesays.com\/fr\/wp-json\/wp\/v2\/media\/62133"}],"wp:attachment":[{"href":"https:\/\/www.europesays.com\/fr\/wp-json\/wp\/v2\/media?parent=62132"}],"wp:term":[{"taxonomy":"category","embeddable":true,"href":"https:\/\/www.europesays.com\/fr\/wp-json\/wp\/v2\/categories?post=62132"},{"taxonomy":"post_tag","embeddable":true,"href":"https:\/\/www.europesays.com\/fr\/wp-json\/wp\/v2\/tags?post=62132"}],"curies":[{"name":"wp","href":"https:\/\/api.w.org\/{rel}","templated":true}]}}