{"id":621327,"date":"2025-12-25T09:54:15","date_gmt":"2025-12-25T09:54:15","guid":{"rendered":"https:\/\/www.europesays.com\/fr\/621327\/"},"modified":"2025-12-25T09:54:15","modified_gmt":"2025-12-25T09:54:15","slug":"cyclisme-le-club-de-charvieu-chavagneux-signe-un-gros-coup-en-recrutant-un-ancien-professionnel","status":"publish","type":"post","link":"https:\/\/www.europesays.com\/fr\/621327\/","title":{"rendered":"Cyclisme. Le club de Charvieu-Chavagneux signe un gros coup en recrutant un ancien professionnel"},"content":{"rendered":"<p>C&rsquo;est un gros coup qu&rsquo;a r\u00e9alis\u00e9 le club de Charvieu-Chavagneux, engag\u00e9 en Nationale 1, sur le march\u00e9 des transferts. La formation nord-is\u00e9roise a annonc\u00e9 la signature pour 2026 de Lucas Boniface, qui \u00e9voluait en 2025 avec TotalEnergies. Non-conserv\u00e9 par la ProTeam vend\u00e9enne, il rebondit pour la saison \u00e0 venir.\u00a0<\/p>\n<p>\u00c2g\u00e9 de 25 ans, Lucas Boniface compte \u00e0 son palmar\u00e8s un nombre cons\u00e9quent de places d&rsquo;honneurs, acquises gr\u00e2ce \u00e0 sa pointe de vitesse. A commencer par une troisi\u00e8me place sur une \u00e9tape du Tour de Turquie, ou encore une 8e place\u00a0au Tour de Cologne, en 2025.\u00a0<\/p>\n<p>S&rsquo;il r\u00e9trograde de niveau en rejoignant une N1, Lucas Boniface peut esp\u00e9rer retrouver\u00a0le grand monde rapidemment \u00e0 la faveur du <a href=\"https:\/\/www.ledauphine.com\/sport\/2025\/12\/03\/le-ccic-prend-la-roue-des-unibet-rose-rockets\" target=\"_blank\" rel=\"noopener\">partenariat\u00a0de l&rsquo;\u00e9quipe is\u00e9roise avec Unibet Rose Rockets<\/a>, qui a permis cette ann\u00e9e \u00e0 Colin Savioz de <a href=\"https:\/\/www.ledauphine.com\/sport\/2025\/11\/17\/colin-savioz-va-changer-de-braquet\" target=\"_blank\" rel=\"noopener\">vite retrouver les rangs professionnels<\/a> apr\u00e8s une ann\u00e9e au CCIC.<\/p>\n","protected":false},"excerpt":{"rendered":"C&rsquo;est un gros coup qu&rsquo;a r\u00e9alis\u00e9 le club de Charvieu-Chavagneux, engag\u00e9 en Nationale 1, sur le march\u00e9 des&hellip;\n","protected":false},"author":2,"featured_media":621328,"comment_status":"","ping_status":"","sticky":false,"template":"","format":"standard","meta":{"footnotes":""},"categories":[1411],"tags":[16267,1154,207,115,1701,1011,27,108,517,1947,60],"class_list":{"0":"post-621327","1":"post","2":"type-post","3":"status-publish","4":"format-standard","5":"has-post-thumbnail","7":"category-cyclisme","8":"tag-charvieu-chavagneux","9":"tag-cycling","10":"tag-cyclisme","11":"tag-edition-bourgoin-jallieu-nord-dauphine","12":"tag-fil-info-sport","13":"tag-fr","14":"tag-france","15":"tag-isere","16":"tag-sport","17":"tag-sport-national","18":"tag-sports"},"share_on_mastodon":{"url":"https:\/\/pubeurope.com\/@fr\/115779604664122172","error":""},"_links":{"self":[{"href":"https:\/\/www.europesays.com\/fr\/wp-json\/wp\/v2\/posts\/621327","targetHints":{"allow":["GET"]}}],"collection":[{"href":"https:\/\/www.europesays.com\/fr\/wp-json\/wp\/v2\/posts"}],"about":[{"href":"https:\/\/www.europesays.com\/fr\/wp-json\/wp\/v2\/types\/post"}],"author":[{"embeddable":true,"href":"https:\/\/www.europesays.com\/fr\/wp-json\/wp\/v2\/users\/2"}],"replies":[{"embeddable":true,"href":"https:\/\/www.europesays.com\/fr\/wp-json\/wp\/v2\/comments?post=621327"}],"version-history":[{"count":0,"href":"https:\/\/www.europesays.com\/fr\/wp-json\/wp\/v2\/posts\/621327\/revisions"}],"wp:featuredmedia":[{"embeddable":true,"href":"https:\/\/www.europesays.com\/fr\/wp-json\/wp\/v2\/media\/621328"}],"wp:attachment":[{"href":"https:\/\/www.europesays.com\/fr\/wp-json\/wp\/v2\/media?parent=621327"}],"wp:term":[{"taxonomy":"category","embeddable":true,"href":"https:\/\/www.europesays.com\/fr\/wp-json\/wp\/v2\/categories?post=621327"},{"taxonomy":"post_tag","embeddable":true,"href":"https:\/\/www.europesays.com\/fr\/wp-json\/wp\/v2\/tags?post=621327"}],"curies":[{"name":"wp","href":"https:\/\/api.w.org\/{rel}","templated":true}]}}