{"id":621333,"date":"2025-12-25T09:57:13","date_gmt":"2025-12-25T09:57:13","guid":{"rendered":"https:\/\/www.europesays.com\/fr\/621333\/"},"modified":"2025-12-25T09:57:13","modified_gmt":"2025-12-25T09:57:13","slug":"un-infirmier-et-sculpteur-antibois-fait-une-exposition-en-arabie-saoudite","status":"publish","type":"post","link":"https:\/\/www.europesays.com\/fr\/621333\/","title":{"rendered":"un infirmier et sculpteur antibois fait une exposition en Arabie saoudite"},"content":{"rendered":"<p class=\"fs-5 \">Il y a des rencontres qui changent des vies. Pour Sofiane, infirmier lib\u00e9ral \u00e0 Antibes, une visite \u00e0 domicile a r\u00e9veill\u00e9 l\u2019artiste qui sommeillait en lui. Sous le nom de <a href=\"https:\/\/www.instagram.com\/kadystudio?igsh=MWRqYTVsMTFyNzRneA==\" target=\"_blank\" rel=\"nofollow noopener\">KadyStudio<\/a>, ce <strong>sculpteur autodidacte<\/strong> a su transformer un d\u00e9clic en vocation internationale.<\/p>\n<p class=\"fs-5 \">Apr\u00e8s des expositions <strong>\u00e0 Monaco, Saint-Tropez, Paris ou encore Reims<\/strong>, il franchit un nouveau cap en Arabie saoudite, o\u00f9 ses \u0153uvres contemporaines vont dialoguer \u2013 jusqu\u2019au 16 f\u00e9vrier 2026 \u2013 avec l\u2019univers luxueux de l\u2019h\u00f4tel cinq \u00e9toiles Ritz-Carlton, \u00e0 Riyad.<\/p>\n<p>        <img src=\"https:\/\/www.europesays.com\/fr\/wp-content\/uploads\/2025\/12\/1766656633_98_b576714_ftp-1-14nkxakksqtm-villa-l-artaude-le-corbusier-pradet.jpg\"   loading=\"lazy\" decoding=\"async\" alt=\"La villa de 200\u00a0m2\u00a0 est class\u00e9e monument historique.\" class=\"img-fluid position-absolute w-100 object-fit-cover rounded-2\" width=\"600\" height=\"400\"\/><\/p>\n<p>                                                                                \u00ab C\u2019est ce que je veux faire \u00bb<\/p>\n<p class=\"fs-5 \">Tout commence en f\u00e9vrier 2020. Infirmier lib\u00e9ral \u00e0 Antibes, Sofiane se rend au domicile d\u2019une patiente. <strong>Stup\u00e9fait par les sculptures<\/strong> qui ornent son int\u00e9rieur, il apprend au bout de plusieurs rendez-vous qu\u2019elle en est l\u2019autrice. \u00ab Quand elle m\u2019a dit qu\u2019elle avait expos\u00e9 ses \u0153uvres aux quatre coins du monde, je me suis dit : \u201cc\u2019est ce que je veux faire\u201d. D\u00e8s que je suis rentr\u00e9, je me suis mis \u00e0 travailler et depuis, je ne me suis jamais arr\u00eat\u00e9. \u00bb Une r\u00e9v\u00e9lation tardive devenue une obsession cr\u00e9ative.<\/p>\n<p class=\"fs-5 \">Travaillant principalement la r\u00e9sine \u2013 un mat\u00e9riau qu\u2019il ma\u00eetrise pour sa rapidit\u00e9 et sa flexibilit\u00e9 \u2013, il r\u00e9alise des pi\u00e8ces en s\u00e9ries limit\u00e9es. Chaque sculpture, pens\u00e9e comme un puzzle, peut n\u00e9cessiter jusqu\u2019\u00e0 <strong>dix moules diff\u00e9rents<\/strong> pour un assemblage parfait. R\u00e9cemment, il a introduit des finitions chrom\u00e9es, confi\u00e9es \u00e0 des artisans sp\u00e9cialis\u00e9s, qui ajoutent une touche de luxe et de modernit\u00e9 \u00e0 ses cr\u00e9ations organiques.<\/p>\n<p>                                                                                \u00ab Faire conna\u00eetre l\u2019art fran\u00e7ais \u00e0 l\u2019international \u00bb<\/p>\n<p class=\"fs-5 \">Sa singularit\u00e9 a fini par attirer les regards au-del\u00e0 de nos fronti\u00e8res. Rep\u00e9r\u00e9 sur les r\u00e9seaux sociaux par l\u2019\u00e9quipe du Ritz-Carlton de Riyad, KadyStudio a \u00e9t\u00e9 invit\u00e9 \u00e0 exposer une dizaine de ses \u0153uvres dans le hall principal et les espaces lounge du palace. \u00ab Mon objectif est de montrer ce que je fais, de faire conna\u00eetre l\u2019art fran\u00e7ais \u00e0 l\u2019international. \u00bb<\/p>\n<p class=\"fs-5 \">Si la sculpture occupe d\u00e9sormais une place centrale, Sofiane n\u2019envisage pas pour autant d\u2019abandonner son m\u00e9tier d\u2019infirmier, qu\u2019il consid\u00e8re comme une source d\u2019\u00e9quilibre, d\u2019humanit\u00e9 et d\u2019inspiration au quotidien. Prochaine \u00e9tape artistique : se confronter au bronze, un mat\u00e9riau noble qui incarne \u00e0 ses yeux l\u2019aboutissement et la p\u00e9rennit\u00e9 de son travail.<\/p>\n<p>                                                                                                        <script async src=\"\/\/www.instagram.com\/embed.js\"><\/script><\/p>\n","protected":false},"excerpt":{"rendered":"Il y a des rencontres qui changent des vies. Pour Sofiane, infirmier lib\u00e9ral \u00e0 Antibes, une visite \u00e0&hellip;\n","protected":false},"author":2,"featured_media":621334,"comment_status":"","ping_status":"","sticky":false,"template":"","format":"standard","meta":{"footnotes":""},"categories":[1358],"tags":[1348,1384,1385,1386,58,59,1011,27],"class_list":{"0":"post-621333","1":"post","2":"type-post","3":"status-publish","4":"format-standard","5":"has-post-thumbnail","7":"category-arts-et-design","8":"tag-arts","9":"tag-arts-and-design","10":"tag-arts-et-design","11":"tag-design","12":"tag-divertissement","13":"tag-entertainment","14":"tag-fr","15":"tag-france"},"share_on_mastodon":{"url":"https:\/\/pubeurope.com\/@fr\/115779616439897313","error":""},"_links":{"self":[{"href":"https:\/\/www.europesays.com\/fr\/wp-json\/wp\/v2\/posts\/621333","targetHints":{"allow":["GET"]}}],"collection":[{"href":"https:\/\/www.europesays.com\/fr\/wp-json\/wp\/v2\/posts"}],"about":[{"href":"https:\/\/www.europesays.com\/fr\/wp-json\/wp\/v2\/types\/post"}],"author":[{"embeddable":true,"href":"https:\/\/www.europesays.com\/fr\/wp-json\/wp\/v2\/users\/2"}],"replies":[{"embeddable":true,"href":"https:\/\/www.europesays.com\/fr\/wp-json\/wp\/v2\/comments?post=621333"}],"version-history":[{"count":0,"href":"https:\/\/www.europesays.com\/fr\/wp-json\/wp\/v2\/posts\/621333\/revisions"}],"wp:featuredmedia":[{"embeddable":true,"href":"https:\/\/www.europesays.com\/fr\/wp-json\/wp\/v2\/media\/621334"}],"wp:attachment":[{"href":"https:\/\/www.europesays.com\/fr\/wp-json\/wp\/v2\/media?parent=621333"}],"wp:term":[{"taxonomy":"category","embeddable":true,"href":"https:\/\/www.europesays.com\/fr\/wp-json\/wp\/v2\/categories?post=621333"},{"taxonomy":"post_tag","embeddable":true,"href":"https:\/\/www.europesays.com\/fr\/wp-json\/wp\/v2\/tags?post=621333"}],"curies":[{"name":"wp","href":"https:\/\/api.w.org\/{rel}","templated":true}]}}