{"id":621335,"date":"2025-12-25T09:59:13","date_gmt":"2025-12-25T09:59:13","guid":{"rendered":"https:\/\/www.europesays.com\/fr\/621335\/"},"modified":"2025-12-25T09:59:13","modified_gmt":"2025-12-25T09:59:13","slug":"audiences-access-le-20-heures-de-jean-baptiste-boursier-largement-devant-jean-baptiste-marteau-the-cerveau-au-plus-bas-sur-w9","status":"publish","type":"post","link":"https:\/\/www.europesays.com\/fr\/621335\/","title":{"rendered":"Audiences access : Le \u00ab\u00a020 Heures\u00a0\u00bb de Jean-Baptiste Boursier largement devant Jean-Baptiste Marteau, \u00ab\u00a0The Cerveau\u00a0\u00bb au plus bas sur W9"},"content":{"rendered":"<p>La suite apr\u00e8s la publicit\u00e9<\/p>\n<p>En raison du faible nombre de t\u00e9l\u00e9spectateurs pr\u00e9sents devant le petit \u00e9cran, les audiences du r\u00e9veillon de No\u00ebl sont traditionnellement beaucoup plus faibles.<\/p>\n<p>Les JT<\/p>\n<p>Le \u00ab\u00a020 Heures\u00a0\u00bb de TF1 \u2013 Jean-Baptiste Boursier (19h58-20h43) :<strong> 3,35 millions (30,3%)\u00a0<\/strong><br \/>Le \u00ab\u00a020 Heures\u00a0\u00bb de France 2 (19h58-20h33) \u2013 Jean-Baptiste Marteau :<strong> 2,11 millions (19,1%)\u00a0<\/strong><br \/>\u00ab\u00a0Nous les europ\u00e9ens\u00a0\u00bb (20h35-20h50) :<strong> 1,95 million (17,4%)<\/strong><br \/>Le \u00ab\u00a019.45\u00a0\u00bb de M6 (19h48-20h20) \u2013 Cyrielle Stadler : <strong>1,10 million (10,1%)\u00a0<\/strong><\/p>\n<p>Sur TF1, le \u00ab\u00a020 Heures\u00a0\u00bb de Jean-Baptiste Boursier gagne 1,9 point en 24 heures alors que le \u00ab\u00a020 Heures\u00a0\u00bb de Jean-Baptiste Marteau perd 3,1 points et passe sous la barre des 20%.<br \/>L&rsquo;\u00e9cart entre les deux journaux \u00e9tait cons\u00e9quent hier soir : 1,24 millions et 11,2 points \u00e0 l&rsquo;avantage de TF1.<br \/>Sur M6, le \u00ab\u00a019.45\u00a0\u00bb chute de 3,8 points mais reste au-dessus des 10%.\u00a0<\/p>\n<p>Les talks<\/p>\n<p>\u00ab\u00a028 minutes\u00a0\u00bb (Arte \/ 20h07-20h53) : <strong>320.000 (2,9%)\u00a0<\/strong><br \/>\u00a0<br \/>Le talk d&rsquo;Arte perd 1,0 point en 24 heures.<\/p>\n<p>Le divertissement<\/p>\n<p>\u00ab\u00a0Le grand b\u00eatisier\u00a0\u00bb (TMC \/ 19h40-21h13) : <strong>732.000 (6,6%)\u00a0<\/strong><\/p>\n<p><a href=\"https:\/\/www.ozap.com\/actu\/audiences-quel-programme-entre-les-12-coups-de-noel-sur-tf1-et-n-oubliez-pas-les-enfants-sur-france-2-a-pris-le-leadership\/652990\" target=\"_blank\" rel=\"noopener\">Juste avant son carton en prime<\/a>, \u00ab\u00a0Le grand b\u00eatisier\u00a0\u00bb a cartonn\u00e9 en access.<\/p>\n<p>Les feuilletons<\/p>\n<p>\u00ab\u00a0Un si grand soleil\u00a0\u00bb (France 3 \/ 20h45-21h09) :<strong> 1,39 million (12,5%)\u00a0<\/strong><br \/>\u00ab\u00a0Sc\u00e8nes de m\u00e9nages\u00a0\u00bb (M6 \/ 20h47-21h04) : <strong>1,35 million (12,1%)\u00a0<\/strong><br \/>\u00a0<br \/>\u00ab\u00a0Un si grand soleil\u00a0\u00bb perd 0,5 point en 24 heures.<br \/>Nette baisse pour \u00ab\u00a0Sc\u00e8nes de m\u00e9nages\u00a0\u00bb qui perd 1,1 point mais qui reste \u00e0 un bon niveau.\u00a0<\/p>\n<p>Les magazines de sport<\/p>\n<p>\u00ab\u00a0Tout le sport\u00a0\u00bb (France 3 \/ 19h59-20h07) :<strong> 567.000 (5,2%)\u00a0<\/strong><br \/>\u00ab\u00a0Wheeler Dealers France\u00a0\u00bb (RMC D\u00e9couverte \/ 19h58-21h09) :<strong> 184.000 (1,7%)\u00a0<\/strong><\/p>\n<p>\u00ab\u00a0Tout le sport\u00a0\u00bb gagne 1,1 point et passe la barre des 5% de PDA.<\/p>\n<p>L&rsquo;\u00e9mission de t\u00e9l\u00e9-r\u00e9alit\u00e9<\/p>\n<p>\u00ab\u00a0The Cerveau\u00a0\u00bb (W9 \/ 19h50) : <strong>148.000 (1,3%)<\/strong><\/p>\n<p>Sur W9, \u00ab\u00a0The Cerveau\u00a0\u00bb est au plus bas et signe de mauvais scores sur cibles : 2,1% sur les 25-49 ans et 1,5% sur les FRDA-50.<\/p>\n<p>Chiffres M\u00e9diam\u00e9trie.<\/p>\n","protected":false},"excerpt":{"rendered":"La suite apr\u00e8s la publicit\u00e9 En raison du faible nombre de t\u00e9l\u00e9spectateurs pr\u00e9sents devant le petit \u00e9cran, les&hellip;\n","protected":false},"author":2,"featured_media":621336,"comment_status":"","ping_status":"","sticky":false,"template":"","format":"standard","meta":{"footnotes":""},"categories":[1356],"tags":[58,59,1011,27,252,1364],"class_list":{"0":"post-621335","1":"post","2":"type-post","3":"status-publish","4":"format-standard","5":"has-post-thumbnail","7":"category-television","8":"tag-divertissement","9":"tag-entertainment","10":"tag-fr","11":"tag-france","12":"tag-television","13":"tag-tv"},"share_on_mastodon":{"url":"https:\/\/pubeurope.com\/@fr\/115779624200122935","error":""},"_links":{"self":[{"href":"https:\/\/www.europesays.com\/fr\/wp-json\/wp\/v2\/posts\/621335","targetHints":{"allow":["GET"]}}],"collection":[{"href":"https:\/\/www.europesays.com\/fr\/wp-json\/wp\/v2\/posts"}],"about":[{"href":"https:\/\/www.europesays.com\/fr\/wp-json\/wp\/v2\/types\/post"}],"author":[{"embeddable":true,"href":"https:\/\/www.europesays.com\/fr\/wp-json\/wp\/v2\/users\/2"}],"replies":[{"embeddable":true,"href":"https:\/\/www.europesays.com\/fr\/wp-json\/wp\/v2\/comments?post=621335"}],"version-history":[{"count":0,"href":"https:\/\/www.europesays.com\/fr\/wp-json\/wp\/v2\/posts\/621335\/revisions"}],"wp:featuredmedia":[{"embeddable":true,"href":"https:\/\/www.europesays.com\/fr\/wp-json\/wp\/v2\/media\/621336"}],"wp:attachment":[{"href":"https:\/\/www.europesays.com\/fr\/wp-json\/wp\/v2\/media?parent=621335"}],"wp:term":[{"taxonomy":"category","embeddable":true,"href":"https:\/\/www.europesays.com\/fr\/wp-json\/wp\/v2\/categories?post=621335"},{"taxonomy":"post_tag","embeddable":true,"href":"https:\/\/www.europesays.com\/fr\/wp-json\/wp\/v2\/tags?post=621335"}],"curies":[{"name":"wp","href":"https:\/\/api.w.org\/{rel}","templated":true}]}}