{"id":621337,"date":"2025-12-25T10:00:24","date_gmt":"2025-12-25T10:00:24","guid":{"rendered":"https:\/\/www.europesays.com\/fr\/621337\/"},"modified":"2025-12-25T10:00:24","modified_gmt":"2025-12-25T10:00:24","slug":"suivez-la-tournee-du-pere-noel-en-direct","status":"publish","type":"post","link":"https:\/\/www.europesays.com\/fr\/621337\/","title":{"rendered":"Suivez la tourn\u00e9e du P\u00e8re No\u00ebl en direct"},"content":{"rendered":"<p>Comme chaque ann\u00e9e, la tourn\u00e9e du P\u00e8re No\u00ebl peut \u00eatre suivie en direct.<\/p>\n<p>C&rsquo;est l&rsquo;heure du r\u00e9veillon de No\u00ebl !\u00a0<\/p>\n<p>Plus que quelques heures avant de d\u00e9couvrir ce que le P\u00e8re No\u00ebl nous a apport\u00e9 comme cadeaux (si vous les ouvrez le 24 d\u00e9cembre au soir). Sinon, ce sera demain matin.\u00a0<\/p>\n<p>Le P\u00e8re No\u00ebl attendu en France vers minuit<\/p>\n<p>En attendant son arriv\u00e9e chez nous, on peut suivre sa tourn\u00e9e en temps r\u00e9el sur le site <a class=\"url\" href=\"https:\/\/santatracker.google.com\/#\/tracker\/world\" target=\"_blank\" rel=\"noopener\">Santa Tracker<\/a>.\u00a0<\/p>\n<p>Il est attendu <b>aux alentours de minuit<\/b> en France. Patience&#8230;<\/p>\n<p><\/p>\n","protected":false},"excerpt":{"rendered":"Comme chaque ann\u00e9e, la tourn\u00e9e du P\u00e8re No\u00ebl peut \u00eatre suivie en direct. C&rsquo;est l&rsquo;heure du r\u00e9veillon de&hellip;\n","protected":false},"author":2,"featured_media":621338,"comment_status":"","ping_status":"","sticky":false,"template":"","format":"standard","meta":{"footnotes":""},"categories":[1355],"tags":[814,58,59,1011,27,1361,873,73105,73106,12710],"class_list":{"0":"post-621337","1":"post","2":"type-post","3":"status-publish","4":"format-standard","5":"has-post-thumbnail","7":"category-musique","8":"tag-direct","9":"tag-divertissement","10":"tag-entertainment","11":"tag-fr","12":"tag-france","13":"tag-music","14":"tag-musique","15":"tag-pre-noel","16":"tag-santa-tracker","17":"tag-tourne"},"share_on_mastodon":{"url":"https:\/\/pubeurope.com\/@fr\/115779628287719535","error":""},"_links":{"self":[{"href":"https:\/\/www.europesays.com\/fr\/wp-json\/wp\/v2\/posts\/621337","targetHints":{"allow":["GET"]}}],"collection":[{"href":"https:\/\/www.europesays.com\/fr\/wp-json\/wp\/v2\/posts"}],"about":[{"href":"https:\/\/www.europesays.com\/fr\/wp-json\/wp\/v2\/types\/post"}],"author":[{"embeddable":true,"href":"https:\/\/www.europesays.com\/fr\/wp-json\/wp\/v2\/users\/2"}],"replies":[{"embeddable":true,"href":"https:\/\/www.europesays.com\/fr\/wp-json\/wp\/v2\/comments?post=621337"}],"version-history":[{"count":0,"href":"https:\/\/www.europesays.com\/fr\/wp-json\/wp\/v2\/posts\/621337\/revisions"}],"wp:featuredmedia":[{"embeddable":true,"href":"https:\/\/www.europesays.com\/fr\/wp-json\/wp\/v2\/media\/621338"}],"wp:attachment":[{"href":"https:\/\/www.europesays.com\/fr\/wp-json\/wp\/v2\/media?parent=621337"}],"wp:term":[{"taxonomy":"category","embeddable":true,"href":"https:\/\/www.europesays.com\/fr\/wp-json\/wp\/v2\/categories?post=621337"},{"taxonomy":"post_tag","embeddable":true,"href":"https:\/\/www.europesays.com\/fr\/wp-json\/wp\/v2\/tags?post=621337"}],"curies":[{"name":"wp","href":"https:\/\/api.w.org\/{rel}","templated":true}]}}