{"id":621339,"date":"2025-12-25T10:01:29","date_gmt":"2025-12-25T10:01:29","guid":{"rendered":"https:\/\/www.europesays.com\/fr\/621339\/"},"modified":"2025-12-25T10:01:29","modified_gmt":"2025-12-25T10:01:29","slug":"le-grand-rex-relance-son-festival-de-la-bande-annonce","status":"publish","type":"post","link":"https:\/\/www.europesays.com\/fr\/621339\/","title":{"rendered":"Le Grand Rex relance son festival de la bande-annonce"},"content":{"rendered":"<p>\n    La salle parisienne consacre une soir\u00e9e gratuite, le 5 janvier, aux films promotionnels des productions attendues en 2026.<\/p>\n<p class=\"fig-paragraph\">\u00ab\u00a0Vous nous le demandez depuis longtemps\u00a0\u00bb a annonc\u00e9\u00a0<a href=\"http:\/\/www.lefigaro.fr\/actualite-france\/voir-sans-les-yeux-exploration-des-vies-anterieures-reincarnation-quand-le-grand-rex-heberge-un-spectacle-entre-esoterisme-et-charlatanisme-20250618\" data-fig-type=\"Article\" data-gtm-custom-categorie=\"navigation\" data-gtm-custom-action=\"crossclick\" data-gtm-custom-label=\"Contextuel\" data-gtm-event=\"customEventSPE\" data-fig-domain=\"LEFIGARO\" target=\"_blank\" rel=\"noopener\">Le Grand Rex<\/a>\u00a0sur ses r\u00e9seaux sociaux, le 22 d\u00e9cembre. La salle parisienne organise la sixi\u00e8me \u00e9dition de son festival de la bande-annonce, qui aura lieu le 5 janvier 2026. D\u2019une dur\u00e9e de deux heures, la soir\u00e9e sera gratuite et pr\u00e9voit la diffusion de 40 \u00e0 50 films promotionnels. L\u2019\u00e9v\u00e9nement sera consacr\u00e9 aux bandes-annonces des films fran\u00e7ais et \u00e9trangers les plus attendus de l\u2019ann\u00e9e 2026.<\/p>\n<p class=\"fig-paragraph\">La derni\u00e8re \u00e9dition remontait \u00e0 2017. \u00ab Apr\u00e8s le Covid, nous avons eu moins de places disponibles, car notre grande salle est souvent r\u00e9serv\u00e9e pour de grands \u00e9v\u00e9nements et avec la sortie du nouveau film Avatar, j\u2019ai eu envie de relancer l\u2019\u00e9v\u00e9nement \u00bb, explique Alexandre Hellmann, directeur g\u00e9n\u00e9ral du Grand Rex. L\u2019id\u00e9e du festival est n\u00e9e avec la bande-annonce du film Man of Steel en 2013. \u00ab Quand j\u2019ai vu Superman s\u2019envoler dans l\u2019espace, j\u2019ai r\u00e9alis\u00e9 qu\u2019il fallait voir cette bande-annonce sur grand \u00e9cran. YouTube, c\u2019est bien pour la premi\u00e8re d\u00e9couverte, mais le vrai spectacle se vit en salle\u00a0\u00bb, confie-t-il.<\/p>\n<p>                                            <a class=\"fig-a11y-skip\" href=\"#fig-a11y-skip-main-inarticle\" data-module=\"a11y-skip\" data-context=\"was @visible\"><br \/>\n    Passer la publicit\u00e9<br \/>\n<\/a>            <\/p>\n<p>                                            \u00ab Un esprit festif\u00a0\u00bb<\/p>\n<p class=\"fig-paragraph\">L\u2019\u00e9v\u00e9nement est pr\u00e9sent\u00e9 comme un festival, m\u00eame s\u2019il n\u2019en a pas exactement la forme traditionnelle. Il s\u2019agit plut\u00f4t d\u2019une soir\u00e9e gratuite et conviviale, orchestr\u00e9e \u00abdans un esprit festif avec un animateur pr\u00e9sent pour guider la salle et lors duquel le public peut applaudir ou huer les bandes-annonces\u00bb, pr\u00e9cise Alexandre Hellmann.<\/p>\n<p class=\"fig-paragraph\">L\u2019affiche du festival, partag\u00e9e sur les r\u00e9seaux sociaux, a suscit\u00e9 de nombreuses r\u00e9actions. R\u00e9alis\u00e9e gr\u00e2ce \u00e0 l\u2019intelligence artificielle, elle montre des affiches de films fictifs plut\u00f4t que des films existants, avec toutefois des personnages reconnaissables comme\u00a0<a href=\"http:\/\/www.lefigaro.fr\/cinema\/scarlett-johansson-en-negociation-pour-rejoindre-le-casting-de-the-batman-2-20251207\" data-fig-type=\"Article\" data-gtm-custom-categorie=\"navigation\" data-gtm-custom-action=\"crossclick\" data-gtm-custom-label=\"Contextuel\" data-gtm-event=\"customEventSPE\" data-fig-domain=\"LEFIGARO\" target=\"_blank\" rel=\"noopener\">Batman<\/a>. \u00ab J\u2019ai g\u00e9n\u00e9r\u00e9 l\u2019affiche avec l\u2019intelligence artificielle en utilisant des films qui pourraient sortir, mais ce n\u2019est pas une affiche destin\u00e9e \u00e0 r\u00e9v\u00e9ler les films\u00a0\u00bb, souligne le directeur.<\/p>\n<p class=\"fig-paragraph\">L\u2019ann\u00e9e 2026 s\u2019annonce riche en grands films. Ce festival de bandes-annonces offre une occasion unique de d\u00e9couvrir en avant-premi\u00e8re des extraits de blockbusters, drames et autres grandes productions \u00e0 venir. Parmi les films attendus, on trouve\u00a0<a href=\"http:\/\/www.lefigaro.fr\/cinema\/le-festival-de-toronto-sacre-hamnet-une-tragedie-librement-inspiree-de-la-vie-de-shakespeare-20250915\" data-fig-type=\"NewsFlash\" data-gtm-custom-categorie=\"navigation\" data-gtm-custom-action=\"crossclick\" data-gtm-custom-label=\"Contextuel\" data-gtm-event=\"customEventSPE\" data-fig-domain=\"LEFIGARO\" target=\"_blank\" rel=\"noopener\">Hamnet<\/a>, la derni\u00e8re cr\u00e9ation de Chlo\u00e9 Zhao (21 janvier), la suite tant attendue de\u00a0<a href=\"http:\/\/www.lefigaro.fr\/cinema\/le-diable-s-habille-en-prada-2-anne-hathaway-et-meryl-streep-rivales-dans-la-premiere-bande-annonce-20251113\" data-fig-type=\"Article\" data-gtm-custom-categorie=\"navigation\" data-gtm-custom-action=\"crossclick\" data-gtm-custom-label=\"Contextuel\" data-gtm-event=\"customEventSPE\" data-fig-domain=\"LEFIGARO\" target=\"_blank\" rel=\"noopener\">Le Diable s\u2019habille en Prada 2<\/a> \u00a0avec David Frankel \u00e0 la r\u00e9alisation (29 avril), sans oublier\u00a0<a href=\"http:\/\/www.lefigaro.fr\/cinema\/troie-assiegee-naufrage-et-longueur-de-temps-christopher-nolan-leve-le-voile-sur-son-odyssee-dans-une-premiere-bande-annonce-20251222\" data-fig-type=\"Article\" data-gtm-custom-categorie=\"navigation\" data-gtm-custom-action=\"crossclick\" data-gtm-custom-label=\"Contextuel\" data-gtm-event=\"customEventSPE\" data-fig-domain=\"LEFIGARO\" target=\"_blank\" rel=\"noopener\">L\u2019Odyss\u00e9e<\/a> \u00a0de Christopher Nolan (15 juillet) ou<a href=\"http:\/\/www.lefigaro.fr\/cinema\/le-premier-teaser-d-avengers-doomsday-annonce-le-retour-de-chris-evans-20251222\" data-fig-type=\"Article\" data-gtm-custom-categorie=\"navigation\" data-gtm-custom-action=\"crossclick\" data-gtm-custom-label=\"Contextuel\" data-gtm-event=\"customEventSPE\" data-fig-domain=\"LEFIGARO\" target=\"_blank\" rel=\"noopener\">\u00a0Avengers Doomsday<\/a> \u00a0(16 d\u00e9cembre).<\/p>\n<p>                                            <strong>\u00c9lu plus beau cin\u00e9ma du monde<\/strong><\/p>\n<p class=\"fig-paragraph\">En f\u00e9vrier,\u00a0<a href=\"http:\/\/www.lefigaro.fr\/culture\/le-grand-rex-fete-ses-90-ans-retour-en-images-sur-le-destin-d-un-cinema-mythique-20221208\" target=\"_blank\" data-fig-type=\"Article\" rel=\"noopener\" data-gtm-custom-categorie=\"navigation\" data-gtm-custom-action=\"crossclick\" data-gtm-custom-label=\"Contextuel\" data-gtm-event=\"customEventSPE\" data-fig-domain=\"LEFIGARO\">Le Grand Rex<\/a>\u00a0a \u00e9t\u00e9 \u00e9lu le plus beau cin\u00e9ma au monde par le groupe britannique Time Out, sp\u00e9cialis\u00e9 dans les magazines de sorties culturelles et de voyages. Les journalistes du groupe ont \u00e9tabli\u00a0<a href=\"https:\/\/www.timeout.com\/film\/the-50-most-beautiful-cinemas-in-the-world\" target=\"_blank\" rel=\"sponsored noopener\" data-gtm-custom-categorie=\"navigation\" data-gtm-custom-action=\"crossclick\" data-gtm-custom-label=\"Contextuel\" data-gtm-event=\"customEventSPE\">leur classement\u00a0<\/a>des 50 plus belles salles de cin\u00e9ma du monde. Le prix revient donc cette ann\u00e9e \u00e0 l\u2019\u00e9tablissement situ\u00e9 boulevard Poissonni\u00e8re dans le IIe arrondissement de Paris, qui occupait, il y a cinq ans, la seconde place. \u00c0 l\u2019\u00e9poque, le Grand Rex avait \u00e9t\u00e9 devanc\u00e9 par le Path\u00e9 Tuschinski, situ\u00e9 \u00e0 Amsterdam.<\/p>\n","protected":false},"excerpt":{"rendered":"La salle parisienne consacre une soir\u00e9e gratuite, le 5 janvier, aux films promotionnels des productions attendues en 2026.&hellip;\n","protected":false},"author":2,"featured_media":621340,"comment_status":"","ping_status":"","sticky":false,"template":"","format":"standard","meta":{"footnotes":""},"categories":[1354],"tags":[1409,58,59,1346,1011,27,6170,1360],"class_list":{"0":"post-621339","1":"post","2":"type-post","3":"status-publish","4":"format-standard","5":"has-post-thumbnail","7":"category-films","8":"tag-bande-annonce","9":"tag-divertissement","10":"tag-entertainment","11":"tag-films","12":"tag-fr","13":"tag-france","14":"tag-grand-rex","15":"tag-movies"},"share_on_mastodon":{"url":"https:\/\/pubeurope.com\/@fr\/115779632127819615","error":""},"_links":{"self":[{"href":"https:\/\/www.europesays.com\/fr\/wp-json\/wp\/v2\/posts\/621339","targetHints":{"allow":["GET"]}}],"collection":[{"href":"https:\/\/www.europesays.com\/fr\/wp-json\/wp\/v2\/posts"}],"about":[{"href":"https:\/\/www.europesays.com\/fr\/wp-json\/wp\/v2\/types\/post"}],"author":[{"embeddable":true,"href":"https:\/\/www.europesays.com\/fr\/wp-json\/wp\/v2\/users\/2"}],"replies":[{"embeddable":true,"href":"https:\/\/www.europesays.com\/fr\/wp-json\/wp\/v2\/comments?post=621339"}],"version-history":[{"count":0,"href":"https:\/\/www.europesays.com\/fr\/wp-json\/wp\/v2\/posts\/621339\/revisions"}],"wp:featuredmedia":[{"embeddable":true,"href":"https:\/\/www.europesays.com\/fr\/wp-json\/wp\/v2\/media\/621340"}],"wp:attachment":[{"href":"https:\/\/www.europesays.com\/fr\/wp-json\/wp\/v2\/media?parent=621339"}],"wp:term":[{"taxonomy":"category","embeddable":true,"href":"https:\/\/www.europesays.com\/fr\/wp-json\/wp\/v2\/categories?post=621339"},{"taxonomy":"post_tag","embeddable":true,"href":"https:\/\/www.europesays.com\/fr\/wp-json\/wp\/v2\/tags?post=621339"}],"curies":[{"name":"wp","href":"https:\/\/api.w.org\/{rel}","templated":true}]}}