{"id":62134,"date":"2025-04-29T15:44:09","date_gmt":"2025-04-29T15:44:09","guid":{"rendered":"https:\/\/www.europesays.com\/fr\/62134\/"},"modified":"2025-04-29T15:44:09","modified_gmt":"2025-04-29T15:44:09","slug":"strasbourg-les-noms-des-1-896-victimes-de-la-shoah-dans-le-bas-rhin-lus-au-jardin-memoriel","status":"publish","type":"post","link":"https:\/\/www.europesays.com\/fr\/62134\/","title":{"rendered":"Strasbourg. Les noms des 1\u00a0896 victimes de la Shoah dans le Bas-Rhin lus au jardin m\u00e9moriel"},"content":{"rendered":"<p>Ils \u00e9taient tous l\u00e0\u00a0pour Yom Hashoah ou \u00ab\u00a0Journ\u00e9e de la Shoah\u00a0\u00bb dimanche 27\u00a0avril \u00e0 Strasbourg\u00a0: Floriane Varieras pour la Ville de Strasbourg et Georges Schuler pour l\u2019Eurom\u00e9tropole, Jean-Louis Hoerl\u00e9 pour la Collectivit\u00e9 europ\u00e9enne d\u2019Alsace et Gabrielle Rosner-Bloch pour la R\u00e9gion Grand Est.<\/p>\n<p>Organis\u00e9e par le <a href=\"https:\/\/www.dna.fr\/politique\/2025\/02\/23\/conflit-israel-hamas-une-foule-dense-rassemblee-devant-la-synagogue\" target=\"_blank\" rel=\"nofollow noopener\">Crif Alsace<\/a> sous la houlette de son pr\u00e9sident Pierre Haas, excus\u00e9 ce jour-l\u00e0, par le Consistoire isra\u00e9lite du Bas-Rhin et par l\u2019Union juive lib\u00e9rale de Strasbourg, la c\u00e9r\u00e9monie avait cette ann\u00e9e une r\u00e9sonance particuli\u00e8re. Elle se tenait pour&#8230;<\/p>\n","protected":false},"excerpt":{"rendered":"Ils \u00e9taient tous l\u00e0\u00a0pour Yom Hashoah ou \u00ab\u00a0Journ\u00e9e de la Shoah\u00a0\u00bb dimanche 27\u00a0avril \u00e0 Strasbourg\u00a0: Floriane Varieras pour&hellip;\n","protected":false},"author":2,"featured_media":62135,"comment_status":"","ping_status":"","sticky":false,"template":"","format":"standard","meta":{"footnotes":""},"categories":[2820],"tags":[1111,11,2649,2880,1777,674,107,1011,27,775,937,12,5889,25,104,640,2879],"class_list":{"0":"post-62134","1":"post","2":"type-post","3":"status-publish","4":"format-standard","5":"has-post-thumbnail","7":"category-strasbourg","8":"tag-actu","9":"tag-actualites","10":"tag-bas-rhin","11":"tag-edition-strasbourg","12":"tag-eu","13":"tag-europe","14":"tag-fil-info","15":"tag-fr","16":"tag-france","17":"tag-grand-est","18":"tag-histoire","19":"tag-news","20":"tag-religion-croyance","21":"tag-republique-francaise","22":"tag-societe","23":"tag-strasbourg","24":"tag-strasbourg-ville"},"share_on_mastodon":{"url":"https:\/\/pubeurope.com\/@fr\/114422026309914969","error":""},"_links":{"self":[{"href":"https:\/\/www.europesays.com\/fr\/wp-json\/wp\/v2\/posts\/62134","targetHints":{"allow":["GET"]}}],"collection":[{"href":"https:\/\/www.europesays.com\/fr\/wp-json\/wp\/v2\/posts"}],"about":[{"href":"https:\/\/www.europesays.com\/fr\/wp-json\/wp\/v2\/types\/post"}],"author":[{"embeddable":true,"href":"https:\/\/www.europesays.com\/fr\/wp-json\/wp\/v2\/users\/2"}],"replies":[{"embeddable":true,"href":"https:\/\/www.europesays.com\/fr\/wp-json\/wp\/v2\/comments?post=62134"}],"version-history":[{"count":0,"href":"https:\/\/www.europesays.com\/fr\/wp-json\/wp\/v2\/posts\/62134\/revisions"}],"wp:featuredmedia":[{"embeddable":true,"href":"https:\/\/www.europesays.com\/fr\/wp-json\/wp\/v2\/media\/62135"}],"wp:attachment":[{"href":"https:\/\/www.europesays.com\/fr\/wp-json\/wp\/v2\/media?parent=62134"}],"wp:term":[{"taxonomy":"category","embeddable":true,"href":"https:\/\/www.europesays.com\/fr\/wp-json\/wp\/v2\/categories?post=62134"},{"taxonomy":"post_tag","embeddable":true,"href":"https:\/\/www.europesays.com\/fr\/wp-json\/wp\/v2\/tags?post=62134"}],"curies":[{"name":"wp","href":"https:\/\/api.w.org\/{rel}","templated":true}]}}