{"id":621341,"date":"2025-12-25T10:02:11","date_gmt":"2025-12-25T10:02:11","guid":{"rendered":"https:\/\/www.europesays.com\/fr\/621341\/"},"modified":"2025-12-25T10:02:11","modified_gmt":"2025-12-25T10:02:11","slug":"repas-de-noel-ce-rituel-que-vous-prenez-a-la-legere-protege-en-realite-votre-sante-mentale-voila-pourquoi","status":"publish","type":"post","link":"https:\/\/www.europesays.com\/fr\/621341\/","title":{"rendered":"Repas de No\u00ebl : ce rituel que vous prenez \u00e0 la l\u00e9g\u00e8re prot\u00e8ge en r\u00e9alit\u00e9 votre sant\u00e9 mentale, voil\u00e0 pourquoi"},"content":{"rendered":"<p>On commente souvent le foie gras, la b\u00fbche et les kilos en trop,<br \/>\nbien moins ce que le <strong>repas de No\u00ebl<\/strong> provoque dans<br \/>\nla t\u00eate. Derri\u00e8re les plats copieux et les traditions bien rod\u00e9es,<br \/>\nce rendez-vous familial concentre beaucoup d\u2019\u00e9motions et de<br \/>\nsouvenirs. Mais que se passe\u2011t\u2011il vraiment du c\u00f4t\u00e9 du moral ?<\/p>\n<p>Pour beaucoup, cette p\u00e9riode de fin d\u2019ann\u00e9e arrive sur un fond<br \/>\nde fatigue, de stress et parfois de sentiment d\u2019isolement. Entre<br \/>\nlistes de cadeaux, organisation du menu et attentes familiales, ce<br \/>\nmoment peut sembler \u00e9crasant, voire anxiog\u00e8ne. Pourtant, plusieurs<br \/>\nsignaux montrent que ce rituel pourrait au contraire agir comme un<br \/>\nsoutien discret pour la <strong>sant\u00e9 mentale<\/strong>.<\/p>\n<p>Repas de No\u00ebl : une parenth\u00e8se pour la sant\u00e9 mentale<\/p>\n<p>Partag\u00e9 avec des proches, le repas devient un espace o\u00f9 l\u2019on<br \/>\nrit, o\u00f9 l\u2019on raconte l\u2019ann\u00e9e \u00e9coul\u00e9e et o\u00f9 l\u2019on retrouve des<br \/>\nvisages familiers autour d\u2019une table charg\u00e9e de souvenirs. Pour la<br \/>\npsychologue Am\u00e9lie Boukhobza, \u00ab\u00a0C\u2019est un moment de pause dans un<br \/>\nquotidien souvent fr\u00e9n\u00e9tique\u00a0\u00bb, explique-t-elle, cit\u00e9e par Marmiton.<br \/>\nElle le d\u00e9crit aussi comme \u00ab\u00a0Un moment hors un temps, d\u00e9connect\u00e9 des<br \/>\nresponsabilit\u00e9s habituelles pour se reconnecter \u00e0 l\u2019essentiel : les<br \/>\nautres\u00a0\u00bb.<\/p>\n<p>Entre les odeurs de cuisine et les verres qui s\u2019entrechoquent,<br \/>\nse rejoue ce <strong>sentiment d\u2019appartenance<\/strong>, le plaisir<br \/>\nsimple d\u2019\u00eatre ensemble. Ce moment agit comme un baume pour la sant\u00e9<br \/>\nmentale, en faisant reculer la solitude et l\u2019anxi\u00e9t\u00e9. Se retrouver<br \/>\nautour d\u2019une m\u00eame table nourrit notre besoin de connexion sociale<br \/>\net renforce la coh\u00e9sion du groupe, qu\u2019il s\u2019agisse de famille,<br \/>\nd\u2019amis ou de coll\u00e8gues.<\/p>\n<p>Ce que le repas de No\u00ebl fait au cerveau et aux sens<\/p>\n<p>Le bien-\u00eatre ne vient pas seulement de ce qui se passe dans<br \/>\nl\u2019assiette. Faire les courses, cuisiner \u00e0 plusieurs puis dresser la<br \/>\ntable cr\u00e9e un projet festif commun o\u00f9 chaque participation compte.<br \/>\nCette collaboration valorisante stimule la s\u00e9cr\u00e9tion<br \/>\nd\u2019<strong>endorphines<\/strong>, hormones associ\u00e9es \u00e0 la bonne<br \/>\nhumeur et \u00e0 un sentiment durable de satisfaction.<\/p>\n<p>Le d\u00e9cor joue aussi son r\u00f4le : chaleur des bougies, choses qui<br \/>\nscintillent, musiques de saison, odeurs de plats qui mijotent. La<br \/>\nd\u00e9gustation de bonne nourriture active les papilles et stimule la<br \/>\nproduction de <strong>dopamine<\/strong>, messager du plaisir. \u00ab\u00a0Bien<br \/>\nmanger, rire, partager des souvenirs ou r\u00e9inventer des traditions\u2026<br \/>\nC\u2019est un moment o\u00f9 on savoure au sens large, o\u00f9 on se laisse un peu<br \/>\naller \u00e0 l\u2019exc\u00e8s avec la certitude que \u00e7a nourrit plus que le<br \/>\ncorps\u00a0\u00bb, poursuit Am\u00e9lie Boukhobza.<\/p>\n<p>Quand le repas de No\u00ebl p\u00e8se sur le<br \/>\nmoral<\/p>\n<p>Tout le monde ne vit pas cette soir\u00e9e de la m\u00eame fa\u00e7on. No\u00ebl<br \/>\npeut raviver des blessures, rappeler une absence ou tendre<br \/>\nl\u2019atmosph\u00e8re quand les conflits familiaux ressurgissent. Dans ces<br \/>\ncas, l\u2019enjeu reste de se sentir reli\u00e9 \u00e0 un cercle, m\u00eame imparfait.<br \/>\n\u00ab\u00a0Et ce sentiment, m\u00eame fugace, fait un bien fou\u00a0\u00bb, rappelle la<br \/>\npsychologue Am\u00e9lie Boukhobza, \u00ab\u00a0il nous ancre, nous rassure, nous<br \/>\nr\u00e9chauffe et nous rappelle que nous ne sommes pas seuls\u00a0\u00bb.<\/p>\n","protected":false},"excerpt":{"rendered":"On commente souvent le foie gras, la b\u00fbche et les kilos en trop, bien moins ce que le&hellip;\n","protected":false},"author":2,"featured_media":621342,"comment_status":"","ping_status":"","sticky":false,"template":"","format":"standard","meta":{"footnotes":""},"categories":[10],"tags":[4983,652,1011,27,72,15830,206,71],"class_list":{"0":"post-621341","1":"post","2":"type-post","3":"status-publish","4":"format-standard","5":"has-post-thumbnail","7":"category-sante","8":"tag-bien-etre","9":"tag-famille","10":"tag-fr","11":"tag-france","12":"tag-health","13":"tag-noel","14":"tag-psycho","15":"tag-sante"},"share_on_mastodon":{"url":"https:\/\/pubeurope.com\/@fr\/115779636093686688","error":""},"_links":{"self":[{"href":"https:\/\/www.europesays.com\/fr\/wp-json\/wp\/v2\/posts\/621341","targetHints":{"allow":["GET"]}}],"collection":[{"href":"https:\/\/www.europesays.com\/fr\/wp-json\/wp\/v2\/posts"}],"about":[{"href":"https:\/\/www.europesays.com\/fr\/wp-json\/wp\/v2\/types\/post"}],"author":[{"embeddable":true,"href":"https:\/\/www.europesays.com\/fr\/wp-json\/wp\/v2\/users\/2"}],"replies":[{"embeddable":true,"href":"https:\/\/www.europesays.com\/fr\/wp-json\/wp\/v2\/comments?post=621341"}],"version-history":[{"count":0,"href":"https:\/\/www.europesays.com\/fr\/wp-json\/wp\/v2\/posts\/621341\/revisions"}],"wp:featuredmedia":[{"embeddable":true,"href":"https:\/\/www.europesays.com\/fr\/wp-json\/wp\/v2\/media\/621342"}],"wp:attachment":[{"href":"https:\/\/www.europesays.com\/fr\/wp-json\/wp\/v2\/media?parent=621341"}],"wp:term":[{"taxonomy":"category","embeddable":true,"href":"https:\/\/www.europesays.com\/fr\/wp-json\/wp\/v2\/categories?post=621341"},{"taxonomy":"post_tag","embeddable":true,"href":"https:\/\/www.europesays.com\/fr\/wp-json\/wp\/v2\/tags?post=621341"}],"curies":[{"name":"wp","href":"https:\/\/api.w.org\/{rel}","templated":true}]}}