{"id":621357,"date":"2025-12-25T10:11:26","date_gmt":"2025-12-25T10:11:26","guid":{"rendered":"https:\/\/www.europesays.com\/fr\/621357\/"},"modified":"2025-12-25T10:11:26","modified_gmt":"2025-12-25T10:11:26","slug":"moueffek-et-les-attaquants-devant-la-defense-sous-la-moyenne","status":"publish","type":"post","link":"https:\/\/www.europesays.com\/fr\/621357\/","title":{"rendered":"Moueffek et les attaquants devant, la d\u00e9fense sous la moyenne"},"content":{"rendered":"<p>\u00c0 l\u2019image du classement de l\u2019ASSE qui pointe d\u00e9sormais \u00e0 la 3e place du podium de Ligue 2, le bilan des notes des joueurs st\u00e9phanois est correct mais peut mieux faire. Apr\u00e8s chaque journ\u00e9e de championnat, les journalistes du Progr\u00e8s attribuent une appr\u00e9ciation de 1 \u00e0 10 \u00e0 chacun des acteurs du match qui ont jou\u00e9 au moins 45 minutes.<\/p>\n<p>Dans cet exercice, forc\u00e9ment subjectif, Joshua Duffus (6,22) est le mieux not\u00e9 mais il a trop peu jou\u00e9 (cinq titularisations) pour rentrer dans notre classement (*). C\u2019est donc A\u00efmen Moueffek qui gagne ses galons de meilleur \u00e9l\u00e8ve avec une moyenne de 5,77. Malgr\u00e9 un temps de jeu r\u00e9duit en raison de son physique toujours aussi fragile.<\/p>\n<p><strong>&gt;&gt;\u00a0<a href=\"https:\/\/www.leprogres.fr\/sport\/2025\/10\/02\/il-a-le-niveau-ligue-1-quand-il-est-en-forme-aimen-moueffek-le-chainon-manquant\" target=\"_blank\" rel=\"noopener\">\u00ab Il a le niveau Ligue 1 quand il est en forme \u00bb : A\u00efmen Moueffek, le cha\u00eenon&#8230;<\/a><\/strong><\/p>\n","protected":false},"excerpt":{"rendered":"\u00c0 l\u2019image du classement de l\u2019ASSE qui pointe d\u00e9sormais \u00e0 la 3e place du podium de Ligue 2,&hellip;\n","protected":false},"author":2,"featured_media":621358,"comment_status":"","ping_status":"","sticky":false,"template":"","format":"standard","meta":{"footnotes":""},"categories":[9653],"tags":[1111,11,4000,2430,7539,1777,674,107,63,1011,27,4002,3367,12,25,4001,7538,517],"class_list":{"0":"post-621357","1":"post","2":"type-post","3":"status-publish","4":"format-standard","5":"has-post-thumbnail","7":"category-saint-etienne","8":"tag-actu","9":"tag-actualites","10":"tag-asse-as-saint-etienne-football","11":"tag-auvergne-rhone-alpes","12":"tag-edition-loire-sud","13":"tag-eu","14":"tag-europe","15":"tag-fil-info","16":"tag-football","17":"tag-fr","18":"tag-france","19":"tag-haute-loire","20":"tag-loire","21":"tag-news","22":"tag-republique-francaise","23":"tag-saint-etienne","24":"tag-saint-etienne-ville","25":"tag-sport"},"share_on_mastodon":{"url":"https:\/\/pubeurope.com\/@fr\/115779671573223594","error":""},"_links":{"self":[{"href":"https:\/\/www.europesays.com\/fr\/wp-json\/wp\/v2\/posts\/621357","targetHints":{"allow":["GET"]}}],"collection":[{"href":"https:\/\/www.europesays.com\/fr\/wp-json\/wp\/v2\/posts"}],"about":[{"href":"https:\/\/www.europesays.com\/fr\/wp-json\/wp\/v2\/types\/post"}],"author":[{"embeddable":true,"href":"https:\/\/www.europesays.com\/fr\/wp-json\/wp\/v2\/users\/2"}],"replies":[{"embeddable":true,"href":"https:\/\/www.europesays.com\/fr\/wp-json\/wp\/v2\/comments?post=621357"}],"version-history":[{"count":0,"href":"https:\/\/www.europesays.com\/fr\/wp-json\/wp\/v2\/posts\/621357\/revisions"}],"wp:featuredmedia":[{"embeddable":true,"href":"https:\/\/www.europesays.com\/fr\/wp-json\/wp\/v2\/media\/621358"}],"wp:attachment":[{"href":"https:\/\/www.europesays.com\/fr\/wp-json\/wp\/v2\/media?parent=621357"}],"wp:term":[{"taxonomy":"category","embeddable":true,"href":"https:\/\/www.europesays.com\/fr\/wp-json\/wp\/v2\/categories?post=621357"},{"taxonomy":"post_tag","embeddable":true,"href":"https:\/\/www.europesays.com\/fr\/wp-json\/wp\/v2\/tags?post=621357"}],"curies":[{"name":"wp","href":"https:\/\/api.w.org\/{rel}","templated":true}]}}