{"id":621359,"date":"2025-12-25T10:12:13","date_gmt":"2025-12-25T10:12:13","guid":{"rendered":"https:\/\/www.europesays.com\/fr\/621359\/"},"modified":"2025-12-25T10:12:13","modified_gmt":"2025-12-25T10:12:13","slug":"8o-personnes-evacuees-en-pleine-nuit","status":"publish","type":"post","link":"https:\/\/www.europesays.com\/fr\/621359\/","title":{"rendered":"8o personnes \u00e9vacu\u00e9es en pleine nuit"},"content":{"rendered":"<p>Un incendie de voiture s&rsquo;est d\u00e9clar\u00e9 ce mercredi 24\u00a0d\u00e9cembre vers 00h15, dans le parking souterrain d&rsquo;un immeuble rue du Champ-de-Moulin, \u00e0 Neuves-Maisons. <\/p>\n<p>Tous les \u00e9tages situ\u00e9s au-dessus ont \u00e9t\u00e9 envahis par une abondante fum\u00e9e. <\/p>\n<p>Ce contenu est bloqu\u00e9 car vous n&rsquo;avez pas accept\u00e9 les cookies et autres traceurs.<\/p>\n<p>En cliquant sur \u00ab J\u2019accepte \u00bb, les cookies et autres traceurs seront d\u00e9pos\u00e9s et vous pourrez visualiser les contenus  (<a href=\"\" class=\"consentModule_policy\" target=\"_blank\" title=\"Consulter la politique de protection des donn\u00e9es du fournisseur\">plus d&rsquo;informations<\/a>).<\/p>\n<p>En cliquant sur \u00ab J\u2019accepte tous les cookies \u00bb, vous autorisez des d\u00e9p\u00f4ts de cookies et autres traceurs pour le stockage de vos donn\u00e9es sur nos sites et applications \u00e0 des fins de personnalisation et de ciblage publicitaire.<\/p>\n<p class=\"consentModule_secondaryText\">Vous gardez la possibilit\u00e9 de retirer votre consentement \u00e0 tout moment en consultant notre <a href=\"https:\/\/www.estrepublicain.fr\/protection-des-donnees\" target=\"_blank\" title=\"Consulter notre politique de protection des donn\u00e9es\" rel=\"noopener\">politique de protection des donn\u00e9es<\/a>. <br \/>&#13;<br \/>\n            <a href=\"https:\/\/www.estrepublicain.fr\/faits-divers-justice\/2025\/12\/25\/javascript:Didomi.notice.show()\" class=\"consentModule_cmp\" target=\"_blank\" rel=\"noopener\">G\u00e9rer mes choix<\/a>&#13;\n        <\/p>\n<p>&#13;<br \/>\n                        J&rsquo;accepte&#13;<br \/>\n            J&rsquo;accepte tous les cookies&#13;\n        <\/p>\n<p>Les 80 r\u00e9sidents ont d\u00fb \u00eatre h\u00e9berg\u00e9s temporairement au foyer Cibulka voisin, o\u00f9 un centre d&rsquo;accueil des victimes a \u00e9t\u00e9 ouvert pendant cinq heures par la Croix-Blanche. <\/p>\n<p>Les secouristes de l&rsquo;association, d\u00e9p\u00each\u00e9s en pleine nuit, leur ont prodigu\u00e9 chaleur et soutien. <\/p>\n<p>  Une attente de 5 heures<\/p>\n<p>Une vingtaine de pompiers sont intervenus pour circonscrire l&rsquo;incendie, provenant des casernes de Neuves-Maisons, Vandoeuvre, Nancy et Laxou.<\/p>\n<p>Le maire, Pascal Schneider, s&rsquo;est rendu sur place.<\/p>\n<p>Vers cinq heures du matin, les v\u00e9rifications de s\u00e9curit\u00e9 effectu\u00e9es, les habitants ont pu regagner leur logement.<\/p>\n<p>Fort heureusement, il n&rsquo;y a eu aucun bless\u00e9.<\/p>\n","protected":false},"excerpt":{"rendered":"Un incendie de voiture s&rsquo;est d\u00e9clar\u00e9 ce mercredi 24\u00a0d\u00e9cembre vers 00h15, dans le parking souterrain d&rsquo;un immeuble rue&hellip;\n","protected":false},"author":2,"featured_media":621360,"comment_status":"","ping_status":"","sticky":false,"template":"","format":"standard","meta":{"footnotes":""},"categories":[9635],"tags":[1111,11,9848,1704,1777,674,274,1011,27,775,1310,1702,9847,12,25],"class_list":{"0":"post-621359","1":"post","2":"type-post","3":"status-publish","4":"format-standard","5":"has-post-thumbnail","7":"category-nancy","8":"tag-actu","9":"tag-actualites","10":"tag-cc-moselle-et-madon-54b","11":"tag-edition-nancy-et-agglomeration","12":"tag-eu","13":"tag-europe","14":"tag-faits-divers-justice","15":"tag-fr","16":"tag-france","17":"tag-grand-est","18":"tag-incendie","19":"tag-nancy","20":"tag-neuves-maisons","21":"tag-news","22":"tag-republique-francaise"},"share_on_mastodon":{"url":"https:\/\/pubeurope.com\/@fr\/115779675243316887","error":""},"_links":{"self":[{"href":"https:\/\/www.europesays.com\/fr\/wp-json\/wp\/v2\/posts\/621359","targetHints":{"allow":["GET"]}}],"collection":[{"href":"https:\/\/www.europesays.com\/fr\/wp-json\/wp\/v2\/posts"}],"about":[{"href":"https:\/\/www.europesays.com\/fr\/wp-json\/wp\/v2\/types\/post"}],"author":[{"embeddable":true,"href":"https:\/\/www.europesays.com\/fr\/wp-json\/wp\/v2\/users\/2"}],"replies":[{"embeddable":true,"href":"https:\/\/www.europesays.com\/fr\/wp-json\/wp\/v2\/comments?post=621359"}],"version-history":[{"count":0,"href":"https:\/\/www.europesays.com\/fr\/wp-json\/wp\/v2\/posts\/621359\/revisions"}],"wp:featuredmedia":[{"embeddable":true,"href":"https:\/\/www.europesays.com\/fr\/wp-json\/wp\/v2\/media\/621360"}],"wp:attachment":[{"href":"https:\/\/www.europesays.com\/fr\/wp-json\/wp\/v2\/media?parent=621359"}],"wp:term":[{"taxonomy":"category","embeddable":true,"href":"https:\/\/www.europesays.com\/fr\/wp-json\/wp\/v2\/categories?post=621359"},{"taxonomy":"post_tag","embeddable":true,"href":"https:\/\/www.europesays.com\/fr\/wp-json\/wp\/v2\/tags?post=621359"}],"curies":[{"name":"wp","href":"https:\/\/api.w.org\/{rel}","templated":true}]}}