{"id":621361,"date":"2025-12-25T10:15:22","date_gmt":"2025-12-25T10:15:22","guid":{"rendered":"https:\/\/www.europesays.com\/fr\/621361\/"},"modified":"2025-12-25T10:15:22","modified_gmt":"2025-12-25T10:15:22","slug":"basket-le-sluc-nancy-veut-souffler-sur-la-braise-a-gentilly-face-a-nanterre","status":"publish","type":"post","link":"https:\/\/www.europesays.com\/fr\/621361\/","title":{"rendered":"Basket. Le SLUC Nancy veut souffler sur la braise \u00e0 Gentilly, face \u00e0 Nanterre"},"content":{"rendered":"<p>                             SLUC &#8211; Nanterre Ce mardi, 16h30 <\/p>\n<p>Rentr\u00e9s dans la nuit de samedi \u00e0 dimanche, les basketteurs nanc\u00e9iens ont eu tout le loisir de regarder le match de leur futur adversaire, confortablement cal\u00e9s dans le canap\u00e9, le dimanche apr\u00e8s-midi, \u00e0 l\u2019heure du th\u00e9. Sans doute avec l\u2019espoir un brin taquin que celui-ci s\u2019\u00e9ternise encore un peu plus\u2026 Dimanche apr\u00e8s-midi, soit quarante-huit petites heures seulement avant l\u2019entre-deux de SLUC &#8211; Nanterre, l\u2019\u00e9quipe francilienne a livr\u00e9, \u00e0 Monaco, une bataille qui a dur\u00e9 2h15. Apr\u00e8s deux prolongations et un&#8230;<\/p>\n","protected":false},"excerpt":{"rendered":"SLUC &#8211; Nanterre Ce mardi, 16h30 Rentr\u00e9s dans la nuit de samedi \u00e0 dimanche, les basketteurs nanc\u00e9iens ont&hellip;\n","protected":false},"author":2,"featured_media":621362,"comment_status":"","ping_status":"","sticky":false,"template":"","format":"standard","meta":{"footnotes":""},"categories":[9635],"tags":[1111,11,1791,1777,674,1011,27,775,1702,12,25,56686,517,1700],"class_list":{"0":"post-621361","1":"post","2":"type-post","3":"status-publish","4":"format-standard","5":"has-post-thumbnail","7":"category-nancy","8":"tag-actu","9":"tag-actualites","10":"tag-basket-ball","11":"tag-eu","12":"tag-europe","13":"tag-fr","14":"tag-france","15":"tag-grand-est","16":"tag-nancy","17":"tag-news","18":"tag-republique-francaise","19":"tag-sluc-nancy","20":"tag-sport","21":"tag-sport-lorrain"},"share_on_mastodon":{"url":"https:\/\/pubeurope.com\/@fr\/115779687112509054","error":""},"_links":{"self":[{"href":"https:\/\/www.europesays.com\/fr\/wp-json\/wp\/v2\/posts\/621361","targetHints":{"allow":["GET"]}}],"collection":[{"href":"https:\/\/www.europesays.com\/fr\/wp-json\/wp\/v2\/posts"}],"about":[{"href":"https:\/\/www.europesays.com\/fr\/wp-json\/wp\/v2\/types\/post"}],"author":[{"embeddable":true,"href":"https:\/\/www.europesays.com\/fr\/wp-json\/wp\/v2\/users\/2"}],"replies":[{"embeddable":true,"href":"https:\/\/www.europesays.com\/fr\/wp-json\/wp\/v2\/comments?post=621361"}],"version-history":[{"count":0,"href":"https:\/\/www.europesays.com\/fr\/wp-json\/wp\/v2\/posts\/621361\/revisions"}],"wp:featuredmedia":[{"embeddable":true,"href":"https:\/\/www.europesays.com\/fr\/wp-json\/wp\/v2\/media\/621362"}],"wp:attachment":[{"href":"https:\/\/www.europesays.com\/fr\/wp-json\/wp\/v2\/media?parent=621361"}],"wp:term":[{"taxonomy":"category","embeddable":true,"href":"https:\/\/www.europesays.com\/fr\/wp-json\/wp\/v2\/categories?post=621361"},{"taxonomy":"post_tag","embeddable":true,"href":"https:\/\/www.europesays.com\/fr\/wp-json\/wp\/v2\/tags?post=621361"}],"curies":[{"name":"wp","href":"https:\/\/api.w.org\/{rel}","templated":true}]}}