{"id":621365,"date":"2025-12-25T10:19:12","date_gmt":"2025-12-25T10:19:12","guid":{"rendered":"https:\/\/www.europesays.com\/fr\/621365\/"},"modified":"2025-12-25T10:19:12","modified_gmt":"2025-12-25T10:19:12","slug":"interpelle-apres-un-refus-dobtemperer-il-est-retrouve-en-possession-de-cocaine","status":"publish","type":"post","link":"https:\/\/www.europesays.com\/fr\/621365\/","title":{"rendered":"interpell\u00e9 apr\u00e8s un refus d\u2019obtemp\u00e9rer, il est retrouv\u00e9 en possession de coca\u00efne"},"content":{"rendered":"<p>                    Par<br \/>\n        <strong><br \/>\n            <a href=\"https:\/\/actu.fr\/auteur\/metropoop\" title=\"Consulter tous les articles de R\u00e9daction M\u00e9tropolitain\" target=\"_blank\" rel=\"noopener\">R\u00e9daction M\u00e9tropolitain<\/a><br \/>\n                    <\/strong><\/p>\n<p>        Publi\u00e9 le<\/p>\n<p>            25 d\u00e9c. 2025 \u00e0 10h36        <\/p>\n<p>Ce mardi 23 d\u00e9cembre, vers 14h, un homme \u00e2g\u00e9 de 59 ans a \u00e9t\u00e9 interpell\u00e9 \u00e0 <strong>Montpellier<\/strong> pour refus d\u2019obtemp\u00e9rer. Alors qu\u2019une patrouille parcourait les rues du <strong>quartier des Marels<\/strong>, elle observe un motard franchir un feu stop sans s\u2019arr\u00eater. Suite \u00e0 cette infraction, les policiers actionnent les avertisseurs sonores et lumineux, mais l\u2019individu refuse de s\u2019arr\u00eater. Il poursuit sa route jusqu\u2019au secteur Richter, o\u00f9 il finit par s\u2019arr\u00eater. Pendant la poursuite, il franchira \u00e9galement un feu rouge.<\/p>\n<p class=\" wall-content\">Lors du contr\u00f4le, la police remarque que l\u2019individu est en possession d\u2019une<strong> bonbonne de coca\u00efne<\/strong>. Il justifie son refus d\u2019obtemp\u00e9rer en expliquant qu\u2019il avait eu peur des policiers en raison de la d\u00e9tention de stup\u00e9fiants. P\u00e8re de famille , il reconna\u00eet l\u2019ensemble des infractions commises. Il fera l\u2019objet d\u2019une <strong>composition p\u00e9nale le 22 janvier prochain<\/strong>.<\/p>\n<p class=\" wall-content\">Personnalisez votre actualit\u00e9 en ajoutant vos villes et m\u00e9dias en favori avec <a href=\"https:\/\/moncompte.actu.fr\" title=\"D\u00e9couvez Mon Actu\" rel=\"nofollow noopener\" data-trk=\"{&quot;cta&quot;:{&quot;action&quot;:&quot;https:\\\/\\\/moncompte.actu.fr&quot;,&quot;category&quot;:&quot;mon compte&quot;,&quot;from&quot;:&quot;article footer&quot;,&quot;name&quot;:&quot;Mon actu&quot;,&quot;type&quot;:&quot;cta&quot;}}\" target=\"_blank\">Mon Actu<\/a>.<\/p>\n","protected":false},"excerpt":{"rendered":"Par R\u00e9daction M\u00e9tropolitain Publi\u00e9 le 25 d\u00e9c. 2025 \u00e0 10h36 Ce mardi 23 d\u00e9cembre, vers 14h, un homme&hellip;\n","protected":false},"author":2,"featured_media":621366,"comment_status":"","ping_status":"","sticky":false,"template":"","format":"standard","meta":{"footnotes":""},"categories":[9599],"tags":[1111,11,1777,674,118,1011,27,2208,12,2680,25],"class_list":{"0":"post-621365","1":"post","2":"type-post","3":"status-publish","4":"format-standard","5":"has-post-thumbnail","7":"category-montpellier","8":"tag-actu","9":"tag-actualites","10":"tag-eu","11":"tag-europe","12":"tag-faits-divers","13":"tag-fr","14":"tag-france","15":"tag-montpellier","16":"tag-news","17":"tag-occitanie","18":"tag-republique-francaise"},"share_on_mastodon":{"url":"https:\/\/pubeurope.com\/@fr\/115779702966228319","error":""},"_links":{"self":[{"href":"https:\/\/www.europesays.com\/fr\/wp-json\/wp\/v2\/posts\/621365","targetHints":{"allow":["GET"]}}],"collection":[{"href":"https:\/\/www.europesays.com\/fr\/wp-json\/wp\/v2\/posts"}],"about":[{"href":"https:\/\/www.europesays.com\/fr\/wp-json\/wp\/v2\/types\/post"}],"author":[{"embeddable":true,"href":"https:\/\/www.europesays.com\/fr\/wp-json\/wp\/v2\/users\/2"}],"replies":[{"embeddable":true,"href":"https:\/\/www.europesays.com\/fr\/wp-json\/wp\/v2\/comments?post=621365"}],"version-history":[{"count":0,"href":"https:\/\/www.europesays.com\/fr\/wp-json\/wp\/v2\/posts\/621365\/revisions"}],"wp:featuredmedia":[{"embeddable":true,"href":"https:\/\/www.europesays.com\/fr\/wp-json\/wp\/v2\/media\/621366"}],"wp:attachment":[{"href":"https:\/\/www.europesays.com\/fr\/wp-json\/wp\/v2\/media?parent=621365"}],"wp:term":[{"taxonomy":"category","embeddable":true,"href":"https:\/\/www.europesays.com\/fr\/wp-json\/wp\/v2\/categories?post=621365"},{"taxonomy":"post_tag","embeddable":true,"href":"https:\/\/www.europesays.com\/fr\/wp-json\/wp\/v2\/tags?post=621365"}],"curies":[{"name":"wp","href":"https:\/\/api.w.org\/{rel}","templated":true}]}}