{"id":621369,"date":"2025-12-25T10:22:15","date_gmt":"2025-12-25T10:22:15","guid":{"rendered":"https:\/\/www.europesays.com\/fr\/621369\/"},"modified":"2025-12-25T10:22:15","modified_gmt":"2025-12-25T10:22:15","slug":"pres-de-rouen-ces-clowns-rendent-visite-aux-enfants-hospitalises-depuis-10-ans","status":"publish","type":"post","link":"https:\/\/www.europesays.com\/fr\/621369\/","title":{"rendered":"Pr\u00e8s de Rouen, ces clowns rendent visite aux enfants hospitalis\u00e9s depuis 10 ans"},"content":{"rendered":"<p>                    Par<br \/>\n        <strong><br \/>\n            <a href=\"https:\/\/actu.fr\/auteur\/emilien-jacques\" title=\"Consulter tous les articles de Emilien Jacques\" target=\"_blank\" rel=\"noopener\">Emilien Jacques<\/a><br \/>\n                    <\/strong><\/p>\n<p>        Publi\u00e9 le<\/p>\n<p>            25 d\u00e9c. 2025 \u00e0 10h17        <\/p>\n<p>Dans le hall d\u2019entr\u00e9e du <b>Centre hospitalier intercommunal<\/b> (CHI) Louviers \u2013 Elbeuf \u2013 Val-de-Reuil, situ\u00e9 \u00e0 <a href=\"https:\/\/actu.fr\/normandie\/saint-aubin-les-elbeuf_76561\" target=\"_blank\" rel=\"noopener\">Saint-Aubin-l\u00e8s-Elbeuf (Seine-Maritime)<\/a>, un stand de friandises tenues par l\u2019association caritative elbeuvienne le Rotary Club. Quelques m\u00e8tres plus loin, dans un bureau du<b> service p\u00e9diatrie<\/b>, J\u00e9r\u00f4me Revel et Esther Bastendorff enfilent des tenues pour le moins color\u00e9es et s\u2019appr\u00eatent \u00e0 devenir Guy Gluck et Gaufrette\u2026<\/p>\n<p class=\" wall-content\">Ce dr\u00f4le de man\u00e8ge s\u2019est d\u00e9roul\u00e9 le mercredi 17 d\u00e9cembre 2025, alors que l\u2019association de <b>clowns hospitaliers<\/b> Les petites mains, bas\u00e9e \u00e0 Val-de-Reuil, c\u00e9l\u00e9brait ses <b>dix ans<\/b> d\u2019action aupr\u00e8s des <b>enfants <\/b>de l\u2019\u00e9tablissement des Feugrais. L\u2019occasion de rencontrer ceux qui font le bonheur des petits patients depuis une d\u00e9cennie.<\/p>\n<p>Des professionnels du rire<\/p>\n<p class=\" wall-content\">Il ne manque plus que son nez rouge \u00e0 J\u00e9r\u00f4me Revel pour incarner pleinement son personnage de Guy Gluck. Il est donc encore temps de discuter avec le pr\u00e9sident de l\u2019association <b>Les petites mains<\/b>, avant qu\u2019il ne devienne, pour une journ\u00e9e, le clown <b>professionnel <\/b>qui d\u00e9ambule dans les couloirs du CHI depuis 2015.<\/p>\n<p class=\" wall-content\">\u00c0 l\u2019\u00e9poque, J\u00e9r\u00f4me Revel se souvient avoir \u00e9t\u00e9 contact\u00e9 par l\u2019h\u00f4pital afin d\u2019offrir un spectacle dans le service p\u00e9diatrie. \u00ab Es-tu pr\u00eat \u00e0 revenir ? \u00bb, lui a-t-on demand\u00e9 quelques mois apr\u00e8s. \u00c0 ce moment-l\u00e0, celui qui sort tout juste de son <b>\u00e9cole de clown<\/b> ne s\u2019imagine pas qu\u2019\u00e0 l\u2019issue des dix ann\u00e9es qui vont suivre, il aura mont\u00e9 son association Les petites mains, deux clowns professionnels l\u2019auront rejoint et qu\u2019ensemble ils auront mis du baume au c\u0153ur \u00e0 pr\u00e8s de <b>5000 enfants<\/b>.<\/p>\n<p>L\u2019indispensable Rotary Club<\/p>\n<p class=\" wall-content\">Si tout ce que n\u2019aurait jamais soup\u00e7onn\u00e9 J\u00e9r\u00f4me Revel, ou Guy Gluck, a \u00e9t\u00e9 rendu possible, c\u2019est gr\u00e2ce \u00e0 l\u2019action \u00ab Bouquet de l\u2019espoir \u00bb men\u00e9e par le<b> Rotary Club<\/b> d\u2019<a href=\"https:\/\/actu.fr\/normandie\/elbeuf_76231\" target=\"_blank\" rel=\"noopener\">Elbeuf (Seine-Maritime)<\/a>. Chaque ann\u00e9e, l\u2019association, qui aura <b>60 ans en 2026<\/b>, propose une vente de bouquets de tulipes que ses membres plantent, puis r\u00e9coltent eux-m\u00eames, au mois de mars. \u00ab Nous avons beaucoup de <b>b\u00e9n\u00e9voles <\/b>qui viennent travailler pour cette action, souligne Lydie Meyer, pr\u00e9sidente du Rotary. C\u2019est un vrai temps fort \u00bb.<\/p>\n<p>Vid\u00e9os : en ce moment sur Actu<br \/>\n    <img   decoding=\"async\" loading=\"lazy\" class=\"size-large\" src=\"https:\/\/www.europesays.com\/fr\/wp-content\/uploads\/2025\/12\/89b95e56d24966db95e56d249feb95v-960x640.jpg\" alt=\"Le Rotary Club d'Elbeuf, qui finance les interventions des clowns, \u00e9tait au rendez-vous pour f\u00eater les dix ans de cette initiative.\" width=\"960\" height=\"640\"\/><br \/>\n    Le Rotary Club d\u2019Elbeuf, qui finance les interventions des clowns, \u00e9tait au rendez-vous pour f\u00eater les dix ans de cette initiative. \u00a9Emilien Jacques<\/p>\n<p class=\" wall-content\">Ainsi, depuis dix ans, cette vente permet de <b>financer <\/b>l\u2019activit\u00e9 des clowns professionnels au Feugrais, pour la plus grande <b>\u00e9motion <\/b>de Lydie Meyer : \u00ab \u00c7a me touche \u00e9norm\u00e9ment. Ils font ce que nous, on ne saurait pas donner \u00e0 ces enfants hospitalis\u00e9s. \u00bb<\/p>\n<p>Votre r\u00e9gion, votre actu !<\/p>\n<p>Recevez chaque jour les infos qui comptent pour vous.<\/p>\n<p>\t<a href=\"https:\/\/actu.fr\/newsletter\" class=\"ac-btn ac-btn--corner ac-btn--medium ac-btn--blue800\" target=\"_blank\" rel=\"noopener\">S&rsquo;incrire<\/a><br \/>\nUn accompagnement unique<\/p>\n<p class=\" wall-content\">Des sourires, des \u00e9clats de rire, du r\u00e9confort, voil\u00e0 ce que leur donnent justement J\u00e9r\u00f4me Revel, Esther Bastendorff et Julie Cayeux, alias Guy Gluck, Gaufrette et M\u00e9lodie Patate, \u00e0 raison de deux fois par mois et de sept mois par an. Les clowns, op\u00e9rant toujours en duo, rendent visite aux enfants dans leur chambre, pour un <b>\u00e9change privil\u00e9gi\u00e9<\/b> et personnalis\u00e9 en fonction de leur pathologie et du service dans lequel ils sont hospitalis\u00e9s.<\/p>\n<blockquote class=\"ac-article-quote wall-content\">\n<p>Nous ne sommes pas juste des clowns qui viennent faire un spectacle.<\/p>\n<p>Esther Bastendorff, clown professionnelle, alias Gaufrette.<\/p><\/blockquote>\n<p class=\" wall-content\">En effet, les clowns <b>improvisent <\/b>\u00e0 chacune de leur intervention pour r\u00e9pondre au mieux aux attentes et besoins de leurs jeunes interlocuteurs. \u00ab Il y a vraiment cette id\u00e9e de d\u00e9velopper une relation <b>particuli\u00e8re <\/b>avec l\u2019enfant \u00bb, poursuit J\u00e9r\u00f4me Revel. \u00ab C\u2019est un moment uniquement \u00e0 lui, ce n\u2019est pas le n\u00f4tre \u00bb, compl\u00e8te finalement sa partenaire Gaufrette.<\/p>\n<p>\u00ab\u00a0Une vraie place pour l\u2019artiste dans ces milieux-l\u00e0\u00a0\u00bb<\/p>\n<p class=\" wall-content\">Chaque ann\u00e9e, ce sont <b>cinq cents enfants<\/b> qui b\u00e9n\u00e9ficient de leur petite entrevue clownesque \u00e0 l\u2019h\u00f4pital des Feugrais. Apr\u00e8s dix ann\u00e9es, le d\u00e9compte donne le vertige mais rend surtout <b>fiers <\/b>les membres de l\u2019association Les petites mains.<\/p>\n<p class=\" wall-content\">\u00ab Nous sommes tr\u00e8s \u00e9mus de cette r\u00e9ussite et tr\u00e8s fiers de voir l\u2019int\u00e9r\u00eat qu\u2019on nous porte. On sent qu\u2019il y a une vraie place pour <b>l\u2019artiste <\/b>dans ces milieux-l\u00e0 \u00bb, confie J\u00e9r\u00f4me Revel.<\/p>\n<p class=\" wall-content\">C\u2019est pour cette raison que le <b>com\u00e9dien <\/b>exprime le souhait d\u2019intervenir au CHU Charles-Nicolle de Rouen : \u00ab On se dit qu\u2019un h\u00f4pital de cette taille m\u00e9riterait d\u2019avoir des clowns\u2026 \u00bb Aujourd\u2019hui une chose est s\u00fbre, c\u2019est que les enfants du CHI, eux, ont de la <b>chance <\/b>de les avoir, ces clowns.<\/p>\n<p class=\" wall-content\">Personnalisez votre actualit\u00e9 en ajoutant vos villes et m\u00e9dias en favori avec <a href=\"https:\/\/moncompte.actu.fr\" title=\"D\u00e9couvez Mon Actu\" rel=\"nofollow noopener\" data-trk=\"{&quot;cta&quot;:{&quot;action&quot;:&quot;https:\\\/\\\/moncompte.actu.fr&quot;,&quot;category&quot;:&quot;mon compte&quot;,&quot;from&quot;:&quot;article footer&quot;,&quot;name&quot;:&quot;Mon actu&quot;,&quot;type&quot;:&quot;cta&quot;}}\" target=\"_blank\">Mon Actu<\/a>.<\/p>\n","protected":false},"excerpt":{"rendered":"Par Emilien Jacques Publi\u00e9 le 25 d\u00e9c. 2025 \u00e0 10h17 Dans le hall d\u2019entr\u00e9e du Centre hospitalier intercommunal&hellip;\n","protected":false},"author":2,"featured_media":621370,"comment_status":"","ping_status":"","sticky":false,"template":"","format":"standard","meta":{"footnotes":""},"categories":[9587],"tags":[1111,11,65381,1719,1777,674,1011,27,12,5161,25,9590,71,104],"class_list":{"0":"post-621369","1":"post","2":"type-post","3":"status-publish","4":"format-standard","5":"has-post-thumbnail","7":"category-rouen","8":"tag-actu","9":"tag-actualites","10":"tag-chi-elbeuf-louviers","11":"tag-enfants","12":"tag-eu","13":"tag-europe","14":"tag-fr","15":"tag-france","16":"tag-news","17":"tag-normandie","18":"tag-republique-francaise","19":"tag-rouen","20":"tag-sante","21":"tag-societe"},"share_on_mastodon":{"url":"","error":""},"_links":{"self":[{"href":"https:\/\/www.europesays.com\/fr\/wp-json\/wp\/v2\/posts\/621369","targetHints":{"allow":["GET"]}}],"collection":[{"href":"https:\/\/www.europesays.com\/fr\/wp-json\/wp\/v2\/posts"}],"about":[{"href":"https:\/\/www.europesays.com\/fr\/wp-json\/wp\/v2\/types\/post"}],"author":[{"embeddable":true,"href":"https:\/\/www.europesays.com\/fr\/wp-json\/wp\/v2\/users\/2"}],"replies":[{"embeddable":true,"href":"https:\/\/www.europesays.com\/fr\/wp-json\/wp\/v2\/comments?post=621369"}],"version-history":[{"count":0,"href":"https:\/\/www.europesays.com\/fr\/wp-json\/wp\/v2\/posts\/621369\/revisions"}],"wp:featuredmedia":[{"embeddable":true,"href":"https:\/\/www.europesays.com\/fr\/wp-json\/wp\/v2\/media\/621370"}],"wp:attachment":[{"href":"https:\/\/www.europesays.com\/fr\/wp-json\/wp\/v2\/media?parent=621369"}],"wp:term":[{"taxonomy":"category","embeddable":true,"href":"https:\/\/www.europesays.com\/fr\/wp-json\/wp\/v2\/categories?post=621369"},{"taxonomy":"post_tag","embeddable":true,"href":"https:\/\/www.europesays.com\/fr\/wp-json\/wp\/v2\/tags?post=621369"}],"curies":[{"name":"wp","href":"https:\/\/api.w.org\/{rel}","templated":true}]}}