{"id":621371,"date":"2025-12-25T10:25:21","date_gmt":"2025-12-25T10:25:21","guid":{"rendered":"https:\/\/www.europesays.com\/fr\/621371\/"},"modified":"2025-12-25T10:25:21","modified_gmt":"2025-12-25T10:25:21","slug":"lhomme-menacant-avec-un-couteau-blesse-a-grenoble-par-la-police-interne-en-psychiatrie-2","status":"publish","type":"post","link":"https:\/\/www.europesays.com\/fr\/621371\/","title":{"rendered":"L&rsquo;homme mena\u00e7ant avec un couteau bless\u00e9 \u00e0 Grenoble par la police intern\u00e9 en psychiatrie"},"content":{"rendered":"<p class=\"mb-4 text-lg md:leading-8 break-words\">Un homme qui avait \u00e9t\u00e9 bless\u00e9 par balles lundi \u00e0 Grenoble par un policier <a href=\"https:\/\/fr.news.yahoo.com\/police-tire-homme-mena%C3%A7ant-arm%C3%A9-102113621.html\" data-ylk=\"slk:apr\u00e8s l&#039;avoir menac\u00e9 avec un couteau;elm:context_link;itc:0;sec:content-canvas;outcm:mb_qualified_link;_E:mb_qualified_link;ct:story;\" class=\"link  yahoo-link\" target=\"_blank\" rel=\"noopener\">apr\u00e8s l&rsquo;avoir menac\u00e9 avec un couteau<\/a> a \u00e9t\u00e9 intern\u00e9 dans un service psychiatrique au terme de sa garde \u00e0 vue, a indiqu\u00e9 ce mercredi 24 d\u00e9cembre le parquet de la ville.<\/p>\n<p class=\"mb-4 text-lg md:leading-8 break-words\">La garde \u00e0 vue du suspect, \u00e2g\u00e9 de 34 ans, a \u00e9t\u00e9 lev\u00e9e mercredi soir, \u00ab\u00a0l&rsquo;int\u00e9ress\u00e9 ayant fait l&rsquo;objet\u00a0\u00bb d&rsquo;un placement en soins psychiatriques sur d\u00e9cision du repr\u00e9sentant de l&rsquo;\u00c9tat (SPDRE), a pr\u00e9cis\u00e9 dans un communiqu\u00e9 In\u00e8s Delay, procureure-adjointe.<\/p>\n<p>L&rsquo;homme \u00e9tait d\u00e9j\u00e0 connu pour des violences depuis 2017<\/p>\n<p class=\"mb-4 text-lg md:leading-8 break-words\">L&rsquo;homme \u00e2g\u00e9 de 34 ans avait menac\u00e9 lundi avec un couteau le personnel d&rsquo;une auto-\u00e9cole dont il \u00e9tait client pour protester contre son exclusion r\u00e9cente. Celle-ci avait d\u00e9cid\u00e9 en raison de violences r\u00e9centes qu&rsquo;il avait commises contre le personnel et qui faisaient l&rsquo;objet d&rsquo;une enqu\u00eate, selon le parquet.<\/p>\n<p class=\"mb-4 text-lg md:leading-8 break-words\">\u00c0 l&rsquo;arriv\u00e9e des forces de l&rsquo;ordre, appel\u00e9es par l&rsquo;auto-\u00e9cole, l&rsquo;homme avait r\u00e9ussi \u00e0 prendre la fuite, a indiqu\u00e9 lundi la pr\u00e9fecture \u00e0 BFMTV. Il a ensuite \u00e9t\u00e9 retrouv\u00e9 sur la voie publique apr\u00e8s avoir \u00e9t\u00e9 poursuivi par des salari\u00e9s et les policiers. L&rsquo;homme a alors tent\u00e9 de porter des coups de couteau aux fonctionnaires dont l&rsquo;un avait tir\u00e9 deux fois, le blessant \u00e0 une main et au thorax.<\/p>\n<p class=\"mb-4 text-lg md:leading-8 break-words\">\u00ab\u00a0L\u2019un d\u2019eux avait, en r\u00e9ponse, fait usage de son arme de service \u00e0 deux reprises\u00a0\u00bb, a pr\u00e9cis\u00e9 la pr\u00e9fecture aupr\u00e8s de BFMTV.<\/p>\n<p class=\"mb-4 text-lg md:leading-8 break-words\">L&rsquo;homme \u00e9tait d\u00e9j\u00e0 connu pour des violences depuis 2017 mais qui avaient \u00e9t\u00e9 class\u00e9es sans suite \u00ab\u00a0pour la plupart, compte tenu de son \u00e9tat psychiatrique\u00a0\u00bb, avait indiqu\u00e9 In\u00e8s Delay.<\/p>\n<p class=\"mb-4 text-lg md:leading-8 break-words\"><a href=\"https:\/\/www.bfmtv.com\/police-justice\/l-homme-menacant-avec-un-couteau-blesse-a-grenoble-par-la-police-interne-en-psychiatrie_AD-202512240610.html#xtor=AL-68\" rel=\"nofollow noopener\" target=\"_blank\" data-ylk=\"slk:Article original publi\u00e9 sur BFMTV.com;elm:context_link;itc:0;sec:content-canvas\" class=\"link \">Article original publi\u00e9 sur BFMTV.com<\/a><\/p>\n","protected":false},"excerpt":{"rendered":"Un homme qui avait \u00e9t\u00e9 bless\u00e9 par balles lundi \u00e0 Grenoble par un policier apr\u00e8s l&rsquo;avoir menac\u00e9 avec&hellip;\n","protected":false},"author":2,"featured_media":621372,"comment_status":"","ping_status":"","sticky":false,"template":"","format":"standard","meta":{"footnotes":""},"categories":[9566],"tags":[1111,11,2430,5264,1777,674,73108,1011,27,2731,73107,12,25],"class_list":{"0":"post-621371","1":"post","2":"type-post","3":"status-publish","4":"format-standard","5":"has-post-thumbnail","7":"category-grenoble","8":"tag-actu","9":"tag-actualites","10":"tag-auvergne-rhone-alpes","11":"tag-couteau","12":"tag-eu","13":"tag-europe","14":"tag-forces-de-l39ordre","15":"tag-fr","16":"tag-france","17":"tag-grenoble","18":"tag-l39homme","19":"tag-news","20":"tag-republique-francaise"},"share_on_mastodon":{"url":"https:\/\/pubeurope.com\/@fr\/115779726920532211","error":""},"_links":{"self":[{"href":"https:\/\/www.europesays.com\/fr\/wp-json\/wp\/v2\/posts\/621371","targetHints":{"allow":["GET"]}}],"collection":[{"href":"https:\/\/www.europesays.com\/fr\/wp-json\/wp\/v2\/posts"}],"about":[{"href":"https:\/\/www.europesays.com\/fr\/wp-json\/wp\/v2\/types\/post"}],"author":[{"embeddable":true,"href":"https:\/\/www.europesays.com\/fr\/wp-json\/wp\/v2\/users\/2"}],"replies":[{"embeddable":true,"href":"https:\/\/www.europesays.com\/fr\/wp-json\/wp\/v2\/comments?post=621371"}],"version-history":[{"count":0,"href":"https:\/\/www.europesays.com\/fr\/wp-json\/wp\/v2\/posts\/621371\/revisions"}],"wp:featuredmedia":[{"embeddable":true,"href":"https:\/\/www.europesays.com\/fr\/wp-json\/wp\/v2\/media\/621372"}],"wp:attachment":[{"href":"https:\/\/www.europesays.com\/fr\/wp-json\/wp\/v2\/media?parent=621371"}],"wp:term":[{"taxonomy":"category","embeddable":true,"href":"https:\/\/www.europesays.com\/fr\/wp-json\/wp\/v2\/categories?post=621371"},{"taxonomy":"post_tag","embeddable":true,"href":"https:\/\/www.europesays.com\/fr\/wp-json\/wp\/v2\/tags?post=621371"}],"curies":[{"name":"wp","href":"https:\/\/api.w.org\/{rel}","templated":true}]}}