{"id":621373,"date":"2025-12-25T10:26:49","date_gmt":"2025-12-25T10:26:49","guid":{"rendered":"https:\/\/www.europesays.com\/fr\/621373\/"},"modified":"2025-12-25T10:26:49","modified_gmt":"2025-12-25T10:26:49","slug":"la-confederation-paysanne-mobilise-une-soixantaine-de-personnes-pres-de-rennes-contre-3","status":"publish","type":"post","link":"https:\/\/www.europesays.com\/fr\/621373\/","title":{"rendered":"La Conf\u00e9d\u00e9ration paysanne mobilise une soixantaine de personnes pr\u00e8s de Rennes contre"},"content":{"rendered":"<p>\u00a0Si les abattages arrivent en Bretagne, on peut vous dire que les r\u00e9actions seront bien pires\u00a0, lance un \u00e9leveur, vendredi 19\u00a0d\u00e9cembre 2025. Avec une soixantaine de personnes, il a r\u00e9pondu \u00e0 l\u2019appel de la Conf\u00e9d\u00e9ration paysanne pour un rassemblement devant les locaux du groupe agro-industriel Avril, \u00e0 Bruz, pr\u00e8s de Rennes.<\/p>\n<p>Le lieu n\u2019a pas \u00e9t\u00e9 choisi au hasard. <a href=\"https:\/\/rennes.maville.com\/actu\/actudet_-portrait.-qui-est-arnaud-rousseau-ce-cerealier-elu-a-la-tete-de-la-fnsea-_54135-5721548_actu.Htm\" target=\"_self\" rel=\"noopener\">Arnaud Rousseau, \u00e0 la t\u00eate du conseil d\u2019administration d\u2019Avril<\/a>, est \u00e9galement pr\u00e9sident de la FNSEA (F\u00e9d\u00e9ration nationale des syndicats d\u2019exploitants agricoles) qui soutient la politique gouvernementale sur la gestion de la Dermatose nodulaire contagieuse (DNC). Une politique que d\u00e9nonce la Conf\u00e9d\u00e9ration paysanne.<\/p>\n<p><strong>Lire aussi\u00a0: <\/strong> <a href=\"https:\/\/rennes.maville.com\/actu\/actudet_-dermatose-nodulaire-pourquoi-la-france-choisit-elle-l-abattage-total-_54135-7115928_actu.Htm\" target=\"_self\" rel=\"noopener\">Dermatose nodulaire\u00a0: pourquoi la France choisit-elle l\u2019abattage total\u00a0?<\/a><\/p>\n<p>\t<img decoding=\"async\" src=\"https:\/\/www.europesays.com\/fr\/wp-content\/uploads\/2025\/12\/P35649701D7117365G_px_640_.jpg\" alt=\"photo la conf\u00e9d\u00e9ration paysanne s\u2019oppose \u00e0 l\u2019abattage total des troupeaux concern\u00e9s par la dermatose nodulaire contagieuse (dnc). pour l\u2019instant, aucun cas n\u2019a \u00e9t\u00e9 d\u00e9tect\u00e9 en bretagne.  \u00a9  ouest-france\" width=\"640\" title=\" La Conf\u00e9d\u00e9ration paysanne s\u2019oppose \u00e0 l\u2019abattage total des troupeaux concern\u00e9s par la Dermatose nodulaire contagieuse (DNC). Pour l\u2019instant, aucun cas n\u2019a \u00e9t\u00e9 d\u00e9tect\u00e9 en Bretagne.   Ouest-France \"\/><\/p>\n<p class=\"elmt-legende\"> La Conf\u00e9d\u00e9ration paysanne s\u2019oppose \u00e0 l\u2019abattage total des troupeaux concern\u00e9s par la Dermatose nodulaire contagieuse (DNC). Pour l\u2019instant, aucun cas n\u2019a \u00e9t\u00e9 d\u00e9tect\u00e9 en Bretagne.   Ouest-France <\/p>\n<p>\u00ab\u00a0Si le troupeau est abattu, je ne pourrai pas le remplacer\u00a0\u00bb<\/p>\n<p>\u00a0Nous sommes contre l\u2019abattage total et pour le libre choix de la vaccination\u00a0, explique Micka\u00ebl Rom\u00e9, repr\u00e9sentant de la Conf\u00e9d\u00e9ration paysanne pays de Saint-Malo. Il \u00e9l\u00e8ve aussi une cinquantaine de vaches allaitantes de race armoricaine. \u00a0Une race menac\u00e9e, souligne-t-il. Je travaille depuis des ann\u00e9es pour la conserver. Si le troupeau venait \u00e0 \u00eatre abattu, je ne pourrais pas les remplacer.\u00a0<\/p>\n<p>Pour l\u2019heure, <a href=\"https:\/\/vitre.maville.com\/actu\/actudet_-dermatose-nodulaire-pres-de-rennes-les-transporteurs-bovins-controles-tout-le-monde-craint-que-ca-s-etende-_7-7112256_actu.Htm\" target=\"_self\" rel=\"noopener\">aucun cas de dermatose nodulaire n\u2019a \u00e9t\u00e9 signal\u00e9 en Bretagne<\/a>. \u00a0On a quand m\u00eame peur, souligne Micka\u00ebl Rom\u00e9. O n se mobilise en soutien aux autres agriculteurs. Nous sommes confront\u00e9s \u00e0 plein de maladies, et ce sera de pire en pire avec le r\u00e9chauffement climatique. \u00c0 chaque fois, on nous dit qu\u2019il faut l\u2019\u00e9radiquer. Nous estimons qu\u2019il ne faut pas se battre contre la nature mais s\u2019adapter.\u00a0<\/p>\n<p>Le syndicat agricole s\u2019oppose \u00e9galement au <a href=\"https:\/\/rennes.maville.com\/actu\/actudet_-avec-la-dermatose-nodulaire-l-accord-avec-le-mercosur-est-l-autre-etincelle-pouvant-faire-exploser-la-colere-agricole-_54135-7112396_actu.Htm\" target=\"_self\" rel=\"noopener\">Mercosur, accord commercial avec l\u2019Am\u00e9rique du Sud,<\/a> report\u00e9 au d\u00e9but d\u2019ann\u00e9e 2026. \u00a0Tout est li\u00e9, poursuit Micka\u00ebl Rom\u00e9. Le march\u00e9 de la viande est d\u00e9j\u00e0 tr\u00e8s tendu en France, il n\u2019y en a pas assez. Avec l\u2019abattage total, on va \u00eatre encore plus d\u00e9pendant du Mercosur pour compenser.\u00a0<\/p>\n<p><strong>Lire aussi\u00a0:<\/strong>\u00a0<a href=\"https:\/\/rennes.maville.com\/actu\/actudet_-mercosur.-macron-se-felicite-du-report-et-previent-que-la-france-n-est-pas-prete-a-valider-l-accord-sans-changements-_54135-7116195_actu.Htm\" target=\"_self\" rel=\"noopener\">Mercosur. Macron se f\u00e9licite du report et pr\u00e9vient que la France n\u2019est \u00ab\u00a0pas pr\u00eate\u00a0\u00bb \u00e0 valider l\u2019accord sans changements<\/a><\/p>\n<p>Devant l\u2019assembl\u00e9e, Samuel Dugas, de la Conf\u00e9d\u00e9ration paysanne, a pris la parole pour demander <strong> la d\u00e9mission de la ministre de l\u2019Agriculture, Annie Genevard\u00a0<\/strong>.<\/p>\n<p>\u00a0<\/p>\n","protected":false},"excerpt":{"rendered":"\u00a0Si les abattages arrivent en Bretagne, on peut vous dire que les r\u00e9actions seront bien pires\u00a0, lance un&hellip;\n","protected":false},"author":2,"featured_media":611948,"comment_status":"","ping_status":"","sticky":false,"template":"","format":"standard","meta":{"footnotes":""},"categories":[2821],"tags":[44896,1111,11,829,44894,1777,674,1011,27,21426,9873,12,44895,3744,3762,584,25,71332,13422],"class_list":{"0":"post-621373","1":"post","2":"type-post","3":"status-publish","4":"format-standard","5":"has-post-thumbnail","7":"category-rennes","8":"tag-abattage","9":"tag-actu","10":"tag-actualites","11":"tag-bretagne","12":"tag-confederation","13":"tag-eu","14":"tag-europe","15":"tag-fr","16":"tag-france","17":"tag-mercosur","18":"tag-mobilise","19":"tag-news","20":"tag-paysanne","21":"tag-personnes","22":"tag-pres","23":"tag-rennes","24":"tag-republique-francaise","25":"tag-soixantaine","26":"tag-total"},"share_on_mastodon":{"url":"https:\/\/pubeurope.com\/@fr\/115779735571154086","error":""},"_links":{"self":[{"href":"https:\/\/www.europesays.com\/fr\/wp-json\/wp\/v2\/posts\/621373","targetHints":{"allow":["GET"]}}],"collection":[{"href":"https:\/\/www.europesays.com\/fr\/wp-json\/wp\/v2\/posts"}],"about":[{"href":"https:\/\/www.europesays.com\/fr\/wp-json\/wp\/v2\/types\/post"}],"author":[{"embeddable":true,"href":"https:\/\/www.europesays.com\/fr\/wp-json\/wp\/v2\/users\/2"}],"replies":[{"embeddable":true,"href":"https:\/\/www.europesays.com\/fr\/wp-json\/wp\/v2\/comments?post=621373"}],"version-history":[{"count":0,"href":"https:\/\/www.europesays.com\/fr\/wp-json\/wp\/v2\/posts\/621373\/revisions"}],"wp:featuredmedia":[{"embeddable":true,"href":"https:\/\/www.europesays.com\/fr\/wp-json\/wp\/v2\/media\/611948"}],"wp:attachment":[{"href":"https:\/\/www.europesays.com\/fr\/wp-json\/wp\/v2\/media?parent=621373"}],"wp:term":[{"taxonomy":"category","embeddable":true,"href":"https:\/\/www.europesays.com\/fr\/wp-json\/wp\/v2\/categories?post=621373"},{"taxonomy":"post_tag","embeddable":true,"href":"https:\/\/www.europesays.com\/fr\/wp-json\/wp\/v2\/tags?post=621373"}],"curies":[{"name":"wp","href":"https:\/\/api.w.org\/{rel}","templated":true}]}}