{"id":621374,"date":"2025-12-25T10:28:17","date_gmt":"2025-12-25T10:28:17","guid":{"rendered":"https:\/\/www.europesays.com\/fr\/621374\/"},"modified":"2025-12-25T10:28:17","modified_gmt":"2025-12-25T10:28:17","slug":"neige-cest-la-belle-nuit-de-noel-en-bretagne-la-neige-a-etendu-son-manteau-blanc","status":"publish","type":"post","link":"https:\/\/www.europesays.com\/fr\/621374\/","title":{"rendered":"Neige. \u00ab\u00a0C&rsquo;est la belle nuit de No\u00ebl\u00a0\u00bb, en Bretagne, la neige a \u00e9tendu son manteau blanc"},"content":{"rendered":"<p class=\"article__intro\">Ce n&rsquo;\u00e9tait pas arriv\u00e9 depuis 1996, mais ce matin, au r\u00e9veil, les Bretons ont eu un joli cadeau de No\u00ebl : une petite couche de neige fra\u00eeche et scintillante recouvre les paysages. Les flocons sont tomb\u00e9s dans les quatre d\u00e9partements bretons, sans occasionner de g\u00eane sur les routes. <\/p>\n<p>\n      L\u2019actu des r\u00e9gions\n    <\/p>\n<p>\n      Chaque jour, un tour d\u2019horizon des principales infos de toutes les r\u00e9gions.\n    <\/p>\n<p>    France T\u00e9l\u00e9visions utilise votre adresse e-mail afin de vous envoyer la newsletter \u00ab\u00a0L\u2019actu des r\u00e9gions\u00a0\u00bb. Vous pouvez vous d\u00e9sinscrire \u00e0 tout moment via le lien en bas de cette newsletter. <a target=\"_blank\" href=\"https:\/\/www.francetelevisions.fr\/groupe\/confidentialite\/politique-de-confidentialite\/politique-de-confidentialite-de-france-televisions-6503\" rel=\"noopener\">Notre politique de confidentialit\u00e9<\/a><\/p>\n<p>Les premiers r\u00e9veill\u00e9s en ce petit matin de No\u00ebl ouvrent souvent de grands yeux \u00e9carquill\u00e9s : les jardins et les maisons sont tout blancs.<\/p>\n<p><a data-article-figure=\"\" href=\"https:\/\/france3-regions.franceinfo.fr\/image\/KzDje7wjAycnvYk9Hm1BOZvz50M\/1200x1600\/regions\/2025\/12\/25\/whatsapp-image-2025-12-25-at-07-56-20-694ce61517d86711614659.jpg\" data-pswp-width=\"1200\" data-pswp-height=\"1600\" target=\"_blank\" rel=\"noopener\"><\/p>\n<p>          <img width=\"600\" height=\"400\" class=\"article-image lazy\" data-src=\"https:\/\/www.europesays.com\/fr\/wp-content\/uploads\/2025\/12\/whatsapp-image-2025-12-25-at-07-56-20-694ce61517d86711614659.jpg\" alt=\"C'est la belle nuit de No\u00ebl et la neige a \u00e9tendu son manteau blanc en Bretagne\" fetchpriority=\"high\" as=\"image\"\/><\/p>\n<p>\n            C&rsquo;est la belle nuit de No\u00ebl et la neige a \u00e9tendu son manteau blanc en Bretagne<br \/>\n                           \u2022<br \/>\n                                      \u00a9 S\u00e9verine Breton \/ France t\u00e9l\u00e9visions\n                      <\/p>\n<p><\/a><\/p>\n<p>Une fine couche de neige poudreuse et duveteuse s&rsquo;est d\u00e9pos\u00e9e dans la nuit dans toute la r\u00e9gion Bretagne.<\/p>\n<\/p>\n<p>Les pr\u00e9visionnistes l&rsquo;avaient annonc\u00e9, une goutte froide a travers\u00e9 la r\u00e9gion d&rsquo;Est en Ouest. Les pr\u00e9cipitations se sont transform\u00e9es en flocons. Un \u00e0 deux centim\u00e8tres en Ille-et-Vilaine, jusqu&rsquo;\u00e0 3 cm dans le Centre-Bretagne et le Tr\u00e9gor.<\/p>\n<\/p>\n<p>\u00c0 8h ce matin, les flocons continuaient de voleter dans le ciel de Rennes.<\/p>\n<p><a data-article-figure=\"\" href=\"https:\/\/france3-regions.franceinfo.fr\/image\/FMFBpjgaVSNaacwaMYM-GhSFTl0\/1600x1200\/regions\/2025\/12\/25\/whatsapp-image-2025-12-25-at-07-55-51-694ce587904e9725864164.jpg\" data-pswp-width=\"1600\" data-pswp-height=\"1200\" target=\"_blank\" rel=\"noopener\"><\/p>\n<p>          <img width=\"600\" height=\"400\" class=\"article-image lazy\" data-src=\"https:\/\/www.europesays.com\/fr\/wp-content\/uploads\/2025\/12\/whatsapp-image-2025-12-25-at-07-55-51-694ce587904e9725864164.jpg\" alt=\"Des flocons dans le ciel de Rennes ce 25 d\u00e9cembre 2025\" fetchpriority=\"high\" as=\"image\"\/><\/p>\n<p>\n            Des flocons dans le ciel de Rennes ce 25 d\u00e9cembre 2025<br \/>\n                           \u2022<br \/>\n                                      \u00a9 S\u00e9verine Breton \/ France t\u00e9l\u00e9visions\n                      <\/p>\n<p><\/a><\/p>\n<p>Cette fine couche blanche n&rsquo;a visiblement pas d&rsquo;impact sur la circulation, mais attention, dans les zones o\u00f9 les temp\u00e9ratures sont n\u00e9gatives, des plaques de verglas sont \u00e0 pr\u00e9voir.<\/p>\n<blockquote class=\"twitter-tweet\">\n<p dir=\"ltr\" lang=\"fr\"><a href=\"https:\/\/twitter.com\/hashtag\/M%C3%A9t%C3%A9o?src=hash&amp;ref_src=twsrc%5Etfw\" target=\"_blank\" rel=\"noopener\">#M\u00e9t\u00e9o<\/a> | \ud83d\udfe1 Le d\u00e9partement d&rsquo;<a href=\"https:\/\/twitter.com\/hashtag\/IlleEtVilaine?src=hash&amp;ref_src=twsrc%5Etfw\" target=\"_blank\" rel=\"noopener\">#IlleEtVilaine<\/a> est plac\u00e9 cette nuit en vigilance jaune neige-verglas et grand froid.<br \/>\u27a1\ufe0f Des chutes de neige sont attendues dans la nuit pouvant provoquer l&rsquo;apparition de verglas.<br \/>\u26a0\ufe0f Soyez tr\u00e8s attentifs lors de vos retours de r\u00e9veillon ! <a href=\"https:\/\/t.co\/6hmhk9athy\">pic.twitter.com\/6hmhk9athy<\/a><\/p>\n<p>\u2014 Pr\u00e9fet de Bretagne et d&rsquo;Ille-et-Vilaine (@bretagnegouv) <a href=\"https:\/\/twitter.com\/bretagnegouv\/status\/2003853610673934715?ref_src=twsrc%5Etfw\" target=\"_blank\" rel=\"noopener\">December 24, 2025<\/a><\/p><\/blockquote>\n<p>La pr\u00e9fecture invite les automobilistes \u00e0 se renseigner avant de prendre la route et \u00e0 mod\u00e9rer leur vitesse. Le r\u00e9seau secondaire peut se r\u00e9v\u00e9ler glissant, notamment dans le Centre-Bretagne.<\/p>\n<p><a data-article-figure=\"\" href=\"https:\/\/france3-regions.franceinfo.fr\/image\/FNTcr1QO4d9z4t8FE7wDKAhEw_Q\/4032x3024\/regions\/2025\/12\/25\/whatsapp-image-2025-12-25-at-08-02-52-694ce6d34a925314287185.jpg\" data-pswp-width=\"4032\" data-pswp-height=\"3024\" target=\"_blank\" rel=\"noopener\"><\/p>\n<p>          <img width=\"600\" height=\"400\" class=\"article-image lazy\" data-src=\"https:\/\/www.europesays.com\/fr\/wp-content\/uploads\/2025\/12\/whatsapp-image-2025-12-25-at-08-02-52-694ce6d34a925314287185.jpg\" alt=\"Les routes sont d\u00e9gag\u00e9es mais un joli manteau blanc recouvre les paysages ce 25 d\u00e9cembre 2025 en Bretagne\" fetchpriority=\"high\" as=\"image\"\/><\/p>\n<p>\n            Les routes sont d\u00e9gag\u00e9es mais un joli manteau blanc recouvre les paysages ce 25 d\u00e9cembre 2025 en Bretagne<br \/>\n                           \u2022<br \/>\n                                      \u00a9 Thierry Peign\u00e9 \/France T\u00e9l\u00e9vision\n                      <\/p>\n<p><\/a><\/p>\n<p>Dans la journ\u00e9e, les temp\u00e9ratures devraient se radoucir. Mais le Finist\u00e8re a \u00e9t\u00e9 plac\u00e9 en vigilance jaune pour neige, verglas et vent, les C\u00f4tes-d&rsquo;Armor ont aussi une vigilance jaune grand froid. Le Morbihan et l&rsquo;Ille-et-Vilaine sont eux en vigilance jaune grand froid et neige-verglas.<\/p>\n<p><a data-article-figure=\"\" href=\"https:\/\/france3-regions.franceinfo.fr\/image\/TwRKtD5dMlr6g1D6Q-u1Ho8vhFk\/1600x900\/regions\/2025\/12\/25\/whatsapp-image-2025-12-25-at-08-39-04-1-694cec7389e04593245269.jpg\" data-pswp-width=\"1600\" data-pswp-height=\"900\" target=\"_blank\" rel=\"noopener\"><\/p>\n<p>          <img width=\"600\" height=\"400\" class=\"article-image lazy\" data-src=\"https:\/\/www.europesays.com\/fr\/wp-content\/uploads\/2025\/12\/whatsapp-image-2025-12-25-at-08-39-04-1-694cec7389e04593245269.jpg\" alt=\"Au lever du jour, ce 25 d\u00e9cembre 2025, dans la campagne de Rennes, les grands axes sont parfaitement d\u00e9gag\u00e9s, mais attention au r\u00e9seau secondaire o\u00f9 des plaques de verglas peuvent \u00eatre pr\u00e9sentes.\" fetchpriority=\"high\" as=\"image\"\/><\/p>\n<p>\n            Au lever du jour, ce 25 d\u00e9cembre 2025, dans la campagne de Rennes, les grands axes sont parfaitement d\u00e9gag\u00e9s, mais attention au r\u00e9seau secondaire o\u00f9 des plaques de verglas peuvent \u00eatre pr\u00e9sentes.<br \/>\n                           \u2022<br \/>\n                                      \u00a9 Thierry Peign\u00e9 \/France T\u00e9l\u00e9vision\n                      <\/p>\n<p><\/a><\/p>\n<p>Dans les environs de Rennes, \u00e0 8h, il faisait 1 degr\u00e9. Alors, tout le monde debout, les batailles de boules de neige, c&rsquo;est maintenant !<\/p>\n<p><a data-article-figure=\"\" href=\"https:\/\/france3-regions.franceinfo.fr\/image\/nMbrxZ7WYHqNUoEievagdujbmMg\/1600x1200\/regions\/2025\/12\/25\/whatsapp-image-2025-12-25-at-08-35-29-694ce9b5d8df8838698704.jpg\" data-pswp-width=\"1600\" data-pswp-height=\"1200\" target=\"_blank\" rel=\"noopener\"><\/p>\n<p>          <img width=\"600\" height=\"400\" class=\"article-image lazy\" data-src=\"https:\/\/www.europesays.com\/fr\/wp-content\/uploads\/2025\/12\/whatsapp-image-2025-12-25-at-08-35-29-694ce9b5d8df8838698704.jpg\" alt=\"Tout est dit ! La joli cadeau du ciel pour ce jour de No\u00ebl 2025\" fetchpriority=\"high\" as=\"image\"\/><\/p>\n<p>\n            Tout est dit ! La joli cadeau du ciel pour ce jour de No\u00ebl 2025<br \/>\n                           \u2022<br \/>\n                                      \u00a9 Thierry Peign\u00e9 \/France T\u00e9l\u00e9vision\n                      <\/p>\n<p><\/a><\/p>\n<p>  <script async src=\"https:\/\/platform.twitter.com\/widgets.js\" charset=\"utf-8\"><\/script><\/p>\n","protected":false},"excerpt":{"rendered":"Ce n&rsquo;\u00e9tait pas arriv\u00e9 depuis 1996, mais ce matin, au r\u00e9veil, les Bretons ont eu un joli cadeau&hellip;\n","protected":false},"author":2,"featured_media":621375,"comment_status":"","ping_status":"","sticky":false,"template":"","format":"standard","meta":{"footnotes":""},"categories":[2821],"tags":[1111,11,829,1777,674,1011,27,12,584,25],"class_list":{"0":"post-621374","1":"post","2":"type-post","3":"status-publish","4":"format-standard","5":"has-post-thumbnail","7":"category-rennes","8":"tag-actu","9":"tag-actualites","10":"tag-bretagne","11":"tag-eu","12":"tag-europe","13":"tag-fr","14":"tag-france","15":"tag-news","16":"tag-rennes","17":"tag-republique-francaise"},"share_on_mastodon":{"url":"https:\/\/pubeurope.com\/@fr\/115779738175353696","error":""},"_links":{"self":[{"href":"https:\/\/www.europesays.com\/fr\/wp-json\/wp\/v2\/posts\/621374","targetHints":{"allow":["GET"]}}],"collection":[{"href":"https:\/\/www.europesays.com\/fr\/wp-json\/wp\/v2\/posts"}],"about":[{"href":"https:\/\/www.europesays.com\/fr\/wp-json\/wp\/v2\/types\/post"}],"author":[{"embeddable":true,"href":"https:\/\/www.europesays.com\/fr\/wp-json\/wp\/v2\/users\/2"}],"replies":[{"embeddable":true,"href":"https:\/\/www.europesays.com\/fr\/wp-json\/wp\/v2\/comments?post=621374"}],"version-history":[{"count":0,"href":"https:\/\/www.europesays.com\/fr\/wp-json\/wp\/v2\/posts\/621374\/revisions"}],"wp:featuredmedia":[{"embeddable":true,"href":"https:\/\/www.europesays.com\/fr\/wp-json\/wp\/v2\/media\/621375"}],"wp:attachment":[{"href":"https:\/\/www.europesays.com\/fr\/wp-json\/wp\/v2\/media?parent=621374"}],"wp:term":[{"taxonomy":"category","embeddable":true,"href":"https:\/\/www.europesays.com\/fr\/wp-json\/wp\/v2\/categories?post=621374"},{"taxonomy":"post_tag","embeddable":true,"href":"https:\/\/www.europesays.com\/fr\/wp-json\/wp\/v2\/tags?post=621374"}],"curies":[{"name":"wp","href":"https:\/\/api.w.org\/{rel}","templated":true}]}}