{"id":621380,"date":"2025-12-25T10:34:11","date_gmt":"2025-12-25T10:34:11","guid":{"rendered":"https:\/\/www.europesays.com\/fr\/621380\/"},"modified":"2025-12-25T10:34:11","modified_gmt":"2025-12-25T10:34:11","slug":"peche-interdite-ou-reglementee-grotte-sous-marine-sanctuarisee-on-connait-les-contours-de-la-future-aire-marine-protegee-de-nice","status":"publish","type":"post","link":"https:\/\/www.europesays.com\/fr\/621380\/","title":{"rendered":"P\u00eache interdite ou r\u00e9glement\u00e9e, grotte sous-marine sanctuaris\u00e9e\u2026 On conna\u00eet les contours de la future aire marine prot\u00e9g\u00e9e de Nice"},"content":{"rendered":"<p class=\"fs-5 \">Le projet date de 2020, pouss\u00e9 par la ville de Nice et des scientifiques locaux. Son objectif : cr\u00e9er <a href=\"https:\/\/www.nicematin.com\/societe\/sciences\/creer-une-aire-marine-protegee-au-bord-de-la-ville-de-nice-pour-proteger-quoi-983510\" target=\"_blank\" rel=\"noopener\">une aire marine prot\u00e9g\u00e9e (AMP),<\/a> pour sauvegarder et restaurer l\u2019\u00e9cosyst\u00e8me marin ni\u00e7ois. Pas facile dans une ville qui compte plus de 350 000 habitants\u2026<\/p>\n<p class=\"fs-5 \">\u00ab Une AMP ne peut pas se faire sans l\u2019accord de tous les acteurs de la mer, tous les usagers, il a fallu convaincre tout le monde \u00bb, expose Aurore Asso, conseill\u00e8re municipale subd\u00e9l\u00e9gu\u00e9e au Littoral, \u00e0 la mer, \u00e0 l\u2019AMP et \u00e0 l\u2019\u00c9cologie. La championne d\u2019apn\u00e9e porte ce projet qui s\u2019inscrit dans le cadre fix\u00e9 par Emmanuel Macron en juin \u00e0 Nice, lors de la <a href=\"https:\/\/www.nicematin.com\/environnement\/ce-qui-s-est-passe-a-nice-est-assez-incroyable-coup-de-cur-coup-de-gueule-annonces-christian-estrosi-fait-le-bilan-du-sommet-de-l-ocean-990187\" target=\"_blank\" rel=\"noopener\">Conf\u00e9rence des Nations unies pour l\u2019oc\u00e9an (Unoc)<\/a>. Le pr\u00e9sident de la R\u00e9publique avait annonc\u00e9 vouloir placer 14,8 % du territoire maritime fran\u00e7ais sous protection forte d\u2019ici fin 2026, contre 4,8 % aujourd\u2019hui. Car la future aire marine prot\u00e9g\u00e9e de Nice aura bien le statut de Zone de protection forte, limitant drastiquement les activit\u00e9s humaines.<\/p>\n<p>                                                                                Une partie de la Prom\u2019 et du Cap de Nice<\/p>\n<p class=\"fs-5 \">L\u2019\u00c9tat vient de lancer une consultation publique \u00e9lectronique jusqu\u2019au 26 d\u00e9cembre (1). Avec un acc\u00e8s au projet d\u2019arr\u00eat\u00e9 interpr\u00e9fectoral, qui d\u00e9voile les contours de l\u2019AMP. Si le maire de Nice avait annonc\u00e9 en juin, juste apr\u00e8s l\u2019Unoc, une mise en \u0153uvre concr\u00e8te \u00ab probablement d\u2019ici le 15 novembre \u00bb, l\u2019arr\u00eat\u00e9 n\u2019entrera finalement pas en vigueur avant le 1er juin 2026, apr\u00e8s les ultimes arbitrages issus de cette consultation.<\/p>\n<p class=\"fs-5 \">Dans le d\u00e9tail, deux zones de protection fortes principales sont pr\u00e9vues. La premi\u00e8re se situe sur la promenade des Anglais, sur une bande littorale de 27,7 ha entre les \u00e9pis du Negresco et du Centre universitaire m\u00e9diterran\u00e9en. 740 m de littoral, jusqu\u2019\u00e0 la limite des 300 m au large. La p\u00eache de loisir y sera interdite sous toutes ses formes, y compris avec des cannes \u00e0 p\u00eache depuis le bord, tout comme la p\u00eache professionnelle. La plong\u00e9e sous-marine \u00e9galement, ainsi que la navigation.<\/p>\n<p class=\"fs-5 \">\u00ab Entre la Lanterne et le Paillon, on a d\u00e9couvert une pr\u00e9sence de cymodoc\u00e9e assez exceptionnelle [2], malgr\u00e9 la pollution existante inh\u00e9rente \u00e0 toute ville \u00bb, s\u2019enthousiasme Aurore Asso. Dans ce cas, pourquoi ne pas prot\u00e9ger toute la zone ? \u00ab C\u2019est impossible de mettre l\u2019enti\u00e8ret\u00e9 de la bande c\u00f4ti\u00e8re sous cloche, car il faut que tous les acteurs de la mer soutiennent le projet, sinon \u00e7a ne marchera jamais, insiste-t-elle. Depuis 2023, on a multipli\u00e9 les concertations avec les p\u00eacheurs professionnels, les p\u00eacheurs loisirs, les plongeurs, les entreprises qui proposent des activit\u00e9s nautiques\u2026 Il vaut mieux commencer petit, mais que \u00e7a soit bien accept\u00e9 par tout le monde. C\u2019est un enjeu patrimonial, un projet de territoire, et on veut d\u00e9velopper un sentiment de responsabilit\u00e9 collective, donc on assume de commencer petit, et dans les ann\u00e9es \u00e0 venir, on avancera plus loin ensemble, progressivement. \u00bb<\/p>\n<p>                                                                                D\u00e9rogation pour les navires de p\u00eache professionnelle<\/p>\n<p class=\"fs-5 \">La deuxi\u00e8me zone, c\u2019est la pointe des sans-culottes, \u00e0 l\u2019est du cap de Nice, avec en annexe la c\u00e9l\u00e8bre grotte \u00e0 corail qui se trouve un peu plus loin, direction Villefranche-sur-Mer. Soit pr\u00e8s d\u20191 km de c\u00f4te s\u2019\u00e9tendant dans la zone des 300 m au large, pour un total de 21 ha. M\u00eame interdiction que pour la Prom\u2019, avec toutefois une d\u00e9rogation pour les navires de p\u00eache professionnelle membres des prud\u2019homies de Nice et Villefranche, du 1er d\u00e9cembre au 31 juillet. \u00ab Uniquement pour l\u2019usage d\u2019engins de type arts dormants (filets, palangres, casiers) et pour l\u2019activit\u00e9 de p\u00eache en plong\u00e9e sous-marine \u00bb, pr\u00e9cise l\u2019arr\u00eat\u00e9.<\/p>\n<p class=\"fs-5 \">Concernant la grotte \u00e0 corail, c\u00e9l\u00e8bre spot de plong\u00e9e sis entre 14 et 25 m de fond, il sera en plus interdit aux plongeurs de p\u00e9n\u00e9trer \u00e0 l\u2019int\u00e9rieur de la cavit\u00e9, avec obligation pour leurs navires de s\u2019amarrer aux coffres et bou\u00e9es install\u00e9es \u00e0 cet effet. \u00ab L\u2019arr\u00eat\u00e9 interpr\u00e9fectoral de protection des habitats naturels vise \u00e0 assurer une meilleure conservation des herbiers de posidonie, herbiers \u00e0 cymodoc\u00e9e, du corallig\u00e8ne, et des roches infralittorales, tout en maintenant des activit\u00e9s r\u00e9duites de p\u00eache professionnelle et de plong\u00e9e strictement encadr\u00e9es \u00bb, pr\u00e9cise le document.<\/p>\n<p class=\"fs-5 \">Et les deux bases nautiques sur la Prom\u2019 qui proposent du parachute ascensionnel ? Elles resteront pour l\u2019instant autoris\u00e9es. \u00ab L\u2019appel d\u2019offres va \u00eatre renouvel\u00e9 pour la p\u00e9riode 2026-2032, ensuite, on verra \u00bb, souffle Aurore Asso. L\u2019id\u00e9al \u00e9tant que ces bases nautiques utilisent \u00e0 terme des bateaux \u00e9lectriques, afin de limiter les d\u00e9g\u00e2ts sur la faune et la flore sous-marine\u2026 Avec l\u2019espoir de voir peut-\u00eatre un jour revenir \u00e0 Nice <a href=\"https:\/\/www.nicematin.com\/environnement\/le-requin-ange-de-mer-qui-aurait-donne-son-nom-a-la-baie-des-anges-bientot-reintroduit-a-nice-10654350\" target=\"_blank\" rel=\"noopener\">les anges de mer, ces requins plats qui ont donn\u00e9 leur nom \u00e0 la baie des Anges<\/a>\u2026<\/p>\n<p>                                                                                \u00ab La surface annonc\u00e9e est tr\u00e8s faible \u00bb<\/p>\n<p class=\"fs-5 \">Le Collectif citoyen 06 salue \u00ab un ensemble de mesures coh\u00e9rentes et ambitieuses pour la protection benthique littorale \u00bb, mais critique \u00ab une surface annonc\u00e9e tr\u00e8s faible \u00bb, \u00ab l\u2019absence de continuit\u00e9 \u00e9cologique entre les deux zones \u00bb, et \u00ab la d\u00e9rogation, huit mois sur douze, \u00e0 la p\u00eache professionnelle dans le secteur de la Pointe des sans-culottes \u00bb. \u00ab Les p\u00eacheurs ne pratiquant pas ou peu leur activit\u00e9 au mois d\u2019ao\u00fbt \u00e0 cause du tourisme et en automne \u00e0 cause des temp\u00eates, leurs activit\u00e9s ne seront quasiment pas impact\u00e9es, d\u00e9plore Airy Chr\u00e9tien, cofondateur du Collectif. \u00c7a att\u00e9nuera tr\u00e8s vraisemblablement l\u2019effet r\u00e9serve. Le contr\u00f4le des arts utilis\u00e9s et la v\u00e9rification des d\u00e9rogations seront donc d\u00e9terminants. \u00bb<\/p>\n<p class=\"fs-5 \">Alexandre Meinesz, chercheur au laboratoire Ecoseas, \u00e0 Nice, abonde : \u00ab Les filets perdus s\u2019accrochent au corallig\u00e8ne et y pi\u00e8gent inutilement de nombreuses esp\u00e8ces. Autoriser la p\u00eache les deux tiers de l\u2019ann\u00e9e, rend la protection incoh\u00e9rente et non conforme au statut de \u201czone de protection forte\u201d. \u00bb Militant depuis 1995 \u00e0 la cr\u00e9ation d\u2019une AMP, il d\u00e9plore une \u00ab pseudo-r\u00e9serve sans moyen de contr\u00f4le et sans ambition r\u00e9elle de conservation \u00bb.<\/p>\n<p class=\"fs-5 \">Du c\u00f4t\u00e9 des p\u00eacheurs ni\u00e7ois, leur premier prud\u2019homme, Yvan Bester, assure que \u00ab seuls deux professionnels jettent leurs filets dans ce secteur. Filets qui ne s\u2019accrochent \u00e0 la paroi qu\u2019en cas de coup de mer. D\u00e8s que \u00e7a se produit, nous appelons une association [NaturDive] pour que des plongeurs les r\u00e9cup\u00e8rent. \u00bb Interdire la p\u00eache n\u2019\u00e9tait pas envisageable ? \u00ab Le cap de Nice, c\u2019est l\u2019unique partie rocheuse o\u00f9 les p\u00eacheurs ni\u00e7ois peuvent trouver des poissons de roche, donc interdire la p\u00eache l\u00e0-bas toute l\u2019ann\u00e9e, c\u2019\u00e9tait s\u2019exposer \u00e0 un v\u00e9to cat\u00e9gorique de leur part, justifie Aurore Asso. On avait le choix entre pas d\u2019AMP du tout, ou trouver un compromis\u2026 \u00bb<\/p>\n<p>                                                                                Les plongeurs esp\u00e8rent des bou\u00e9es d\u2019ancrage<\/p>\n<p class=\"fs-5 \">Le projet d\u2019arr\u00eat\u00e9 interdisant l\u2019ancrage dans la zone Maeterlinck jusqu\u2019au Cochon \u00e0 partir de juin 2026, des plongeurs s\u2019inqui\u00e8tent de voir leurs descentes compromises. St\u00e9phane Mul\u00e9, g\u00e9rant du centre Nice Diving explique que son activit\u00e9 devrait \u00eatre autoris\u00e9e \u00ab \u00e0 partir de mouillages \u00e9cologiques, dont nous ne connaissons pas le nombre ni la date d\u2019installation. Si aucun de ces mouillages fixes n\u2019est install\u00e9 en juin et en quantit\u00e9 suffisante, nous ne pourrons plus plonger. \u00bb Une perspective qu\u2019il juge \u00ab inacceptable, des professionnels d\u00e9pendant \u00e9conomiquement de ce secteur, notamment le tombant des Am\u00e9ricains, internationalement connu. Avec les clubs, nous sommes une centaine de pratiquants \u00e0 fr\u00e9quenter ces sites. \u00bb<\/p>\n<p class=\"fs-5 \">N\u2019est-ce pas pr\u00e9cis\u00e9ment cette affluence qu\u2019il faudrait contenir ? N\u2019impacte-t-elle pas le corallig\u00e8ne ? \u00ab Parce que notre subsistance d\u00e9pend de cette pr\u00e9servation, nous sommes extr\u00eamement respectueux \u00bb, r\u00e9torque le plongeur. Un argument appuy\u00e9 par le professeur Alexandre Meinesz : \u00ab La plong\u00e9e ne constitue pas une menace si elle est encadr\u00e9e par des pros vigilants. Et si les bateaux peuvent s\u2019amarrer \u00e0 des bou\u00e9es, \u00e9vitant d\u2019ab\u00eemer les fonds marins en jetant l\u2019ancre. \u00bb<\/p>\n<p class=\"fs-5 \">Si Aurore Asso n\u2019est pas encore en mesure d\u2019indiquer ni la date de d\u00e9ploiement des bou\u00e9es, ni leur nombre exact, elle tient tout de m\u00eame \u00e0 rassurer les plongeurs : \u00ab Il n\u2019est pas question que les clubs mettent la clef sous la porte ou aillent plonger ailleurs. Une solution concert\u00e9e sera trouv\u00e9e. \u00bb<\/p>\n<p class=\"fs-5 \">1. Observations \u00e0 transmettre par mail \u00e0 : ddtm-sm-participation-public@alpes-maritimes.gouv.fr, en mentionnant en objet : \u00ab Projet d\u2019AIPHN Nice \u00bb. Le projet d\u2019arr\u00eat\u00e9 est sur www.premar-mediterranee.gouv.fr\/page\/projet-d-aiphn-nice<\/p>\n<p class=\"fs-5 \">2. Ce qui interpelle Alexandre Meinesz, chercheur au laboratoire Ecoseas : \u00ab Ces derni\u00e8res ann\u00e9es, cette pelouse maritime est de plus en plus \u00e9parse. Nous faisons l\u2019hypoth\u00e8se que la construction du tunnel du tram a d\u00e9vi\u00e9 la nappe phr\u00e9atique procurant l\u2019eau douce n\u00e9cessaire \u00e0 la germination de la cymodoc\u00e9e. La protection serait pertinente en face du Magnan. \u00bb<\/p>\n","protected":false},"excerpt":{"rendered":"Le projet date de 2020, pouss\u00e9 par la ville de Nice et des scientifiques locaux. Son objectif :&hellip;\n","protected":false},"author":2,"featured_media":621381,"comment_status":"","ping_status":"","sticky":false,"template":"","format":"standard","meta":{"footnotes":""},"categories":[2819],"tags":[1111,11,1777,674,1011,27,12,2401,882,25],"class_list":{"0":"post-621380","1":"post","2":"type-post","3":"status-publish","4":"format-standard","5":"has-post-thumbnail","7":"category-nice","8":"tag-actu","9":"tag-actualites","10":"tag-eu","11":"tag-europe","12":"tag-fr","13":"tag-france","14":"tag-news","15":"tag-nice","16":"tag-provence-alpes-cote-dazur","17":"tag-republique-francaise"},"share_on_mastodon":{"url":"https:\/\/pubeurope.com\/@fr\/115779761984484645","error":""},"_links":{"self":[{"href":"https:\/\/www.europesays.com\/fr\/wp-json\/wp\/v2\/posts\/621380","targetHints":{"allow":["GET"]}}],"collection":[{"href":"https:\/\/www.europesays.com\/fr\/wp-json\/wp\/v2\/posts"}],"about":[{"href":"https:\/\/www.europesays.com\/fr\/wp-json\/wp\/v2\/types\/post"}],"author":[{"embeddable":true,"href":"https:\/\/www.europesays.com\/fr\/wp-json\/wp\/v2\/users\/2"}],"replies":[{"embeddable":true,"href":"https:\/\/www.europesays.com\/fr\/wp-json\/wp\/v2\/comments?post=621380"}],"version-history":[{"count":0,"href":"https:\/\/www.europesays.com\/fr\/wp-json\/wp\/v2\/posts\/621380\/revisions"}],"wp:featuredmedia":[{"embeddable":true,"href":"https:\/\/www.europesays.com\/fr\/wp-json\/wp\/v2\/media\/621381"}],"wp:attachment":[{"href":"https:\/\/www.europesays.com\/fr\/wp-json\/wp\/v2\/media?parent=621380"}],"wp:term":[{"taxonomy":"category","embeddable":true,"href":"https:\/\/www.europesays.com\/fr\/wp-json\/wp\/v2\/categories?post=621380"},{"taxonomy":"post_tag","embeddable":true,"href":"https:\/\/www.europesays.com\/fr\/wp-json\/wp\/v2\/tags?post=621380"}],"curies":[{"name":"wp","href":"https:\/\/api.w.org\/{rel}","templated":true}]}}