{"id":621384,"date":"2025-12-25T10:36:15","date_gmt":"2025-12-25T10:36:15","guid":{"rendered":"https:\/\/www.europesays.com\/fr\/621384\/"},"modified":"2025-12-25T10:36:15","modified_gmt":"2025-12-25T10:36:15","slug":"kita-promet-des-salaires-xxl-au-mercato","status":"publish","type":"post","link":"https:\/\/www.europesays.com\/fr\/621384\/","title":{"rendered":"Kita promet des salaires XXL au mercato"},"content":{"rendered":"<p><b>17e de <a href=\"https:\/\/www.foot01.com\/ligue1\" title=\"Ligue 1\" target=\"_blank\" rel=\"noopener\">Ligue 1<\/a> \u00e0 la tr\u00eave, le FC Nantes est en grande difficult\u00e9 sportive. Tr\u00e8s faibles dans le jeu, les Canaris s&rsquo;appr\u00eatent \u00e0 multiplier les transferts en janvier pour se relancer. Le pr\u00e9sident Waldemar Kita consent \u00e0 mettre la main \u00e0 la poche pour attirer du lourd.<\/b>Habitu\u00e9 \u00e0 trembler ces derni\u00e8res saisons en bas de tableau, le <a href=\"https:\/\/www.foot01.com\/nantes\" target=\"_self\" rel=\"noopener\">FC Nantes<\/a> est servi cette ann\u00e9e. 17e de Ligue 1 avec deux succ\u00e8s seulement au compteur, l&rsquo;octuple champion de France est plus en danger que jamais pour le maintien. Un triste bilan statistique qui est conforme \u00e0 la r\u00e9alit\u00e9 du terrain. Rares sont les \u00e9quipes fran\u00e7aises \u00e0 sembler plus faibles que le FCN cette saison. Difficile d&rsquo;imaginer les Canaris se relever en l&rsquo;\u00e9tat. Il faudra massivement investir au <a href=\"https:\/\/www.foot01.com\/mercato\" title=\"Mercato\" target=\"_blank\" rel=\"noopener\">mercato<\/a> avec plusieurs postes \u00e0 renforcer.Nantes propose 4 gros salaires<\/p>\n<p>Le FC Nantes a besoin d&rsquo;un ailier droit, d&rsquo;un milieu relayeur et de deux d\u00e9fenseurs centraux en urgence. De lourds investissements pour un club sur la corde raide financi\u00e8rement avec la crise des droits TV en Ligue 1. N\u00e9anmoins, Waldemar Kita sait comment se renforcer efficacement cet hiver selon Ouest-France. Le pr\u00e9sident nantais convoite des joueurs libres sur le march\u00e9 ainsi que des bons \u00e9l\u00e9ments en pr\u00eat.<\/p>\n<p>Des cibles que Waldemar Kita entend s\u00e9duire par le portefeuille. Le boss du FC Nantes va faire \u00ab de gros efforts financiers au niveau des salaires\u00a0\u00bb<br \/>\npour faire basculer certains dossiers. Une strat\u00e9gie indispensable pour attirer des p\u00e9pites en pr\u00eat notamment. Ces d\u00e9penses seront assur\u00e9es personnellement par l&rsquo;homme d&rsquo;affaires franco-polonais. Ce dernier pr\u00e9f\u00e8rera toujours cela \u00e0 une rel\u00e9gation en Ligue 2. Une division quitt\u00e9e en 2013 apr\u00e8s un passage douloureux de 4 ans.<\/p>\n","protected":false},"excerpt":{"rendered":"17e de Ligue 1 \u00e0 la tr\u00eave, le FC Nantes est en grande difficult\u00e9 sportive. Tr\u00e8s faibles dans&hellip;\n","protected":false},"author":2,"featured_media":621385,"comment_status":"","ping_status":"","sticky":false,"template":"","format":"standard","meta":{"footnotes":""},"categories":[2818],"tags":[1111,11,1777,674,462,1011,27,66,1434,766,12,2636,25],"class_list":{"0":"post-621384","1":"post","2":"type-post","3":"status-publish","4":"format-standard","5":"has-post-thumbnail","7":"category-nantes","8":"tag-actu","9":"tag-actualites","10":"tag-eu","11":"tag-europe","12":"tag-fc-nantes","13":"tag-fr","14":"tag-france","15":"tag-ligue-1","16":"tag-mercato","17":"tag-nantes","18":"tag-news","19":"tag-pays-de-la-loire","20":"tag-republique-francaise"},"share_on_mastodon":{"url":"https:\/\/pubeurope.com\/@fr\/115779769770973293","error":""},"_links":{"self":[{"href":"https:\/\/www.europesays.com\/fr\/wp-json\/wp\/v2\/posts\/621384","targetHints":{"allow":["GET"]}}],"collection":[{"href":"https:\/\/www.europesays.com\/fr\/wp-json\/wp\/v2\/posts"}],"about":[{"href":"https:\/\/www.europesays.com\/fr\/wp-json\/wp\/v2\/types\/post"}],"author":[{"embeddable":true,"href":"https:\/\/www.europesays.com\/fr\/wp-json\/wp\/v2\/users\/2"}],"replies":[{"embeddable":true,"href":"https:\/\/www.europesays.com\/fr\/wp-json\/wp\/v2\/comments?post=621384"}],"version-history":[{"count":0,"href":"https:\/\/www.europesays.com\/fr\/wp-json\/wp\/v2\/posts\/621384\/revisions"}],"wp:featuredmedia":[{"embeddable":true,"href":"https:\/\/www.europesays.com\/fr\/wp-json\/wp\/v2\/media\/621385"}],"wp:attachment":[{"href":"https:\/\/www.europesays.com\/fr\/wp-json\/wp\/v2\/media?parent=621384"}],"wp:term":[{"taxonomy":"category","embeddable":true,"href":"https:\/\/www.europesays.com\/fr\/wp-json\/wp\/v2\/categories?post=621384"},{"taxonomy":"post_tag","embeddable":true,"href":"https:\/\/www.europesays.com\/fr\/wp-json\/wp\/v2\/tags?post=621384"}],"curies":[{"name":"wp","href":"https:\/\/api.w.org\/{rel}","templated":true}]}}