{"id":621386,"date":"2025-12-25T10:37:14","date_gmt":"2025-12-25T10:37:14","guid":{"rendered":"https:\/\/www.europesays.com\/fr\/621386\/"},"modified":"2025-12-25T10:37:14","modified_gmt":"2025-12-25T10:37:14","slug":"stenope-seduit-avec-des-soirees-poetico-musicales","status":"publish","type":"post","link":"https:\/\/www.europesays.com\/fr\/621386\/","title":{"rendered":"St\u00e9nop\u00e9 s\u00e9duit avec des soir\u00e9es po\u00e9tico-musicales"},"content":{"rendered":"<p>St\u00e9nop\u00e9 est une association lormontaise d\u2019artistes, photographes, plasticiens, musiciens et po&#8230;<\/p>\n<p>St\u00e9nop\u00e9 est une association lormontaise d\u2019artistes, photographes, plasticiens, musiciens et po\u00e8tes, men\u00e9e par C\u00e9cile Berthereau, Roland Bourbon et Serge Korjanevski. \u00c0 leur actif, figurent des expositions de photos et de peintures, des concerts, des recueils de po\u00e9sie et des \u00e9changes en tous genres. Le 6\u00a0d\u00e9cembre, par exemple, ils \u00e9taient accueillis par La Vie au Vieux Lormont, ch\u00e8re \u00e0 Jean-Luc Elie et Carole Collaudin\u00a0; les artistes pr\u00e9sents ont fait une prestation en deux parties.<\/p>\n","protected":false},"excerpt":{"rendered":"St\u00e9nop\u00e9 est une association lormontaise d\u2019artistes, photographes, plasticiens, musiciens et po&#8230; St\u00e9nop\u00e9 est une association lormontaise d\u2019artistes, photographes,&hellip;\n","protected":false},"author":2,"featured_media":621387,"comment_status":"","ping_status":"","sticky":false,"template":"","format":"standard","meta":{"footnotes":""},"categories":[2817],"tags":[1111,11,1997,1777,674,1011,27,12,2219,25],"class_list":{"0":"post-621386","1":"post","2":"type-post","3":"status-publish","4":"format-standard","5":"has-post-thumbnail","7":"category-bordeaux","8":"tag-actu","9":"tag-actualites","10":"tag-bordeaux","11":"tag-eu","12":"tag-europe","13":"tag-fr","14":"tag-france","15":"tag-news","16":"tag-nouvelle-aquitaine","17":"tag-republique-francaise"},"share_on_mastodon":{"url":"https:\/\/pubeurope.com\/@fr\/115779774439593283","error":""},"_links":{"self":[{"href":"https:\/\/www.europesays.com\/fr\/wp-json\/wp\/v2\/posts\/621386","targetHints":{"allow":["GET"]}}],"collection":[{"href":"https:\/\/www.europesays.com\/fr\/wp-json\/wp\/v2\/posts"}],"about":[{"href":"https:\/\/www.europesays.com\/fr\/wp-json\/wp\/v2\/types\/post"}],"author":[{"embeddable":true,"href":"https:\/\/www.europesays.com\/fr\/wp-json\/wp\/v2\/users\/2"}],"replies":[{"embeddable":true,"href":"https:\/\/www.europesays.com\/fr\/wp-json\/wp\/v2\/comments?post=621386"}],"version-history":[{"count":0,"href":"https:\/\/www.europesays.com\/fr\/wp-json\/wp\/v2\/posts\/621386\/revisions"}],"wp:featuredmedia":[{"embeddable":true,"href":"https:\/\/www.europesays.com\/fr\/wp-json\/wp\/v2\/media\/621387"}],"wp:attachment":[{"href":"https:\/\/www.europesays.com\/fr\/wp-json\/wp\/v2\/media?parent=621386"}],"wp:term":[{"taxonomy":"category","embeddable":true,"href":"https:\/\/www.europesays.com\/fr\/wp-json\/wp\/v2\/categories?post=621386"},{"taxonomy":"post_tag","embeddable":true,"href":"https:\/\/www.europesays.com\/fr\/wp-json\/wp\/v2\/tags?post=621386"}],"curies":[{"name":"wp","href":"https:\/\/api.w.org\/{rel}","templated":true}]}}