{"id":621388,"date":"2025-12-25T10:38:21","date_gmt":"2025-12-25T10:38:21","guid":{"rendered":"https:\/\/www.europesays.com\/fr\/621388\/"},"modified":"2025-12-25T10:38:21","modified_gmt":"2025-12-25T10:38:21","slug":"laeroport-de-bordeaux-merignac-a-t-il-trop-transforme-la-ville","status":"publish","type":"post","link":"https:\/\/www.europesays.com\/fr\/621388\/","title":{"rendered":"L&rsquo;a\u00e9roport de Bordeaux-M\u00e9rignac a-t-il trop transform\u00e9 la ville ?"},"content":{"rendered":"<p>\ud83d\udd52 Article publi\u00e9 le 25 d\u00e9cembre 2025<br \/>&#13;<br \/>\n\u2705 Mis \u00e0 jour le 25 d\u00e9cembre 2025<\/p>\n<p>Pendant longtemps, l\u2019<strong>a\u00e9roport de Bordeaux-M\u00e9rignac<\/strong> a \u00e9t\u00e9 per\u00e7u comme une simple porte d\u2019entr\u00e9e. Aujourd\u2019hui pourtant, il est devenu l\u2019un des <strong>piliers structurants de la ville<\/strong>. Emploi, attractivit\u00e9, am\u00e9nagement urbain, image du territoire : son influence d\u00e9passe largement les pistes et les terminaux. \u00c0 M\u00e9rignac, l\u2019a\u00e9roport a red\u00e9fini le quotidien sans jamais bouleverser l\u2019\u00e9quilibre local.<\/p>\n<p>L\u2019a\u00e9roport de Bordeaux a profond\u00e9ment chang\u00e9 la ville de M\u00e9rignac \u00a9 Dylan A.<\/p>\n<p>Un moteur \u00e9conomique qui structure la ville<\/p>\n<p>L\u2019a\u00e9roport est l\u2019un des <strong>principaux p\u00f4les \u00e9conomiques<\/strong> de M\u00e9rignac. Autour de ses infrastructures, ce sont des<strong> milliers d\u2019emplois directs<\/strong> (plus de 8 000) et indirects qui irriguent le territoire. Aviation, maintenance, s\u00e9curit\u00e9, logistique, commerces, services\u2026 l\u2019\u00e9cosyst\u00e8me est vaste et diversifi\u00e9.<\/p>\n<p>M\u00e9rignac, une ville ind\u00e9pendante<\/p>\n<p>Cette dynamique a d\u2019ailleurs permis \u00e0 M\u00e9rignac de ne pas d\u00e9pendre uniquement de Bordeaux. La ville a gagn\u00e9 en <strong>autonomie \u00e9conomique<\/strong>, attirant des profils vari\u00e9s, des techniciens aux cadres. L\u2019a\u00e9roport agit ainsi comme un stabilisateur, en ancrant l\u2019emploi sur place.<\/p>\n<p>La porte d\u2019entr\u00e9e vers le reste de l\u2019Europe<\/p>\n<p>Avec <a href=\"https:\/\/passion-aquitaine.ouest-france.fr\/aeroport-bordeaux-wizz-air-nouvelles-lignes\/\" target=\"_blank\" rel=\"noopener\">93 destinations directes<\/a> r\u00e9parties dans<strong> 26 pays<\/strong>, l\u2019a\u00e9roport a profond\u00e9ment modifi\u00e9 la relation des habitants au d\u00e9placement. Pour les M\u00e9rignacais, voyager n\u2019est plus synonyme de traverser toute la m\u00e9tropole, il suffit de prendre le bus. En outre, la plateforme a accueilli <strong>6,6 millions de passagers et 24 compagnies a\u00e9riennes en 2023<\/strong>. Ces chiffres traduisent une r\u00e9alit\u00e9 concr\u00e8te : M\u00e9rignac est devenue une ville connect\u00e9e, un hub international.<\/p>\n<p><img loading=\"lazy\" decoding=\"async\" aria-describedby=\"caption-attachment-28588\" class=\"size-full wp-image-28588 lazyload ewww_webp_lazy_load\" src=\"https:\/\/www.europesays.com\/fr\/wp-content\/uploads\/2025\/07\/aeroport-bordeaux-merignac.jpg\" alt=\"Vue sur la tour de contr\u00f4le de l'a\u00e9roport - Ardfern\" width=\"1200\" height=\"675\" style=\"--smush-placeholder-width: 1200px; --smush-placeholder-aspect-ratio: 1200\/675;\" src-webp=\"https:\/\/www.europesays.com\/fr\/wp-content\/uploads\/2025\/07\/aeroport-bordeaux-merignac.jpg.webp\"\/><\/p>\n<p id=\"caption-attachment-28588\" class=\"wp-caption-text\">Vue sur la tour de contr\u00f4le de l\u2019a\u00e9roport \u00a9 Ardfern<\/p>\n<p>Des infrastructures qui fa\u00e7onnent l\u2019espace urbain<\/p>\n<p>L\u2019a\u00e9roport repose sur un <strong>socle impressionnant d\u2019infrastructures<\/strong> :<\/p>\n<ul>\n<li>850 hectares de surfaces a\u00e9roportuaires<\/li>\n<li>2 pistes s\u00e9cantes<\/li>\n<li>3 terminaux (Hall A, Hall B, terminal billi)<\/li>\n<li>39 portes d\u2019embarquement<\/li>\n<\/ul>\n<p>Toute cette pr\u00e9sence a influenc\u00e9 l\u2019am\u00e9nagement de la ville entre <strong>d\u00e9veloppement du tramway<\/strong> et nouveaux axes routiers. En effet, M\u00e9rignac s\u2019est construite en int\u00e9grant l\u2019a\u00e9roport et non en le subissant.<\/p>\n<p>Une d\u00e9marche environnementale devenue centrale<\/p>\n<p>Contrairement aux id\u00e9es re\u00e7ues, l\u2019a\u00e9roport de Bordeaux-M\u00e9rignac a engag\u00e9 depuis plusieurs ann\u00e9es une <a href=\"https:\/\/www.bordeaux.aeroport.fr\/laeroport\/environnement\" target=\"_blank\" rel=\"noopener\">transition environnementale<\/a> concr\u00e8te. En 2023,\u00a0 tandis que<strong> 100 % de l\u2019\u00e9lectricit\u00e9 achet\u00e9e est d\u2019origine renouvelable<\/strong>, plus de 90 % de la consommation d\u2019eau potable est issue de la production propre. La question du bruit, souvent sensible, a aussi \u00e9t\u00e9 prise \u00e0 bras-le-corps. Pr\u00e8s de <strong>800 op\u00e9rations d\u2019insonorisation de logements<\/strong> ont \u00e9t\u00e9 men\u00e9es, financ\u00e9es par les compagnies a\u00e9riennes.<\/p>\n<p><img loading=\"lazy\" decoding=\"async\" aria-describedby=\"caption-attachment-31189\" class=\"size-full wp-image-31189 lazyload ewww_webp_lazy_load\" src=\"https:\/\/www.europesays.com\/fr\/wp-content\/uploads\/2025\/12\/tramway-bordeaux-aeroport.jpg\" alt=\"Le tramway circule d\u00e9sormais entre la gare Saint-Jean et l'a\u00e9roport de Bordeaux - Kevin B.\" width=\"1200\" height=\"675\" style=\"--smush-placeholder-width: 1200px; --smush-placeholder-aspect-ratio: 1200\/675;\" src-webp=\"https:\/\/www.europesays.com\/fr\/wp-content\/uploads\/2025\/12\/tramway-bordeaux-aeroport.jpg.webp\"\/><\/p>\n<p id=\"caption-attachment-31189\" class=\"wp-caption-text\">Le tramway circule d\u00e9sormais entre la gare Saint-Jean et l\u2019a\u00e9roport de Bordeaux \u00a9 Kevin B.<\/p>\n<p>Une image de M\u00e9rignac profond\u00e9ment transform\u00e9e<\/p>\n<p>L\u2019a\u00e9roport de Bordeaux a chang\u00e9 la perception de M\u00e9rignac. Longtemps vue comme une ville de passage, elle s\u2019affirme d\u00e9sormais comme une <strong>commune strat\u00e9gique, active et connect\u00e9e<\/strong>. Cette nouvelle image s\u00e9duit de plus en plus de familles et d\u2019actifs qui souhaitent rester proches de Bordeaux sans en subir les contraintes.<\/p>\n<p>Une transformation silencieuse mais d\u00e9cisive<\/p>\n<p>Vous l\u2019aurez compris, <a href=\"https:\/\/passion-aquitaine.ouest-france.fr\/bordeaux-merignac-aeroport\/\" target=\"_blank\" rel=\"noopener\">l\u2019a\u00e9roport de Bordeaux-M\u00e9rignac<\/a> n\u2019a pas boulevers\u00e9 la ville du jour au lendemain. Son impact s\u2019est inscrit dans le temps, par ajustements successifs. Aujourd\u2019hui, il fait ainsi partie int\u00e9grante de <strong>l\u2019identit\u00e9 locale<\/strong>. Plus qu\u2019une infrastructure, il est devenu un <strong>levier d\u2019\u00e9quilibre<\/strong> entre dynamisme \u00e9conomique et ouverture au monde. Et c\u2019est peut-\u00eatre l\u00e0 sa plus grande r\u00e9ussite : avoir transform\u00e9 M\u00e9rignac sans jamais la d\u00e9naturer.<\/p>\n","protected":false},"excerpt":{"rendered":"\ud83d\udd52 Article publi\u00e9 le 25 d\u00e9cembre 2025&#13; \u2705 Mis \u00e0 jour le 25 d\u00e9cembre 2025 Pendant longtemps, l\u2019a\u00e9roport&hellip;\n","protected":false},"author":2,"featured_media":621389,"comment_status":"","ping_status":"","sticky":false,"template":"","format":"standard","meta":{"footnotes":""},"categories":[2817],"tags":[1111,11,17081,73113,1997,73112,1777,674,1011,27,73110,73109,12,2219,25,73111],"class_list":{"0":"post-621388","1":"post","2":"type-post","3":"status-publish","4":"format-standard","5":"has-post-thumbnail","7":"category-bordeaux","8":"tag-actu","9":"tag-actualites","10":"tag-aeroport-bordeaux-merignac","11":"tag-aeroport-nouvelle-aquitaine","12":"tag-bordeaux","13":"tag-economie-merignac","14":"tag-eu","15":"tag-europe","16":"tag-fr","17":"tag-france","18":"tag-impact-aeroport-merignac","19":"tag-merignac-ville","20":"tag-news","21":"tag-nouvelle-aquitaine","22":"tag-republique-francaise","23":"tag-vivre-a-merignac"},"share_on_mastodon":{"url":"https:\/\/pubeurope.com\/@fr\/115779778977495885","error":""},"_links":{"self":[{"href":"https:\/\/www.europesays.com\/fr\/wp-json\/wp\/v2\/posts\/621388","targetHints":{"allow":["GET"]}}],"collection":[{"href":"https:\/\/www.europesays.com\/fr\/wp-json\/wp\/v2\/posts"}],"about":[{"href":"https:\/\/www.europesays.com\/fr\/wp-json\/wp\/v2\/types\/post"}],"author":[{"embeddable":true,"href":"https:\/\/www.europesays.com\/fr\/wp-json\/wp\/v2\/users\/2"}],"replies":[{"embeddable":true,"href":"https:\/\/www.europesays.com\/fr\/wp-json\/wp\/v2\/comments?post=621388"}],"version-history":[{"count":0,"href":"https:\/\/www.europesays.com\/fr\/wp-json\/wp\/v2\/posts\/621388\/revisions"}],"wp:featuredmedia":[{"embeddable":true,"href":"https:\/\/www.europesays.com\/fr\/wp-json\/wp\/v2\/media\/621389"}],"wp:attachment":[{"href":"https:\/\/www.europesays.com\/fr\/wp-json\/wp\/v2\/media?parent=621388"}],"wp:term":[{"taxonomy":"category","embeddable":true,"href":"https:\/\/www.europesays.com\/fr\/wp-json\/wp\/v2\/categories?post=621388"},{"taxonomy":"post_tag","embeddable":true,"href":"https:\/\/www.europesays.com\/fr\/wp-json\/wp\/v2\/tags?post=621388"}],"curies":[{"name":"wp","href":"https:\/\/api.w.org\/{rel}","templated":true}]}}