{"id":621390,"date":"2025-12-25T10:39:12","date_gmt":"2025-12-25T10:39:12","guid":{"rendered":"https:\/\/www.europesays.com\/fr\/621390\/"},"modified":"2025-12-25T10:39:12","modified_gmt":"2025-12-25T10:39:12","slug":"notes-de-musique-sur-le-parquet-vue-sur-la-garonne-lancien-appartement-toulousain-de-nougaro-est-a-vendre","status":"publish","type":"post","link":"https:\/\/www.europesays.com\/fr\/621390\/","title":{"rendered":"Notes de musique sur le parquet, vue sur la Garonne\u00a0: l\u2019ancien appartement toulousain de Nougaro est \u00e0 vendre"},"content":{"rendered":"<p class=\"paragraph text_align_left lp-f-body-02\">\u00ab Je n\u2019habite pas le quartier mais quand je passe en bord de Garonne, au pied de cet immeuble, je pense \u00e0 chaque fois \u00e0 Claude Nougaro, en voyant son appartement et surtout ce balcon en bois \u00e0 la vue exceptionnelle, avoue Mireille, une sexag\u00e9naire qui se prom\u00e8ne un samedi apr\u00e8s-midi sur le quai de Tounis \u00e0 Toulouse (<a href=\"https:\/\/www.leparisien.fr\/haute-garonne-31\/\" target=\"_blank\" rel=\"noreferrer noopener\">Haute-Garonne<\/a>). En plus, <a href=\"https:\/\/www.leparisien.fr\/haute-garonne-31\/il-nous-a-quittes-il-y-a-vingt-ans-mais-son-oeuvre-est-encore-bien-vivante-toulouse-celebre-nougaro-07-03-2024-PQEDYOMMPRF5NKVVJABQGX3AXQ.php\" target=\"_blank\" rel=\"noreferrer noopener\">sa photo g\u00e9ante<\/a> est tout pr\u00e8s, place Saint-Pierre. Il flotte un air de Nougaro dans ce quartier et ce n\u2019est pas anodin. Je l\u2019ai toujours aim\u00e9 et j\u2019adorerai p\u00e9n\u00e9trer dans cet appartement qui doit rester charg\u00e9 de nostalgie. \u00bb<\/p>\n<p>\u00ab Sa baie vitr\u00e9e est comme un tableau impressionniste \u00bb<\/p>\n<p class=\"\">Tous les Toulousains savent dans quel quartier est n\u00e9 Claude Nougaro et o\u00f9 il habitait quand il d\u00e9cida dans les ann\u00e9es 1980 d\u2019acqu\u00e9rir un pied \u00e0 terre dans la Ville rose, pour souffler loin de Paris. L\u2019ancien appartement du plus c\u00e9l\u00e8bre ambassadeur de Toulouse, situ\u00e9 au troisi\u00e8me \u00e9tage d\u2019un h\u00f4tel particulier quai de Tounis, est \u00e0 vendre.<\/p>\n<p class=\"\">C\u00e9cile Nougaro l\u2019avait c\u00e9d\u00e9 en 2018 \u00e0 un entrepreneur qui a d\u00e9cid\u00e9 aujourd\u2019hui de s\u2019en s\u00e9parer. Un endroit qui ne peut laisser indiff\u00e9rent puisque Claude Nougaro y a \u00e9crit <a href=\"https:\/\/www.leparisien.fr\/culture-loisirs\/musique\/hommage-a-claude-nougaro-au-grand-rex-sequences-emotion-reprises-decoiffantes-concert-rejouissant-26-06-2024-LYZTFRKHOJBCLGX3YLTTKYVH7A.php\" target=\"_blank\" rel=\"noreferrer noopener\">la majorit\u00e9 de ses chansons<\/a> et porte toujours des souvenirs inestimables du chanteur.<\/p>\n<p class=\"\">Dans une vid\u00e9o mise en ligne sur les r\u00e9seaux sociaux, l\u2019agence responsable de la vente de ce bien si particulier rappelle son histoire et ses am\u00e9nagements sp\u00e9cifiques r\u00e9alis\u00e9s par le chanteur d\u2019\u00ab Armstrong \u00bb et \u00ab Bidonville \u00bb. L\u2019appartement de 108 m2 comptant deux chambres et install\u00e9 sous les toits a \u00e9t\u00e9 r\u00e9nov\u00e9 mais garde les traces du compositeur de \u00ab \u00d4 Toulouse ! \u00bb On d\u00e9couvre ainsi la vue exceptionnelle depuis le balcon visible depuis la rue. Aucun arbre n\u2019emp\u00eache la vue sur la Garonne, que Claude Nougaro a c\u00e9l\u00e9br\u00e9e dans son titre \u00ab C\u2019est une Garonne \u00bb.<\/p>\n<p class=\"\">Un \u00e9l\u00e9ment d\u2019architecture qui fait partie du <a href=\"https:\/\/www.leparisien.fr\/haute-garonne-31\/a-toulouse-une-balade-sonore-pour-tout-connaitre-de-nougaro-10-07-2024-7M3KUMXK6BFZHPSFDYDEEZ5PE4.php\" target=\"_blank\" rel=\"noreferrer noopener\">parcours consacr\u00e9<\/a> par l\u2019Office du tourisme de Toulouse sur les pas de Nougaro qui s\u2019ach\u00e8ve devant sa derni\u00e8re demeure o\u00f9 il vivait avec sa quatri\u00e8me et derni\u00e8re \u00e9pouse, H\u00e9l\u00e8ne. \u00ab Depuis son appartement, Nougaro voyait la Garonne, les saules pleureurs et la prairie des Filtres, il disait que sa baie vitr\u00e9e \u00e9tait comme un tableau impressionniste \u00bb, rappelle l\u2019Office de tourisme.<\/p>\n<p class=\"\">Un logement qui poss\u00e8de tous les \u00e9l\u00e9ments chers \u00e0 l\u2019architecture et au patrimoine toulousain comme ses murs en brique et ses poutres d\u2019origine. Les pi\u00e8ces sont parsem\u00e9es de clin d\u2019\u0153il du chanteur comme une cr\u00e9dence en c\u00e9ramique dans la cuisine repr\u00e9sentant la Garonne et le pont Neuf, cr\u00e9\u00e9 sp\u00e9cialement pour l\u2019artiste. Sur l\u2019un des murs du s\u00e9jour tr\u00f4ne un bar chemin\u00e9e atypique, surplomb\u00e9 d\u2019un immense miroir style Art d\u00e9co.<\/p>\n<p class=\"\">L\u2019\u00e9l\u00e9ment le plus \u00e9mouvant est incontestablement les premi\u00e8res notes de musique de la chanson \u00ab \u00d4 Toulouse ! \u00bb inscrites sur le parquet entre le s\u00e9jour et une chambre ! Des d\u00e9corations de l\u2019artiste qui font sans aucun doute de ce lieu un logement unique, dont le prix de vente reste secret. Selon le site Valeurs immobili\u00e8res, un appartement voisin de 164 m2, situ\u00e9 dans la m\u00eame rue, a \u00e9t\u00e9 vendu en octobre 2024 pr\u00e8s de 950 000 euros. Avis aux fans !<\/p>\n","protected":false},"excerpt":{"rendered":"\u00ab Je n\u2019habite pas le quartier mais quand je passe en bord de Garonne, au pied de cet&hellip;\n","protected":false},"author":2,"featured_media":621391,"comment_status":"","ping_status":"","sticky":false,"template":"","format":"standard","meta":{"footnotes":""},"categories":[2816],"tags":[1111,917,11,459,1777,674,1011,27,4623,1116,12,2680,25,2312],"class_list":{"0":"post-621390","1":"post","2":"type-post","3":"status-publish","4":"format-standard","5":"has-post-thumbnail","7":"category-toulouse","8":"tag-actu","9":"tag-actu-locale","10":"tag-actualites","11":"tag-departements-horsidfo","12":"tag-eu","13":"tag-europe","14":"tag-fr","15":"tag-france","16":"tag-haute-garonne-31","17":"tag-immobilier","18":"tag-news","19":"tag-occitanie","20":"tag-republique-francaise","21":"tag-toulouse"},"share_on_mastodon":{"url":"","error":""},"_links":{"self":[{"href":"https:\/\/www.europesays.com\/fr\/wp-json\/wp\/v2\/posts\/621390","targetHints":{"allow":["GET"]}}],"collection":[{"href":"https:\/\/www.europesays.com\/fr\/wp-json\/wp\/v2\/posts"}],"about":[{"href":"https:\/\/www.europesays.com\/fr\/wp-json\/wp\/v2\/types\/post"}],"author":[{"embeddable":true,"href":"https:\/\/www.europesays.com\/fr\/wp-json\/wp\/v2\/users\/2"}],"replies":[{"embeddable":true,"href":"https:\/\/www.europesays.com\/fr\/wp-json\/wp\/v2\/comments?post=621390"}],"version-history":[{"count":0,"href":"https:\/\/www.europesays.com\/fr\/wp-json\/wp\/v2\/posts\/621390\/revisions"}],"wp:featuredmedia":[{"embeddable":true,"href":"https:\/\/www.europesays.com\/fr\/wp-json\/wp\/v2\/media\/621391"}],"wp:attachment":[{"href":"https:\/\/www.europesays.com\/fr\/wp-json\/wp\/v2\/media?parent=621390"}],"wp:term":[{"taxonomy":"category","embeddable":true,"href":"https:\/\/www.europesays.com\/fr\/wp-json\/wp\/v2\/categories?post=621390"},{"taxonomy":"post_tag","embeddable":true,"href":"https:\/\/www.europesays.com\/fr\/wp-json\/wp\/v2\/tags?post=621390"}],"curies":[{"name":"wp","href":"https:\/\/api.w.org\/{rel}","templated":true}]}}