{"id":621398,"date":"2025-12-25T10:44:09","date_gmt":"2025-12-25T10:44:09","guid":{"rendered":"https:\/\/www.europesays.com\/fr\/621398\/"},"modified":"2025-12-25T10:44:09","modified_gmt":"2025-12-25T10:44:09","slug":"on-forme-une-famille-assure-rabeb-benevole-et-accompagnee-par-les-restos-du-coeur","status":"publish","type":"post","link":"https:\/\/www.europesays.com\/fr\/621398\/","title":{"rendered":"\u00ab\u00a0On forme une famille\u00a0\u00bb, assure Rabeb, b\u00e9n\u00e9vole et accompagn\u00e9e par les Restos du c\u0153ur"},"content":{"rendered":"<p>Au 88 du boulevard de la M\u00e9diterran\u00e9e, l\u2019antenne des <a href=\"https:\/\/www.laprovence.com\/article\/societe\/1593085592283714\/restos-du-coeur-a-marseille-40-ans-apres-lappel-de-coluche-toujours-plus-de-demandes-et-moins-de-dons\" target=\"_blank\" rel=\"noopener\">Restos du c\u0153ur<\/a> du 15e arrondissement de Marseille, Rabeb (tout le monde l\u2019appelle Biba) a trouv\u00e9 \u00ab\u00a0une deuxi\u00e8me maison\u00a0\u00bb. \u00ab\u00a0On accepte tous ceux dans le besoin. Il n\u2019y a ni couleur de peau, religion ou politique qui compte, l\u2019accueil est inconditionnel\u00a0\u00bb, insiste la responsable. Comme elle, plus de 600 familles re\u00e7oivent une aide alimentaire du centre et 726 enfants de moins de dix ans <a href=\"https:\/\/www.laprovence.com\/article\/societe\/7987952220647414\/les-restos-du-coeur-d-orange-organisent-un-noel-solidaire-pour-les-enfants\" target=\"_blank\" rel=\"noopener\">un cadeau pour No\u00ebl<\/a>.<\/p>\n<p>Biba, 39\u00a0ans, est arriv\u00e9e en France depuis l\u2019Alg\u00e9rie en f\u00e9vrier\u00a02017. \u00ab\u00a0J\u2019ai une licence de droit mais c\u2019est difficile l\u00e0-bas, confie-t-elle. Avec mon mari, nous sommes venus pour le travail, l\u2019\u00e9cole et la sant\u00e9. Et puis, la devise\u00a0: libert\u00e9, \u00e9galit\u00e9, fraternit\u00e9.\u00a0\u00bb Sept mois plus tard, la maman au foyer de trois enfants, dont deux sont n\u00e9s ici (14 et 9\u00a0ans et un de 22 mois), s\u2019est pr\u00e9sent\u00e9e \u00e0 l\u2019asso qui lutte contre la pauvret\u00e9 et l\u2019exclusion pour <a href=\"https:\/\/www.laprovence.com\/article\/region\/9879253699594614\/les-restos-du-coeur-manquent-de-benevoles-alors-que-leur-mission-n-a-jamais-ete-aussi-vitale-dans-les-alpes-de-haute-provence\" target=\"_blank\" rel=\"noopener\">donner un coup de main<\/a>.<\/p>\n<p>\u00ab\u00a0Gr\u00e2ce aux Restos, je parle fran\u00e7ais et je suis int\u00e9gr\u00e9e\u00a0\u00bb<\/p>\n<p>\u00ab\u00a0Je tournais en rond \u00e0 la maison, j\u2019ai voulu me rendre utile, explique-t-elle. Je laisse <a href=\"https:\/\/www.laprovence.com\/article\/societe\/1518637031480114\/pour-la-41e-campagne-des-restos-du-coeur-le-vaucluse-s-attend-a-une-nouvelle-vague-de-precarite\" target=\"_blank\" rel=\"noopener\">mes probl\u00e8mes \u00e0 la porte<\/a> et je suis toujours souriante et spontan\u00e9e. Gr\u00e2ce aux Restos, je parle fran\u00e7ais et je suis int\u00e9gr\u00e9e. Je n\u2019h\u00e9site plus, je m\u2019exprime. Avant, je prenais tout le temps ma fille avec moi, maintenant, je fais les d\u00e9marches seule.\u00a0\u00bb Mieux, depuis le Covid, Rabeb a suivi plusieurs formations avec la Caf et la CPAM (droits des \u00e9trangers, droit d\u2019asile, retraite\u2026) et c\u2019est elle qui monte les dossiers administratifs des autres.<\/p>\n<p>En huit ans, <a href=\"https:\/\/www.laprovence.com\/article\/societe\/65148148481868\/on-saute-quand-meme-des-repas-le-temoignage-de-lily-55-ans-beneficiaire-des-restos-du-coeur-a-aubagne\" target=\"_blank\" rel=\"noopener\">la situation financi\u00e8re<\/a> de son foyer ne s\u2019est pas vraiment arrang\u00e9e (son mari a un emploi de livreur pr\u00e9caire). Rabeb a aussi besoin de soutien. Parmi les 33 b\u00e9n\u00e9voles de l\u2019antenne M\u00e9diterran\u00e9e, 80% sont accompagn\u00e9s. Alors, elle prend un colis de denr\u00e9es par semaine et des produits pour b\u00e9b\u00e9. \u00ab\u00a0Sans les Restos, je ne pourrais pas acheter le lait ni les couches de mon fils, avoue-t-elle sans se d\u00e9courager. Je suis reconnaissante de l\u2019aide qu\u2019on m\u2019apporte et je la rends. S\u2019il n\u2019y avait pas les Restos, je serais en d\u00e9pression. Mais quand je vois le sourire des b\u00e9n\u00e9ficiaires, mes soucis disparaissent.\u00a0\u00bb<\/p>\n<p>En attendant que sa situation familiale se stabilise, Biba agit sans rel\u00e2che aupr\u00e8s des d\u00e9munis. <a href=\"https:\/\/www.laprovence.com\/article\/societe\/8956809756475214\/le-pere-noel-passe-en-avance-pour-les-enfants-des-familles-aides-par-les-restos-du-coeur-a-mazan\" target=\"_blank\" rel=\"noopener\">\u00c0 No\u00ebl<\/a> ou au Jour de l\u2019an, elle sera l\u00e0. \u00ab\u00a0Je me rends compte qu\u2019il y a pire que nous. Ici, j\u2019ai trouv\u00e9 mon bonheur. Nous sommes plus qu\u2019une \u00e9quipe, on forme une famille. Sans tous les maillons, on ne pourrait pas avancer. Je r\u00e9alise que je suis une femme forte, capable. Merci Coluche\u00a0!\u00a0\u00bb<\/p>\n<p><img alt=\"\" loading=\"lazy\" width=\"18\" height=\"18\" decoding=\"async\" data-nimg=\"1\" class=\"mx-[8px]\" style=\"color:transparent\" src=\"https:\/\/www.laprovence.com\/_next\/static\/media\/comment.b95dda91.svg\"\/>D\u00e9marrez la conversation<\/p>\n<p class=\"text-[1.8rem] mt-[32px]\">Votre opinion compte pour nous. Rejoignez la communaut\u00e9 laprovence.com en r\u00e9agissant sur l&rsquo;article Solidarit\u00e9 \u00e0 No\u00ebl : \u00ab\u00a0On forme une famille\u00a0\u00bb, assure Rabeb, b\u00e9n\u00e9vole et accompagn\u00e9e par les Restos du c\u0153ur.<\/p>\n","protected":false},"excerpt":{"rendered":"Au 88 du boulevard de la M\u00e9diterran\u00e9e, l\u2019antenne des Restos du c\u0153ur du 15e arrondissement de Marseille, Rabeb&hellip;\n","protected":false},"author":2,"featured_media":621399,"comment_status":"","ping_status":"","sticky":false,"template":"","format":"standard","meta":{"footnotes":""},"categories":[2814],"tags":[17,1111,11,3529,1777,674,652,4988,1011,27,884,12,15830,5241,882,25,104,3400,96],"class_list":{"0":"post-621398","1":"post","2":"type-post","3":"status-publish","4":"format-standard","5":"has-post-thumbnail","7":"category-marseille","8":"tag-17","9":"tag-actu","10":"tag-actualites","11":"tag-assure","12":"tag-eu","13":"tag-europe","14":"tag-famille","15":"tag-forme","16":"tag-fr","17":"tag-france","18":"tag-marseille","19":"tag-news","20":"tag-noel","21":"tag-on","22":"tag-provence-alpes-cote-dazur","23":"tag-republique-francaise","24":"tag-societe","25":"tag-solidarite","26":"tag-une"},"share_on_mastodon":{"url":"https:\/\/pubeurope.com\/@fr\/115779802136174678","error":""},"_links":{"self":[{"href":"https:\/\/www.europesays.com\/fr\/wp-json\/wp\/v2\/posts\/621398","targetHints":{"allow":["GET"]}}],"collection":[{"href":"https:\/\/www.europesays.com\/fr\/wp-json\/wp\/v2\/posts"}],"about":[{"href":"https:\/\/www.europesays.com\/fr\/wp-json\/wp\/v2\/types\/post"}],"author":[{"embeddable":true,"href":"https:\/\/www.europesays.com\/fr\/wp-json\/wp\/v2\/users\/2"}],"replies":[{"embeddable":true,"href":"https:\/\/www.europesays.com\/fr\/wp-json\/wp\/v2\/comments?post=621398"}],"version-history":[{"count":0,"href":"https:\/\/www.europesays.com\/fr\/wp-json\/wp\/v2\/posts\/621398\/revisions"}],"wp:featuredmedia":[{"embeddable":true,"href":"https:\/\/www.europesays.com\/fr\/wp-json\/wp\/v2\/media\/621399"}],"wp:attachment":[{"href":"https:\/\/www.europesays.com\/fr\/wp-json\/wp\/v2\/media?parent=621398"}],"wp:term":[{"taxonomy":"category","embeddable":true,"href":"https:\/\/www.europesays.com\/fr\/wp-json\/wp\/v2\/categories?post=621398"},{"taxonomy":"post_tag","embeddable":true,"href":"https:\/\/www.europesays.com\/fr\/wp-json\/wp\/v2\/tags?post=621398"}],"curies":[{"name":"wp","href":"https:\/\/api.w.org\/{rel}","templated":true}]}}