{"id":621409,"date":"2025-12-25T10:52:30","date_gmt":"2025-12-25T10:52:30","guid":{"rendered":"https:\/\/www.europesays.com\/fr\/621409\/"},"modified":"2025-12-25T10:52:30","modified_gmt":"2025-12-25T10:52:30","slug":"un-air-de-montagne-a-paris-8-adresses-au-sommet","status":"publish","type":"post","link":"https:\/\/www.europesays.com\/fr\/621409\/","title":{"rendered":"Un air de montagne \u00e0 Paris : 8 adresses au sommet"},"content":{"rendered":"<p><strong>Le lieu :<\/strong> Inutile de pr\u00e9senter la c\u00e9l\u00e8bre institution parisienne de la place des Vosges, la Maison Carette. Ce salon de th\u00e9 aux allures Art d\u00e9co avec grandes suspensions, moulures dor\u00e9es et imposants miroirs, s&rsquo;est par\u00e9 d&rsquo;une d\u00e9coration de f\u00eates.<br \/><strong>Dans l&rsquo;assiette :<\/strong> En manque de poudreuse et de pistes ensoleill\u00e9es ? On vient ici se consoler avec l&rsquo;incroyable chocolat chaud maison et sa coupe de chantilly fouett\u00e9e \u00e0 la perfection. Les becs sucr\u00e9s ne manqueront pas de craquer pour les d\u00e9licieuses p\u00e2tisseries mises en lumi\u00e8re dans la vitrine. Chausson aux pommes, \u00e9clair, mille-feuille, tarte aux deux citrons, macarons \u2014 tout donne l&rsquo;eau \u00e0 la bouche !<br \/><strong>On adore :<\/strong> La jolie porcelaine et les nappes blanches, so chic !<br \/><strong>Le truc en plus :<\/strong> D\u00e9guster son go\u00fbter en terrasse (mais \u00e0 l&rsquo;abri du froid) sous les arcades de la place.<\/p>\n<p><strong>O\u00f9 ?<\/strong> Maison Carette &#8211; 25, place des Vosges, 75003 Paris<br \/><strong>Le prix ?<\/strong> Le chocolat chaud et sa chantilly 13\u20ac, les p\u00e2tisseries entre 5 et 8\u20ac la pi\u00e8ce.<br \/><strong>Quand ?<\/strong> Ouvert 7 jours sur 7, du lundi au dimanche de 7h \u00e0 minuit.<br \/><strong>Le site internet ?<\/strong> <a data-offer-url=\"https:\/\/paris-carette.fr\/\" class=\"external-link\" data-event-click=\"{&quot;element&quot;:&quot;ExternalLink&quot;,&quot;outgoingURL&quot;:&quot;https:\/\/cna.st\/affiliate-link\/DRqZQmpTgrbgHEHedNkUrY3qBavg566sAjoDqfGmoxxxGyoBzo915hch1jEkmzo6fDoQzrYthWandi7PL2FrDZaYZFukwm5cMN5oiapwfqcXsBBA5F6Uju7TQhQbcQ14Vop9tn7xPE2jtkM6K42Ayb4gxbPoti3r5nkkvb6pisnU88TyHNojtKfkjbvDFg3o5b9K2i4Eew4qKBashRmZrDPNhpKYkxT1rfczW468wxqMVouDeh65YnaxYGXQLMDiLAMCcHNJatoCPZ5w5vBkPWFxXYtWbTXeed4QHsBkyLXAFaHdUV4gi2JSNtQCGDAXp51XR&quot;}\" href=\"https:\/\/cna.st\/affiliate-link\/DRqZQmpTgrbgHEHedNkUrY3qBavg566sAjoDqfGmoxxxGyoBzo915hch1jEkmzo6fDoQzrYthWandi7PL2FrDZaYZFukwm5cMN5oiapwfqcXsBBA5F6Uju7TQhQbcQ14Vop9tn7xPE2jtkM6K42Ayb4gxbPoti3r5nkkvb6pisnU88TyHNojtKfkjbvDFg3o5b9K2i4Eew4qKBashRmZrDPNhpKYkxT1rfczW468wxqMVouDeh65YnaxYGXQLMDiLAMCcHNJatoCPZ5w5vBkPWFxXYtWbTXeed4QHsBkyLXAFaHdUV4gi2JSNtQCGDAXp51XR\" rel=\"sponsored noopener\" target=\"_blank\">paris-carette.fr<\/a><\/p>\n<p>Le rooftop Eylau, le plus cocon<img decoding=\"async\" alt=\"Un air de montagne \u00e0 Paris  8 adresses au sommet\" loading=\"lazy\" class=\"ResponsiveImageContainer-eNxvmU cfBbTk responsive-image__image\"   src=\"https:\/\/www.europesays.com\/fr\/wp-content\/uploads\/2025\/12\/Montagne-Paris7.jpg\"\/><\/p>\n<p>Rooftop Eylau<\/p>\n<p><strong>Le lieu :<\/strong> Pens\u00e9 comme une bulle chaleureuse face \u00e0 la tour Eiffel, le rooftop Eylau a pris place au 7e \u00e9tage de l&rsquo;h\u00f4tel Canopy Hilton. D\u00e9paysement assur\u00e9 au sommet de la capitale !<br \/><strong>Dans l&rsquo;assiette :<\/strong> \u00c0 l&rsquo;<a href=\"https:\/\/www.vanityfair.fr\/article\/notre-selection-de-teatimes-autour-du-monde-sans-quitter-paris\" target=\"_blank\" rel=\"noopener\">heure du go\u00fbter<\/a>, on s&rsquo;offre quelques gourmandises (cinnamon roll, banana bread, carrot cake) accompagn\u00e9es d&rsquo;un vin chaud, d&rsquo;un chocolat ou d&rsquo;un th\u00e9 d\u2019hiver.<br \/><strong>On adore :<\/strong> La vue imprenable sur la Dame de fer.<br \/><strong>Le truc en plus :<\/strong> A la tomb\u00e9e de la nuit, le go\u00fbter fait place aux cocktails sign\u00e9s Grey Goose et \u00e0 sa carte sal\u00e9e \u00e0 la touche montagnarde, comme le burger Mont d&rsquo;Eiffel (effiloch\u00e9 de paleron de 7 heures, Mont d\u2019Or, moutarde \u00e0 l\u2019ancienne et miel, pickles d\u2019oignons et cornichons, pommes de terre grenaille).<\/p>\n<p><strong>O\u00f9 ?<\/strong> Rooftop Eylau &#8211; 16, avenue d&rsquo;Eylau, 75116 Paris<br \/><strong>Le prix ?<\/strong> <a href=\"https:\/\/www.vanityfair.fr\/article\/notre-selection-de-gouters-de-noel-chics-a-deguster-a-paris\" target=\"_blank\" rel=\"noopener\">Tea Time<\/a> d&rsquo;hiver 20\u20ac, cocktails 19\u20ac, burger 26\u20ac.<br \/><strong>Quand ?<\/strong> Du lundi au dimanche, de 16h30 \u00e0 23h30.<br \/><strong>Le site internet ?<\/strong> <a data-offer-url=\"https:\/\/www.canopypariseiffeltower.com\/\" class=\"external-link\" data-event-click=\"{&quot;element&quot;:&quot;ExternalLink&quot;,&quot;outgoingURL&quot;:&quot;https:\/\/cna.st\/affiliate-link\/MAg6NTLYhSzj8QLSTXuPcDb3RcbNFmfsr1nny47NejTyWTdvDAPoCXczBQK6uQNhvB8qJUCrxAzCr5gaXrvzhuoe9DW2YgJRhCbaBoWnED9xaiovwYcQM4UrrpCte9M7YtEQG2vdEQL3jDgQuimsgof2Ahi4supojjhqiDZYAWVv9fcAJhrAHo8GKqGR2Jxn7kFMAPWhmS5WfnmsCkBftpYKVwuzGnuaaVHs7gJ3kfiFraZDjAnDkbm2KkxkKW5aZtaQHQpMR5BzfJZCBBgaDAgcVRTiq4eMqHPZtTJ41foX7UK5oETZT5SdLkNzqtYUSC7m1jH6TVZcbng5ME1gEtM9&quot;}\" href=\"https:\/\/cna.st\/affiliate-link\/MAg6NTLYhSzj8QLSTXuPcDb3RcbNFmfsr1nny47NejTyWTdvDAPoCXczBQK6uQNhvB8qJUCrxAzCr5gaXrvzhuoe9DW2YgJRhCbaBoWnED9xaiovwYcQM4UrrpCte9M7YtEQG2vdEQL3jDgQuimsgof2Ahi4supojjhqiDZYAWVv9fcAJhrAHo8GKqGR2Jxn7kFMAPWhmS5WfnmsCkBftpYKVwuzGnuaaVHs7gJ3kfiFraZDjAnDkbm2KkxkKW5aZtaQHQpMR5BzfJZCBBgaDAgcVRTiq4eMqHPZtTJ41foX7UK5oETZT5SdLkNzqtYUSC7m1jH6TVZcbng5ME1gEtM9\" rel=\"sponsored noopener\" target=\"_blank\">canopypariseiffeltower.com<\/a><\/p>\n","protected":false},"excerpt":{"rendered":"Le lieu : Inutile de pr\u00e9senter la c\u00e9l\u00e8bre institution parisienne de la place des Vosges, la Maison Carette.&hellip;\n","protected":false},"author":2,"featured_media":621410,"comment_status":"","ping_status":"","sticky":false,"template":"","format":"standard","meta":{"footnotes":""},"categories":[1888],"tags":[1111,1928,11,1927,1777,674,1011,27,1661,12,1926,626,1925,25,73114,721],"class_list":{"0":"post-621409","1":"post","2":"type-post","3":"status-publish","4":"format-standard","5":"has-post-thumbnail","7":"category-paris","8":"tag-actu","9":"tag-actu-paris","10":"tag-actualites","11":"tag-actualites-paris","12":"tag-eu","13":"tag-europe","14":"tag-fr","15":"tag-france","16":"tag-gastronomie","17":"tag-news","18":"tag-news-paris","19":"tag-paris","20":"tag-paris-news","21":"tag-republique-francaise","22":"tag-textabovecenterfullbleed","23":"tag-web"},"share_on_mastodon":{"url":"https:\/\/pubeurope.com\/@fr\/115779834089750749","error":""},"_links":{"self":[{"href":"https:\/\/www.europesays.com\/fr\/wp-json\/wp\/v2\/posts\/621409","targetHints":{"allow":["GET"]}}],"collection":[{"href":"https:\/\/www.europesays.com\/fr\/wp-json\/wp\/v2\/posts"}],"about":[{"href":"https:\/\/www.europesays.com\/fr\/wp-json\/wp\/v2\/types\/post"}],"author":[{"embeddable":true,"href":"https:\/\/www.europesays.com\/fr\/wp-json\/wp\/v2\/users\/2"}],"replies":[{"embeddable":true,"href":"https:\/\/www.europesays.com\/fr\/wp-json\/wp\/v2\/comments?post=621409"}],"version-history":[{"count":0,"href":"https:\/\/www.europesays.com\/fr\/wp-json\/wp\/v2\/posts\/621409\/revisions"}],"wp:featuredmedia":[{"embeddable":true,"href":"https:\/\/www.europesays.com\/fr\/wp-json\/wp\/v2\/media\/621410"}],"wp:attachment":[{"href":"https:\/\/www.europesays.com\/fr\/wp-json\/wp\/v2\/media?parent=621409"}],"wp:term":[{"taxonomy":"category","embeddable":true,"href":"https:\/\/www.europesays.com\/fr\/wp-json\/wp\/v2\/categories?post=621409"},{"taxonomy":"post_tag","embeddable":true,"href":"https:\/\/www.europesays.com\/fr\/wp-json\/wp\/v2\/tags?post=621409"}],"curies":[{"name":"wp","href":"https:\/\/api.w.org\/{rel}","templated":true}]}}