{"id":621413,"date":"2025-12-25T10:57:12","date_gmt":"2025-12-25T10:57:12","guid":{"rendered":"https:\/\/www.europesays.com\/fr\/621413\/"},"modified":"2025-12-25T10:57:12","modified_gmt":"2025-12-25T10:57:12","slug":"paris-une-femme-retrouvee-morte-dans-la-cour-interieure-dun-immeuble-la-veille-de-noel","status":"publish","type":"post","link":"https:\/\/www.europesays.com\/fr\/621413\/","title":{"rendered":"Paris. Une femme retrouv\u00e9e morte dans la cour int\u00e9rieure d&rsquo;un immeuble la veille de No\u00ebl"},"content":{"rendered":"<p>                    Par<br \/>\n        <strong><br \/>\n            <a href=\"https:\/\/actu.fr\/auteur\/redaction-paris\" title=\"Consulter tous les articles de R\u00e9daction Paris\" target=\"_blank\" rel=\"noopener\">R\u00e9daction Paris<\/a><br \/>\n                    <\/strong><\/p>\n<p>        Publi\u00e9 le<\/p>\n<p>            25 d\u00e9c. 2025 \u00e0 11h10        <\/p>\n<p>Le corps d\u2019une femme a \u00e9t\u00e9 d\u00e9couvert ce mercredi 24 d\u00e9cembre 2025 dans la cour int\u00e9rieure d\u2019un immeuble du 18e arrondissement de <a href=\"https:\/\/actu.fr\/paris\/\" target=\"_blank\" rel=\"noopener\">Paris<\/a>, a appris l\u2019AFP ce jeudi 25 d\u00e9cembre, de source polici\u00e8re. <strong>La victime \u00e9tait en partie d\u00e9v\u00eatue<\/strong>, a pr\u00e9cis\u00e9 cette source.<\/p>\n<p>Alcool et LSD dans la nuit<\/p>\n<p class=\" wall-content\">Une autre femme, locataire d\u2019un appartement au 5e \u00e9tage de cet immeuble, a expliqu\u00e9 aux policiers avoir rencontr\u00e9 la veille un homme et une femme pr\u00e8s de<strong> la gare Saint-Lazare<\/strong> et les avoir invit\u00e9s chez elle, a relat\u00e9 la source polici\u00e8re. Elle a \u00e9galement racont\u00e9 de mani\u00e8re confuse avoir consomm\u00e9 avec eux de l\u2019alcool et de la drogue, du LSD, dans la nuit, a-t-on poursuivi de m\u00eame source.<\/p>\n<p class=\" wall-content\">C\u2019est au moment o\u00f9 l\u2019homme a quitt\u00e9 son appartement vers 8h20 que le corps de la victime a \u00e9t\u00e9 d\u00e9couvert dans la cour int\u00e9rieure de l\u2019immeuble, selon la source polici\u00e8re.<\/p>\n<p class=\" wall-content\">Dans la nuit, vers 2h, <a href=\"https:\/\/actu.fr\/tag\/police\" target=\"_blank\" rel=\"noopener\">la police<\/a> avait re\u00e7u un appel leur signalant des hurlements de femme dans cet immeuble. Des policiers s\u2019\u00e9taient rendus sur place, mais n\u2019avaient pas pu identifier d\u2019o\u00f9 avaient pu provenir les cris. L\u2019enqu\u00eate a \u00e9t\u00e9 confi\u00e9e au commissariat du 18e arrondissement.<\/p>\n<p>AFP<\/p>\n<p class=\" wall-content\">Personnalisez votre actualit\u00e9 en ajoutant vos villes et m\u00e9dias en favori avec <a href=\"https:\/\/moncompte.actu.fr\" title=\"D\u00e9couvez Mon Actu\" rel=\"nofollow noopener\" data-trk=\"{&quot;cta&quot;:{&quot;action&quot;:&quot;https:\\\/\\\/moncompte.actu.fr&quot;,&quot;category&quot;:&quot;mon compte&quot;,&quot;from&quot;:&quot;article footer&quot;,&quot;name&quot;:&quot;Mon actu&quot;,&quot;type&quot;:&quot;cta&quot;}}\" target=\"_blank\">Mon Actu<\/a>.<\/p>\n","protected":false},"excerpt":{"rendered":"Par R\u00e9daction Paris Publi\u00e9 le 25 d\u00e9c. 2025 \u00e0 11h10 Le corps d\u2019une femme a \u00e9t\u00e9 d\u00e9couvert ce&hellip;\n","protected":false},"author":2,"featured_media":621414,"comment_status":"","ping_status":"","sticky":false,"template":"","format":"standard","meta":{"footnotes":""},"categories":[1888],"tags":[11,1052,1777,674,118,1011,27,12,626,1072,25],"class_list":{"0":"post-621413","1":"post","2":"type-post","3":"status-publish","4":"format-standard","5":"has-post-thumbnail","7":"category-paris","8":"tag-actualites","9":"tag-drogue","10":"tag-eu","11":"tag-europe","12":"tag-faits-divers","13":"tag-fr","14":"tag-france","15":"tag-news","16":"tag-paris","17":"tag-police","18":"tag-republique-francaise"},"share_on_mastodon":{"url":"https:\/\/pubeurope.com\/@fr\/115779852325491929","error":""},"_links":{"self":[{"href":"https:\/\/www.europesays.com\/fr\/wp-json\/wp\/v2\/posts\/621413","targetHints":{"allow":["GET"]}}],"collection":[{"href":"https:\/\/www.europesays.com\/fr\/wp-json\/wp\/v2\/posts"}],"about":[{"href":"https:\/\/www.europesays.com\/fr\/wp-json\/wp\/v2\/types\/post"}],"author":[{"embeddable":true,"href":"https:\/\/www.europesays.com\/fr\/wp-json\/wp\/v2\/users\/2"}],"replies":[{"embeddable":true,"href":"https:\/\/www.europesays.com\/fr\/wp-json\/wp\/v2\/comments?post=621413"}],"version-history":[{"count":0,"href":"https:\/\/www.europesays.com\/fr\/wp-json\/wp\/v2\/posts\/621413\/revisions"}],"wp:featuredmedia":[{"embeddable":true,"href":"https:\/\/www.europesays.com\/fr\/wp-json\/wp\/v2\/media\/621414"}],"wp:attachment":[{"href":"https:\/\/www.europesays.com\/fr\/wp-json\/wp\/v2\/media?parent=621413"}],"wp:term":[{"taxonomy":"category","embeddable":true,"href":"https:\/\/www.europesays.com\/fr\/wp-json\/wp\/v2\/categories?post=621413"},{"taxonomy":"post_tag","embeddable":true,"href":"https:\/\/www.europesays.com\/fr\/wp-json\/wp\/v2\/tags?post=621413"}],"curies":[{"name":"wp","href":"https:\/\/api.w.org\/{rel}","templated":true}]}}