{"id":621415,"date":"2025-12-25T10:58:19","date_gmt":"2025-12-25T10:58:19","guid":{"rendered":"https:\/\/www.europesays.com\/fr\/621415\/"},"modified":"2025-12-25T10:58:19","modified_gmt":"2025-12-25T10:58:19","slug":"russie-il-est-emprisonne-par-moscou-depuis-juin-2024-le-kremlin-a-fait-une-proposition-a-la-france-concernant-laurent-vinatier","status":"publish","type":"post","link":"https:\/\/www.europesays.com\/fr\/621415\/","title":{"rendered":"Russie\u00a0: il est emprisonn\u00e9 par Moscou depuis juin\u00a02024, le Kremlin a fait une \u00ab\u00a0proposition\u00a0\u00bb \u00e0 la France concernant Laurent Vinatier"},"content":{"rendered":"<p>La Russie a fait une \u00ab\u00a0proposition\u00a0\u00bb \u00e0 la France concernant l\u2019affaire du chercheur fran\u00e7ais Laurent Vinatier, emprisonn\u00e9 en Russie depuis juin\u00a02024 et qui pourrait \u00eatre jug\u00e9 pour \u00ab\u00a0espionnage\u00a0\u00bb, a indiqu\u00e9 jeudi le Kremlin.<\/p>\n<p>\u00ab\u00a0Il y a eu des contacts appropri\u00e9s entre notre partie et les Fran\u00e7ais. En effet, une proposition a \u00e9t\u00e9 faite aux Fran\u00e7ais concernant Vinatier\u00a0\u00bb, a d\u00e9clar\u00e9 le porte-parole du Kremlin, Dmitri Peskov, lors de son point de presse quotidien auquel participait l\u2019AFP. \u00ab\u00a0La balle est dans le camp de la France maintenant\u00a0\u00bb, a-t-il ajout\u00e9, sans plus de pr\u00e9cisions.<\/p>\n<p>Plus d\u2019informations \u00e0 suivre\u2026<\/p>\n","protected":false},"excerpt":{"rendered":"La Russie a fait une \u00ab\u00a0proposition\u00a0\u00bb \u00e0 la France concernant l\u2019affaire du chercheur fran\u00e7ais Laurent Vinatier, emprisonn\u00e9 en&hellip;\n","protected":false},"author":2,"featured_media":621416,"comment_status":"","ping_status":"","sticky":false,"template":"","format":"standard","meta":{"footnotes":""},"categories":[1591],"tags":[11,1887,329,14,12,1885,1886,132],"class_list":{"0":"post-621415","1":"post","2":"type-post","3":"status-publish","4":"format-standard","5":"has-post-thumbnail","7":"category-russie","8":"tag-actualites","9":"tag-federation-de-russie","10":"tag-france-monde","11":"tag-international","12":"tag-news","13":"tag-russia","14":"tag-russian-federation","15":"tag-russie"},"share_on_mastodon":{"url":"https:\/\/pubeurope.com\/@fr\/115779856423791633","error":""},"_links":{"self":[{"href":"https:\/\/www.europesays.com\/fr\/wp-json\/wp\/v2\/posts\/621415","targetHints":{"allow":["GET"]}}],"collection":[{"href":"https:\/\/www.europesays.com\/fr\/wp-json\/wp\/v2\/posts"}],"about":[{"href":"https:\/\/www.europesays.com\/fr\/wp-json\/wp\/v2\/types\/post"}],"author":[{"embeddable":true,"href":"https:\/\/www.europesays.com\/fr\/wp-json\/wp\/v2\/users\/2"}],"replies":[{"embeddable":true,"href":"https:\/\/www.europesays.com\/fr\/wp-json\/wp\/v2\/comments?post=621415"}],"version-history":[{"count":0,"href":"https:\/\/www.europesays.com\/fr\/wp-json\/wp\/v2\/posts\/621415\/revisions"}],"wp:featuredmedia":[{"embeddable":true,"href":"https:\/\/www.europesays.com\/fr\/wp-json\/wp\/v2\/media\/621416"}],"wp:attachment":[{"href":"https:\/\/www.europesays.com\/fr\/wp-json\/wp\/v2\/media?parent=621415"}],"wp:term":[{"taxonomy":"category","embeddable":true,"href":"https:\/\/www.europesays.com\/fr\/wp-json\/wp\/v2\/categories?post=621415"},{"taxonomy":"post_tag","embeddable":true,"href":"https:\/\/www.europesays.com\/fr\/wp-json\/wp\/v2\/tags?post=621415"}],"curies":[{"name":"wp","href":"https:\/\/api.w.org\/{rel}","templated":true}]}}