{"id":621417,"date":"2025-12-25T10:59:25","date_gmt":"2025-12-25T10:59:25","guid":{"rendered":"https:\/\/www.europesays.com\/fr\/621417\/"},"modified":"2025-12-25T10:59:25","modified_gmt":"2025-12-25T10:59:25","slug":"en-direct-guerre-en-ukraine-zelensky-appelle-une-nouvelle-fois-a-la-paix-dans-une-allocution","status":"publish","type":"post","link":"https:\/\/www.europesays.com\/fr\/621417\/","title":{"rendered":"EN DIRECT &#8211; Guerre en Ukraine : Zelensky appelle une nouvelle fois \u00e0 la paix dans une allocution"},"content":{"rendered":"<ul class=\"jsx-862013697 ArticleChapo__List\">\n<li class=\"jsx-862013697 ArticleChapo__List_Item flex\">Dans son allocution r\u00e9alis\u00e9e \u00e0 la veille de No\u00ebl, mercredi, le pr\u00e9sident ukrainien Volodymyr Zelensky a appel\u00e9 une nouvelle fois \u00e0 la paix.<\/li>\n<li class=\"jsx-862013697 ArticleChapo__List_Item flex\">\u00ab\u00a0Nous nous battons pour elle. Nous prions pour elle. Et nous la m\u00e9ritons\u00a0\u00bb, a-t-il lanc\u00e9.<\/li>\n<li class=\"jsx-862013697 ArticleChapo__List_Item flex\">Suivez les derni\u00e8res informations.<\/li>\n<\/ul>\n<p>Les \u00e9l\u00e9ments marquantsVOLODYMYR ZELENSKY09:47<\/p>\n<p>Dans son allocution r\u00e9alis\u00e9e \u00e0 la veille de No\u00ebl, mercredi, le pr\u00e9sident ukrainien Volodymyr Zelensky a appel\u00e9 une nouvelle fois \u00e0 la paix. \u00ab\u00a0Nous nous battons pour elle. Nous prions pour elle. Et nous la m\u00e9ritons\u00a0\u00bb, a-t-il lanc\u00e9. \u00ab\u00a0Que chaque famille ukrainienne puisse vivre en harmonie. Que chaque enfant ukrainien puisse se r\u00e9jouir d&rsquo;un cadeau, sourire et conserver cette foi enfantine si pr\u00e9cieuse en la bont\u00e9 et aux miracles.\u00a0\u00bb<\/p>\n<p>Minute par minute\u00a0\u00bbQU&rsquo;IL P\u00c9RISSE\u00a0\u00bb11:11<\/p>\n<p>Volodymyr Zelensky a adress\u00e9 une allocution de No\u00ebl mercredi 24 d\u00e9cembre aux Ukrainiens. \u00ab\u00a0Aujourd&rsquo;hui, nous formulons tous un m\u00eame v\u0153u au fond de nos pri\u00e8res : qu\u2019il p\u00e9risse\u00a0\u00bb, a lanc\u00e9 le pr\u00e9sident ukrainien, en faisant implicitement r\u00e9f\u00e9rence \u00e0 Vladimir Poutine, tout en nuan\u00e7ant imm\u00e9diatement son propos. \u00ab\u00a0Mais lorsque nous nous tournons vers Dieu, bien s\u00fbr, notre pri\u00e8re est plus universelle, nous implorons la paix pour l&rsquo;Ukraine.\u00a0\u00bb<\/p>\n<p>\u00ab\u00a0Qu&rsquo;il p\u00e9risse\u00a0\u00bb : le voeu de Zelensky envers PoutineSource : TF1 Info<\/p>\n<p><img decoding=\"async\" src=\"https:\/\/www.europesays.com\/fr\/wp-content\/uploads\/2025\/12\/voir-ou-revoir-toute-l-actualite-sur-lci-canal-26-419-33ee7a-0@1x.jpeg\" alt=\"&quot;Qu'il p\u00e9risse&quot; : le voeu de Zelensky envers Poutine\" loading=\"lazy\" importance=\"low\" fetchpriority=\"low\" class=\"\"\/><img decoding=\"async\" src=\"https:\/\/www.tf1info.fr\/images\/icons\/player-logo-play.svg\" alt=\"Logo lecture\" class=\"jsx-d0de44c05fe3042c PlayerLazyload__Play\"\/>VOLODYMYR ZELENSKY09:47<\/p>\n<p>Dans son allocution r\u00e9alis\u00e9e \u00e0 la veille de No\u00ebl, mercredi, le pr\u00e9sident ukrainien Volodymyr Zelensky a appel\u00e9 une nouvelle fois \u00e0 la paix. \u00ab\u00a0Nous nous battons pour elle. Nous prions pour elle. Et nous la m\u00e9ritons\u00a0\u00bb, a-t-il lanc\u00e9. \u00ab\u00a0Que chaque famille ukrainienne puisse vivre en harmonie. Que chaque enfant ukrainien puisse se r\u00e9jouir d&rsquo;un cadeau, sourire et conserver cette foi enfantine si pr\u00e9cieuse en la bont\u00e9 et aux miracles.\u00a0\u00bb<\/p>\n<p>PLAN DE PAIX06:19<\/p>\n<p>La France soutient les efforts des \u00c9tats-Unis pour parvenir \u00e0 un accord de paix en Ukraine, indiquent des sources diplomatiques ce mercredi. Elles rappellent qu&rsquo;il \u00ab\u00a0n&rsquo;y aura pas de paix juste et durable\u00a0\u00bb sans des \u00ab\u00a0garanties de s\u00e9curit\u00e9\u00a0\u00bb solides accord\u00e9es \u00e0 Kiev.<\/p>\n<p>International<img decoding=\"async\" src=\"https:\/\/www.europesays.com\/fr\/wp-content\/uploads\/2025\/12\/drapeau-ukraine-etats-unis-drapeaux-ukrainien-americain-6-decembre-2023-eb2e0d-3@1x.jpeg\" alt=\"ILLUSTRATION\" loading=\"lazy\" importance=\"low\" fetchpriority=\"low\" class=\"\" aria-hidden=\"true\"\/><\/p>\n<p>Publi\u00e9 hier \u00e0 20h38<\/p>\n<p>BONJOUR06:18<\/p>\n<p>Bienvenue dans notre direct consacr\u00e9 \u00e0 la Guerre en Ukraine ce jeudi 25 d\u00e9cembre.<\/p>\n<p data-module=\"article-paragraph\" class=\"jsx-157965717 Paragraph\">Le pr\u00e9sident ukrainien Volodymyr Zelensky a annonc\u00e9 avoir obtenu des Etats-Unis une r\u00e9vision de leur <a href=\"https:\/\/www.tf1info.fr\/international\/guerre-en-ukraine-lignes-de-front-election-que-contient-la-nouvelle-version-du-plan-de-paix-americain-2414673.html\" target=\"_blank\" rel=\"noopener\">plan pour terminer la guerre avec la Russie<\/a>, qui pr\u00e9voit d\u00e9sormais un gel du front tout en laissant de c\u00f4t\u00e9 les questions territoriales et deux exigences cl\u00e9s de Moscou.<\/p>\n<p data-module=\"article-paragraph\" class=\"jsx-157965717 Paragraph Paragraph__End\">La version initiale de ce texte avait \u00e9t\u00e9 pr\u00e9sent\u00e9e par Washington il y a pr\u00e8s d&rsquo;un mois et per\u00e7ue \u00e0 Kiev comme faisant la part belle aux demandes du Kremlin.\u00a0<\/p>\n<p data-module=\"article-paragraph\" class=\"jsx-157965717 Paragraph\">Apr\u00e8s d&rsquo;\u00e2pres n\u00e9gociations entre Ukrainiens et Am\u00e9ricains, le plan n&rsquo;impose plus un retrait ukrainien de la r\u00e9gion du Donbass ni un engagement juridique de l&rsquo;Ukraine qu&rsquo;elle n&rsquo;int\u00e9grera pas l&rsquo;Otan, deux demandes importantes de Moscou dont l&rsquo;accord est loin d&rsquo;\u00eatre acquis.<\/p>\n<p data-module=\"article-paragraph\" class=\"jsx-157965717 Paragraph Paragraph__End\">M. Zelensky a pr\u00e9sent\u00e9 aux journalistes, dont ceux de l&rsquo;AFP, cette nouvelle mouture en 20 points destin\u00e9e \u00e0 mettre fin au pire conflit sur le sol europ\u00e9en depuis la Deuxi\u00e8me Guerre mondiale.<\/p>\n<p><a href=\"https:\/\/www.tf1info.fr\/international\/exclusif-affaire-laurent-vinatier-le-kremlin-annonce-a-tf1-lci-avoir-fait-une-proposition-a-paris-2414742.html\" rel=\"noopener\" class=\"jsx-3308031228 Link flex\" target=\"_blank\"><img decoding=\"async\" src=\"https:\/\/www.europesays.com\/fr\/wp-content\/uploads\/2025\/12\/laurent-vinatier-russie-24-fevrier-2025-fd7be2-0@1x.jpeg\" alt=\"Le Fran\u00e7ais Laurent Vinatier, condamn\u00e9 \u00e0 trois ans de prison en Russie, lors d'un appel en visioconf\u00e9rence depuis sa prison le 24 f\u00e9vrier 2025.\" loading=\"lazy\" importance=\"low\" fetchpriority=\"low\" class=\"\" aria-hidden=\"true\"\/><\/p>\n<p class=\"jsx-3657663356 ReadMoreArticle__Title\">Lire aussi<\/p>\n<p class=\"jsx-3657663356\">EXCLUSIF &#8211; Affaire Laurent Vinatier : le Kremlin annonce \u00e0 TF1-LCI avoir fait \u00ab\u00a0une proposition\u00a0\u00bb \u00e0 Paris<\/p>\n<p><\/a><\/p>\n<p data-module=\"article-paragraph\" class=\"jsx-157965717 Paragraph\">Ce texte doit d\u00e9sormais \u00eatre \u00e9tudi\u00e9 par la Russie. Interrog\u00e9 \u00e0 ce sujet mercredi, le porte-parole du Kremlin, Dmitri Peskov, a indiqu\u00e9 que Moscou \u00e9tait en train de \u00ab\u00a0formuler sa position\u00a0\u00bb et refus\u00e9 d&rsquo;en commenter les d\u00e9tails.<\/p>\n<p data-module=\"article-paragraph\" class=\"jsx-157965717 Paragraph Paragraph__End\">Selon le pr\u00e9sident ukrainien, le texte ne pr\u00e9voit plus aucun retrait imm\u00e9diat des troupes ukrainiennes des quelque 20% du territoire encore sous leur contr\u00f4le dans la r\u00e9gion orientale de Donetsk &#8211; m\u00e9tropole du Donbass -, objectif prioritaire de l&rsquo;arm\u00e9e russe.<\/p>\n<p>La r\u00e9daction de TF1info<\/p>\n","protected":false},"excerpt":{"rendered":"Dans son allocution r\u00e9alis\u00e9e \u00e0 la veille de No\u00ebl, mercredi, le pr\u00e9sident ukrainien Volodymyr Zelensky a appel\u00e9 une&hellip;\n","protected":false},"author":2,"featured_media":587272,"comment_status":"","ping_status":"","sticky":false,"template":"","format":"standard","meta":{"footnotes":""},"categories":[1590],"tags":[1111,11,1921,1777,674,28083,1922,12,132,220,1917,67457,133,1920],"class_list":{"0":"post-621417","1":"post","2":"type-post","3":"status-publish","4":"format-standard","5":"has-post-thumbnail","7":"category-ukraine","8":"tag-actu","9":"tag-actualites","10":"tag-article-video","11":"tag-eu","12":"tag-europe","13":"tag-guerre-en-ukraine-une-treve-sera-t-elle-possible","14":"tag-info","15":"tag-news","16":"tag-russie","17":"tag-ukraine","18":"tag-ukraine-4-annee-de-guerre","19":"tag-ukraine-russie-la-perspective-de-negociations-relancee","20":"tag-video","21":"tag-video-international"},"share_on_mastodon":{"url":"https:\/\/pubeurope.com\/@fr\/115779863344531432","error":""},"_links":{"self":[{"href":"https:\/\/www.europesays.com\/fr\/wp-json\/wp\/v2\/posts\/621417","targetHints":{"allow":["GET"]}}],"collection":[{"href":"https:\/\/www.europesays.com\/fr\/wp-json\/wp\/v2\/posts"}],"about":[{"href":"https:\/\/www.europesays.com\/fr\/wp-json\/wp\/v2\/types\/post"}],"author":[{"embeddable":true,"href":"https:\/\/www.europesays.com\/fr\/wp-json\/wp\/v2\/users\/2"}],"replies":[{"embeddable":true,"href":"https:\/\/www.europesays.com\/fr\/wp-json\/wp\/v2\/comments?post=621417"}],"version-history":[{"count":0,"href":"https:\/\/www.europesays.com\/fr\/wp-json\/wp\/v2\/posts\/621417\/revisions"}],"wp:featuredmedia":[{"embeddable":true,"href":"https:\/\/www.europesays.com\/fr\/wp-json\/wp\/v2\/media\/587272"}],"wp:attachment":[{"href":"https:\/\/www.europesays.com\/fr\/wp-json\/wp\/v2\/media?parent=621417"}],"wp:term":[{"taxonomy":"category","embeddable":true,"href":"https:\/\/www.europesays.com\/fr\/wp-json\/wp\/v2\/categories?post=621417"},{"taxonomy":"post_tag","embeddable":true,"href":"https:\/\/www.europesays.com\/fr\/wp-json\/wp\/v2\/tags?post=621417"}],"curies":[{"name":"wp","href":"https:\/\/api.w.org\/{rel}","templated":true}]}}