{"id":621418,"date":"2025-12-25T11:00:31","date_gmt":"2025-12-25T11:00:31","guid":{"rendered":"https:\/\/www.europesays.com\/fr\/621418\/"},"modified":"2025-12-25T11:00:31","modified_gmt":"2025-12-25T11:00:31","slug":"aux-etats-unis-le-mouvement-trumpiste-se-perd-en-querelles-internes","status":"publish","type":"post","link":"https:\/\/www.europesays.com\/fr\/621418\/","title":{"rendered":"Aux Etats-Unis, le mouvement trumpiste se perd en querelles internes"},"content":{"rendered":"<p>    R\u00e9sum\u00e9 en 20 secondes<\/p>\n<p>        En savoir plus sur ce type de contenu<\/p>\n<p>Ce r\u00e9sum\u00e9 peut avoir \u00e9t\u00e9 \u00e9crit avec l&rsquo;assistance d\u2019une IA g\u00e9n\u00e9rative. <a href=\"https:\/\/www.letemps.ch\/cyber\/l-usage-de-l-ia-generative-par-les-journalistes-du-temps\" target=\"_blank\" rel=\"noopener\">En savoir plus<\/a><\/p>\n<p class=\"article__abstract-call-to-action\" data-ariato=\"TrackableElement\" data-trackable-element-type=\"article_abstract_cta\" data-trackable-element-location=\"article_header\" data-trackable-element-id=\"516259\">\n        <a data-event=\"click-&gt;clicked\" href=\"https:\/\/www.letemps.ch\/abonnements\" target=\"_blank\" rel=\"noopener\">Abonnez-vous<\/a> pour acc\u00e9der au r\u00e9sum\u00e9 en 20 secondes.\n      <\/p>\n<p>C\u2019\u00e9tait la premi\u00e8re fois qu\u2019autant de personnalit\u00e9s r\u00e9publicaines \u00e9taient r\u00e9unies pour un \u00e9v\u00e9nement depuis l\u2019hommage \u00e0 l\u2019influenceur ultraconservateur Charlie Kirk en septembre dernier \u00e0 l\u2019occasion de ses fun\u00e9railles. Pourtant, si les circonstances \u00e9taient plus r\u00e9jouissantes, l\u2019AmericaFest, la conf\u00e9rence de l\u2019organisation cr\u00e9\u00e9e par Charlie Kirk, Turning Point USA \u2013 qui s\u2019est tenue du 17\u00a0au 20\u00a0d\u00e9cembre \u2013, n\u2019a pas \u00e9t\u00e9 la d\u00e9monstration de force que beaucoup du camp trumpiste esp\u00e9raient.<\/p>\n<p>Plusieurs intervenants ont fait r\u00e9f\u00e9rence aux tensions pr\u00e9sentes entre les diff\u00e9rentes branches composant la base Make America Great Again (MAGA). Vivek Ramaswamy, un R\u00e9publicain candidat au poste de gouverneur de l\u2019Ohio en 2026 n\u00e9 de parents indiens, a ainsi condamn\u00e9 les propos anti-immigration violents de certains de ses pairs.<\/p>\n","protected":false},"excerpt":{"rendered":"R\u00e9sum\u00e9 en 20 secondes En savoir plus sur ce type de contenu Ce r\u00e9sum\u00e9 peut avoir \u00e9t\u00e9 \u00e9crit&hellip;\n","protected":false},"author":2,"featured_media":621419,"comment_status":"","ping_status":"","sticky":false,"template":"","format":"standard","meta":{"footnotes":""},"categories":[1589],"tags":[11,75,73,1866,12,57757,301,1864,1865,1863,308],"class_list":{"0":"post-621418","1":"post","2":"type-post","3":"status-publish","4":"format-standard","5":"has-post-thumbnail","7":"category-etats-unis","8":"tag-actualites","9":"tag-donald-trump","10":"tag-etats-unis","11":"tag-etats-unis-damerique","12":"tag-news","13":"tag-politique-americaine","14":"tag-premium","15":"tag-united-states","16":"tag-united-states-of-america","17":"tag-us","18":"tag-usa"},"share_on_mastodon":{"url":"https:\/\/pubeurope.com\/@fr\/115779864032786871","error":""},"_links":{"self":[{"href":"https:\/\/www.europesays.com\/fr\/wp-json\/wp\/v2\/posts\/621418","targetHints":{"allow":["GET"]}}],"collection":[{"href":"https:\/\/www.europesays.com\/fr\/wp-json\/wp\/v2\/posts"}],"about":[{"href":"https:\/\/www.europesays.com\/fr\/wp-json\/wp\/v2\/types\/post"}],"author":[{"embeddable":true,"href":"https:\/\/www.europesays.com\/fr\/wp-json\/wp\/v2\/users\/2"}],"replies":[{"embeddable":true,"href":"https:\/\/www.europesays.com\/fr\/wp-json\/wp\/v2\/comments?post=621418"}],"version-history":[{"count":0,"href":"https:\/\/www.europesays.com\/fr\/wp-json\/wp\/v2\/posts\/621418\/revisions"}],"wp:featuredmedia":[{"embeddable":true,"href":"https:\/\/www.europesays.com\/fr\/wp-json\/wp\/v2\/media\/621419"}],"wp:attachment":[{"href":"https:\/\/www.europesays.com\/fr\/wp-json\/wp\/v2\/media?parent=621418"}],"wp:term":[{"taxonomy":"category","embeddable":true,"href":"https:\/\/www.europesays.com\/fr\/wp-json\/wp\/v2\/categories?post=621418"},{"taxonomy":"post_tag","embeddable":true,"href":"https:\/\/www.europesays.com\/fr\/wp-json\/wp\/v2\/tags?post=621418"}],"curies":[{"name":"wp","href":"https:\/\/api.w.org\/{rel}","templated":true}]}}