{"id":621420,"date":"2025-12-25T11:02:23","date_gmt":"2025-12-25T11:02:23","guid":{"rendered":"https:\/\/www.europesays.com\/fr\/621420\/"},"modified":"2025-12-25T11:02:23","modified_gmt":"2025-12-25T11:02:23","slug":"un-vif-succes-pour-les-chorales-des-rues-de-londres","status":"publish","type":"post","link":"https:\/\/www.europesays.com\/fr\/621420\/","title":{"rendered":"un vif succ\u00e8s pour les chorales des rues de Londres"},"content":{"rendered":"\n<p class=\"c-chapo \">\n  Les chorales se bousculent dans les rues londoniennes. Jusqu&rsquo;\u00e0 40 groupes par jour afin de faire vivre l&rsquo;esprit de No\u00ebl, au grand bonheur des passants.\n<\/p>\n<p>      lire plus tard<\/p>\n<p id=\"dialog__title\" class=\"dialog__title\">Pour sauvegarder cet article, connectez-vous ou cr\u00e9ez un compte franceinfo<\/p>\n<p class=\"dialog__description\">Sans paiement. Sans abonnement.<\/p>\n<p>        Fermer la fen\u00eatre d\u2019activation des notifications France Info<\/p>\n<p>      cr\u00e9er votre compte<\/p>\n<p>      se connecter<\/p>\n<p>      :<\/p>\n<p>        Fermer la fen\u00eatre de pr\u00e9sentation<\/p>\n<p>    <img loading=\"lazy\" decoding=\"async\" class=\"signature__image lazyload\" width=\"100\" height=\"100\" data- alt=\"\" src=\"https:\/\/www.europesays.com\/fr\/wp-content\/uploads\/2025\/05\/64a7df4c5fe71_placeholder-36b69ec8.png\"\/><\/p>\n<p>    Publi\u00e9 le 25\/12\/2025 09:44<\/p>\n<p>        Temps de lecture : 2min<\/p>\n<p>    <img decoding=\"async\"  alt=\"Le sapin de No\u00ebl de Trafalgar Square, \u00e0 Londres, o\u00f9 les chorales enchainent les prestations. (MATTHEX CHATTLE \/ FUTURE PUBLISHING \/ GETTYIMAGES)\" width=\"432\" height=\"243\" src=\"https:\/\/www.europesays.com\/fr\/wp-content\/uploads\/2025\/12\/gettyimages-2249692519-694cf9750b7d2540899706.jpg\" fetchpriority=\"high\"\/><\/p>\n<p>      Le sapin de No\u00ebl de Trafalgar Square, \u00e0 Londres, o\u00f9 les chorales enchainent les prestations. (MATTHEX CHATTLE \/ FUTURE PUBLISHING \/ GETTYIMAGES)<\/p>\n<p>C\u2019est l\u2019une des traditions les plus embl\u00e9matiques de <a href=\"https:\/\/www.franceinfo.fr\/culture\/bd\/romans-graphiques\/les-dix-bd-et-romans-graphiques-de-2025-pour-bien-buller-pendant-les-vacances-hivernales_7640987.html\" target=\"_self\" rel=\"noopener noreferrer nofollow\" data-tooltip-url=\"https:\/\/www.franceinfo.fr\/culture\/bd\/romans-graphiques\/les-dix-bd-et-romans-graphiques-de-2025-pour-bien-buller-pendant-les-vacances-hivernales_7640987.html\">No\u00ebl<\/a> \u00e0 Londres. Le succ\u00e8s des \u00ab\u00a0Christmas Carols\u00a0\u00bb, ces chorales de No\u00ebl, ne faiblit pas \u00e0 Trafalgar Square, au c\u0153ur de la capitale. La place accueille jusqu\u2019\u00e0 40 groupes par jour et chaque soir, le public peut venir s\u2019impr\u00e9gner de la magie de No\u00ebl.<\/p>\n<p>Certains sont venus chanter a cappella, au pied du plus haut sapin de Londres, offert chaque ann\u00e9e par la Norv\u00e8ge depuis 1947 pour le bonheur des petits comme des grands. \u00ab\u00a0Ils chantent tr\u00e8s bien, \u00e7a met de l\u2019ambiance\u00a0\u00bb, constate un passant.<\/p>\n<p>\u00ab\u00a0C&rsquo;est pour montrer la beaut\u00e9 de No\u00ebl, la naissance de J\u00e9sus, \u00e0 travers les chants. C&rsquo;est vraiment joli. Ils chantent plein de chants de No\u00ebl. Ils le font dans les \u00e9glises et dehors comme ici\u00a0\u00bb, se r\u00e9jouit une femme, une oreille tir\u00e9e vers les chanteurs. \u00ab\u00a0C&rsquo;est magnifique. \u00c7a fait partie de No\u00ebl, c&rsquo;est une tradition. Et la f\u00eate ne serait pas la m\u00eame sans ces chorales\u00a0\u00bb, s&rsquo;\u00e9merveille une autre femme.<\/p>\n<p>\u00c0 Londres en d\u00e9cembre, les chorales se bousculent. Emmitoufl\u00e9 dans son manteau, Paul \u00e9chauffe sa voix. Il est t\u00e9nor et ce moment est particulier pour lui. \u00ab\u00a0C\u2019est notre premi\u00e8re fois ici. Avant, on chantait dans une \u00e9glise mais on a d\u00e9cid\u00e9 de se diversifier. C\u2019est la premi\u00e8re fois qu\u2019on chante \u00e0 Trafalgar Square. On va voir comment \u00e7a se passe parce que c\u2019est tr\u00e8s bruyant autour et je ne sais pas si on va bien nous entendre. Moi je suis t\u00e9nor mais je peux aussi \u00eatre baryton. Je peux chanter haut comme je peux aussi chanter grave\u00a0\u00bb, assure Paul.<\/p>\n<p>La prestation est r\u00e9ussie et le public conquis dans cette ville o\u00f9 la magie de No\u00ebl repose sur des si\u00e8cles d&rsquo;histoire.<\/p>\n","protected":false},"excerpt":{"rendered":"Les chorales se bousculent dans les rues londoniennes. Jusqu&rsquo;\u00e0 40 groupes par jour afin de faire vivre l&rsquo;esprit&hellip;\n","protected":false},"author":2,"featured_media":621421,"comment_status":"","ping_status":"","sticky":false,"template":"","format":"standard","meta":{"footnotes":""},"categories":[1588],"tags":[11,1777,674,12,473,1853,1851,1850,1852],"class_list":{"0":"post-621420","1":"post","2":"type-post","3":"status-publish","4":"format-standard","5":"has-post-thumbnail","7":"category-royaume-uni","8":"tag-actualites","9":"tag-eu","10":"tag-europe","11":"tag-news","12":"tag-royaume-uni","13":"tag-royaume-uni-de-grande-bretagne-et-dirlande-du-nord","14":"tag-uk","15":"tag-united-kingdom","16":"tag-united-kingdom-of-great-britain-and-northern-ireland"},"share_on_mastodon":{"url":"https:\/\/pubeurope.com\/@fr\/115779873652135615","error":""},"_links":{"self":[{"href":"https:\/\/www.europesays.com\/fr\/wp-json\/wp\/v2\/posts\/621420","targetHints":{"allow":["GET"]}}],"collection":[{"href":"https:\/\/www.europesays.com\/fr\/wp-json\/wp\/v2\/posts"}],"about":[{"href":"https:\/\/www.europesays.com\/fr\/wp-json\/wp\/v2\/types\/post"}],"author":[{"embeddable":true,"href":"https:\/\/www.europesays.com\/fr\/wp-json\/wp\/v2\/users\/2"}],"replies":[{"embeddable":true,"href":"https:\/\/www.europesays.com\/fr\/wp-json\/wp\/v2\/comments?post=621420"}],"version-history":[{"count":0,"href":"https:\/\/www.europesays.com\/fr\/wp-json\/wp\/v2\/posts\/621420\/revisions"}],"wp:featuredmedia":[{"embeddable":true,"href":"https:\/\/www.europesays.com\/fr\/wp-json\/wp\/v2\/media\/621421"}],"wp:attachment":[{"href":"https:\/\/www.europesays.com\/fr\/wp-json\/wp\/v2\/media?parent=621420"}],"wp:term":[{"taxonomy":"category","embeddable":true,"href":"https:\/\/www.europesays.com\/fr\/wp-json\/wp\/v2\/categories?post=621420"},{"taxonomy":"post_tag","embeddable":true,"href":"https:\/\/www.europesays.com\/fr\/wp-json\/wp\/v2\/tags?post=621420"}],"curies":[{"name":"wp","href":"https:\/\/api.w.org\/{rel}","templated":true}]}}