{"id":621426,"date":"2025-12-25T11:05:15","date_gmt":"2025-12-25T11:05:15","guid":{"rendered":"https:\/\/www.europesays.com\/fr\/621426\/"},"modified":"2025-12-25T11:05:15","modified_gmt":"2025-12-25T11:05:15","slug":"quels-cadeaux-de-foot-as-tu-eu-sous-le-sapin-%f0%9f%8e%81%f0%9f%8e%84","status":"publish","type":"post","link":"https:\/\/www.europesays.com\/fr\/621426\/","title":{"rendered":"Quels cadeaux de foot as-tu eu sous le sapin ? \ud83c\udf81\ud83c\udf84"},"content":{"rendered":"<p>Dans ton placard ou sur Vinted ?<\/p>\n<p>On est le 25 d\u00e9cembre, le P\u00e8re No\u00ebl est pass\u00e9 !<\/p>\n<p>Alors, verdict ? As-tu eu la chance de recevoir un cadeau de foot ? <\/p>\n<p>Un maillot, un ballon, un poster, un jeu vid\u00e9o, des places pour aller voir un match ?<\/p>\n<p>Dis nous dans l&rsquo;espace commentaires quel(s) cadeau(s) de football tu as re\u00e7u \u00e0 No\u00ebl !<\/p>\n<p>(Si tu n&rsquo;as rien re\u00e7u en rapport avec le football mais que tu souhaites expulser toute cette ranc\u0153ur qui bouillonne en toi contre ton vieil oncle qui t&rsquo;a offert un cadeau bien guez, tu peux aussi tout l\u00e2cher, hein. Mais en restant poli, quand m\u00eame. Nos mod\u00e9rateurs travaillent le 25. Attention&#8230;)<\/p>\n","protected":false},"excerpt":{"rendered":"Dans ton placard ou sur Vinted ? On est le 25 d\u00e9cembre, le P\u00e8re No\u00ebl est pass\u00e9 !&hellip;\n","protected":false},"author":2,"featured_media":621427,"comment_status":"","ping_status":"","sticky":false,"template":"","format":"standard","meta":{"footnotes":""},"categories":[1586],"tags":[11,1777,674,1779,1011,27,12,25,1778,364],"class_list":{"0":"post-621426","1":"post","2":"type-post","3":"status-publish","4":"format-standard","5":"has-post-thumbnail","7":"category-europe","8":"tag-actualites","9":"tag-eu","10":"tag-europe","11":"tag-european-union","12":"tag-fr","13":"tag-france","14":"tag-news","15":"tag-republique-francaise","16":"tag-ue","17":"tag-union-europeenne"},"share_on_mastodon":{"url":"https:\/\/pubeurope.com\/@fr\/115779883747240224","error":""},"_links":{"self":[{"href":"https:\/\/www.europesays.com\/fr\/wp-json\/wp\/v2\/posts\/621426","targetHints":{"allow":["GET"]}}],"collection":[{"href":"https:\/\/www.europesays.com\/fr\/wp-json\/wp\/v2\/posts"}],"about":[{"href":"https:\/\/www.europesays.com\/fr\/wp-json\/wp\/v2\/types\/post"}],"author":[{"embeddable":true,"href":"https:\/\/www.europesays.com\/fr\/wp-json\/wp\/v2\/users\/2"}],"replies":[{"embeddable":true,"href":"https:\/\/www.europesays.com\/fr\/wp-json\/wp\/v2\/comments?post=621426"}],"version-history":[{"count":0,"href":"https:\/\/www.europesays.com\/fr\/wp-json\/wp\/v2\/posts\/621426\/revisions"}],"wp:featuredmedia":[{"embeddable":true,"href":"https:\/\/www.europesays.com\/fr\/wp-json\/wp\/v2\/media\/621427"}],"wp:attachment":[{"href":"https:\/\/www.europesays.com\/fr\/wp-json\/wp\/v2\/media?parent=621426"}],"wp:term":[{"taxonomy":"category","embeddable":true,"href":"https:\/\/www.europesays.com\/fr\/wp-json\/wp\/v2\/categories?post=621426"},{"taxonomy":"post_tag","embeddable":true,"href":"https:\/\/www.europesays.com\/fr\/wp-json\/wp\/v2\/tags?post=621426"}],"curies":[{"name":"wp","href":"https:\/\/api.w.org\/{rel}","templated":true}]}}