{"id":621433,"date":"2025-12-25T11:09:12","date_gmt":"2025-12-25T11:09:12","guid":{"rendered":"https:\/\/www.europesays.com\/fr\/621433\/"},"modified":"2025-12-25T11:09:12","modified_gmt":"2025-12-25T11:09:12","slug":"liv-series-brooks-koepka-quitte-le-circuit-saoudien-pour-raison-familiale","status":"publish","type":"post","link":"https:\/\/www.europesays.com\/fr\/621433\/","title":{"rendered":"LIV S\u00e9ries : Brooks Koepka quitte le circuit saoudien \u00abpour raison familiale\u00bb"},"content":{"rendered":"<p>                             Par Le Figaro avec AFP<\/p>\n<p>                Le 24 d\u00e9cembre 2025 \u00e0 11h32<\/p>\n<p>    Brooks Koepka lors du FedEx Open de France \u00e0 Saint-Nom-la-Bret\u00e8che, en septembre 2025<br \/>\n                L.L. \/ Le Figaro Golf<\/p>\n<p>\n    L\u2019Am\u00e9ricain quitte la Ligue dissidente en accord avec Scott O\u2019Neil, son dirigeant. Il a choisi de donner \u00abpriorit\u00e9 \u00e0 sa famille\u00bb apr\u00e8s les ennuis de sant\u00e9 de son \u00e9pouse.<\/p>\n<p class=\"fig-paragraph\">L&rsquo;Am\u00e9ricain\u00a0<a href=\"https:\/\/www.lefigaro.fr\/tag\/brooks-koepka\" target=\"_blank\" rel=\"sponsored noopener\" data-gtm-custom-categorie=\"navigation\" data-gtm-custom-action=\"crossclick\" data-gtm-custom-label=\"Contextuel\" data-gtm-event=\"customEventSPE\">Brooks Koepka<\/a>, cinq fois vainqueur en Majeur, a quitt\u00e9 le LIV Golf S\u00e9ries \u00abpour raison familiale\u00bb, a indiqu\u00e9 mardi le circuit saoudien dissident.<\/p>\n<p class=\"fig-paragraph\">Koepka (35 ans) avait \u00e9t\u00e9 l&rsquo;un des plus grands noms \u00e0 rejoindre cette nouvelle comp\u00e9tition lanc\u00e9e en 2022, et pourrait chercher \u00e0 revenir sur le circuit nord-am\u00e9ricain PGA, d&rsquo;apr\u00e8s plusieurs m\u00e9dias.<\/p>\n<p>                                                                <a class=\"fig-a11y-skip\" href=\"#fig-a11y-skip-main-inarticle\" data-module=\"a11y-skip\" data-context=\"was @visible\"><br \/>\n    Passer la publicit\u00e9<br \/>\n<\/a>            <\/p>\n<p class=\"fig-paragraph\">\u00abNous avons d\u00e9cid\u00e9 ensemble et de fa\u00e7on amicale que Brooks Koepka ne participerait plus au circuit LIV \u00e0 l&rsquo;issue de la saison 2025\u00bb, a dit l&rsquo;un des patrons de l&rsquo;organisation, Scott O&rsquo;Neil, dans un communiqu\u00e9 qui pr\u00e9cise que Koepka donne \u00abpriorit\u00e9 \u00e0 sa famille\u00bb. La femme du joueur, Jena Sims, avait r\u00e9v\u00e9l\u00e9 en octobre avoir subi une fausse couche apr\u00e8s 16 semaines de grossesse.<\/p>\n<p class=\"fig-paragraph\">D&rsquo;apr\u00e8s le r\u00e8glement actuel, les joueurs venant des LIV S\u00e9ries doivent respecter une suspension d&rsquo;un an avant un \u00e9ventuel retour sur le PGA.<\/p>\n","protected":false},"excerpt":{"rendered":"Par Le Figaro avec AFP Le 24 d\u00e9cembre 2025 \u00e0 11h32 Brooks Koepka lors du FedEx Open de&hellip;\n","protected":false},"author":2,"featured_media":621434,"comment_status":"","ping_status":"","sticky":false,"template":"","format":"standard","meta":{"footnotes":""},"categories":[1418],"tags":[7718,1011,27,1472,73116,6671,60],"class_list":{"0":"post-621433","1":"post","2":"type-post","3":"status-publish","4":"format-standard","5":"has-post-thumbnail","7":"category-golf","8":"tag-dp-world-tour","9":"tag-fr","10":"tag-france","11":"tag-golf","12":"tag-liv-golf-series","13":"tag-pga-tour","14":"tag-sports"},"share_on_mastodon":{"url":"https:\/\/pubeurope.com\/@fr\/115779899410480972","error":""},"_links":{"self":[{"href":"https:\/\/www.europesays.com\/fr\/wp-json\/wp\/v2\/posts\/621433","targetHints":{"allow":["GET"]}}],"collection":[{"href":"https:\/\/www.europesays.com\/fr\/wp-json\/wp\/v2\/posts"}],"about":[{"href":"https:\/\/www.europesays.com\/fr\/wp-json\/wp\/v2\/types\/post"}],"author":[{"embeddable":true,"href":"https:\/\/www.europesays.com\/fr\/wp-json\/wp\/v2\/users\/2"}],"replies":[{"embeddable":true,"href":"https:\/\/www.europesays.com\/fr\/wp-json\/wp\/v2\/comments?post=621433"}],"version-history":[{"count":0,"href":"https:\/\/www.europesays.com\/fr\/wp-json\/wp\/v2\/posts\/621433\/revisions"}],"wp:featuredmedia":[{"embeddable":true,"href":"https:\/\/www.europesays.com\/fr\/wp-json\/wp\/v2\/media\/621434"}],"wp:attachment":[{"href":"https:\/\/www.europesays.com\/fr\/wp-json\/wp\/v2\/media?parent=621433"}],"wp:term":[{"taxonomy":"category","embeddable":true,"href":"https:\/\/www.europesays.com\/fr\/wp-json\/wp\/v2\/categories?post=621433"},{"taxonomy":"post_tag","embeddable":true,"href":"https:\/\/www.europesays.com\/fr\/wp-json\/wp\/v2\/tags?post=621433"}],"curies":[{"name":"wp","href":"https:\/\/api.w.org\/{rel}","templated":true}]}}