{"id":621437,"date":"2025-12-25T11:12:23","date_gmt":"2025-12-25T11:12:23","guid":{"rendered":"https:\/\/www.europesays.com\/fr\/621437\/"},"modified":"2025-12-25T11:12:23","modified_gmt":"2025-12-25T11:12:23","slug":"wta-serena-williams-a-sa-soeur-venus-pour-lun-des-jours-les-plus-importants-de-sa-vie-tu-as-ete-ma-meilleure-amie-ma-protectrice-mon-enseignante-et-celle-qui-ma-rappele-de-toujours-avancer","status":"publish","type":"post","link":"https:\/\/www.europesays.com\/fr\/621437\/","title":{"rendered":"WTA > Serena Williams \u00e0 sa soeur, Venus, pour l&rsquo;un des jours les plus importants de sa vie : \u00ab\u00a0Tu as \u00e9t\u00e9 ma meilleure amie, ma protectrice, mon enseignante et celle qui m&rsquo;a rappel\u00e9 de toujours avancer avec d\u00e9termination\u00a0\u00bb"},"content":{"rendered":"<p>Serena Williams a adress\u00e9 un magni\u00adfique message \u00e0 sa soeur, Venus, \u00e0 l\u2019oc\u00adca\u00adsion de son mariage avec son compa\u00adgnon Andrea Preti.\u00a0<\/p>\n<blockquote class=\"instagram-media\" data-instgrm-captioned=\"\" data-instgrm-permalink=\"https:\/\/www.instagram.com\/p\/DSnu7-GER4r\/?utm_source=ig_embed&amp;utm_campaign=loading\" data-instgrm-version=\"14\" style=\" background:#FFF; border:0; border-radius:3px; box-shadow:0 0 1px 0 rgba(0,0,0,0.5),0 1px 10px 0 rgba(0,0,0,0.15); margin: 1px; max-width:540px; min-width:326px; padding:0; width:99.375%; width:-webkit-calc(100% - 2px); width:calc(100% - 2px);\"\/>\n<p><strong>\u00ab\u202fLa gardienne de ma s\u0153ur. Venus, par o\u00f9 commencer\u202f? Du jardin aux plus grands courts du monde, tu as toujours men\u00e9 avec gr\u00e2ce, force et un c\u0153ur plus grand que n\u2019im\u00adporte quel troph\u00e9e. Te voir entrer dans cette nouvelle \u00e9tape de ta vie, entour\u00e9e d\u2019amour, c\u2019\u00e9tait comme regarder le soleil se lever\u2026 stable, puis\u00adsant et plein de promesses. Tu as \u00e9t\u00e9 ma meilleure amie, ma protec\u00adtrice, mon ensei\u00adgnante et celle qui m\u2019a rappel\u00e9 de toujours avancer avec d\u00e9ter\u00admi\u00adna\u00adtion. Te voir aussi heureuse, aussi aim\u00e9e, aussi radieuse\u2026 cela signifie tout pour moi. \u00c0 l\u2019amour, au parte\u00adna\u00adriat, au rire et \u00e0 une vie enti\u00e8re pass\u00e9e \u00e0 se choisir chaque jour. Je ne pour\u00adrais \u00eatre plus fi\u00e8re d\u2019\u00eatre \u00e0 tes c\u00f4t\u00e9s, non seule\u00adment aujourd\u2019hui, mais pour toujours.\u202f\u00bb<\/strong><\/p>\n<p class=\"post-published-date\" style=\"color: silver; font-size: 75%; text-align: left;\">Publi\u00e9 le mercredi 24 d\u00e9cembre 2025 \u00e0 09:28<\/p>\n<p>  <script async src=\"\/\/www.instagram.com\/embed.js\"><\/script><\/p>\n","protected":false},"excerpt":{"rendered":"Serena Williams a adress\u00e9 un magni\u00adfique message \u00e0 sa soeur, Venus, \u00e0 l\u2019oc\u00adca\u00adsion de son mariage avec son&hellip;\n","protected":false},"author":2,"featured_media":621438,"comment_status":"","ping_status":"","sticky":false,"template":"","format":"standard","meta":{"footnotes":""},"categories":[1415],"tags":[1011,27,2201,60,1467],"class_list":{"0":"post-621437","1":"post","2":"type-post","3":"status-publish","4":"format-standard","5":"has-post-thumbnail","7":"category-tennis","8":"tag-fr","9":"tag-france","10":"tag-serena-williams","11":"tag-sports","12":"tag-tennis"},"share_on_mastodon":{"url":"https:\/\/pubeurope.com\/@fr\/115779911257366103","error":""},"_links":{"self":[{"href":"https:\/\/www.europesays.com\/fr\/wp-json\/wp\/v2\/posts\/621437","targetHints":{"allow":["GET"]}}],"collection":[{"href":"https:\/\/www.europesays.com\/fr\/wp-json\/wp\/v2\/posts"}],"about":[{"href":"https:\/\/www.europesays.com\/fr\/wp-json\/wp\/v2\/types\/post"}],"author":[{"embeddable":true,"href":"https:\/\/www.europesays.com\/fr\/wp-json\/wp\/v2\/users\/2"}],"replies":[{"embeddable":true,"href":"https:\/\/www.europesays.com\/fr\/wp-json\/wp\/v2\/comments?post=621437"}],"version-history":[{"count":0,"href":"https:\/\/www.europesays.com\/fr\/wp-json\/wp\/v2\/posts\/621437\/revisions"}],"wp:featuredmedia":[{"embeddable":true,"href":"https:\/\/www.europesays.com\/fr\/wp-json\/wp\/v2\/media\/621438"}],"wp:attachment":[{"href":"https:\/\/www.europesays.com\/fr\/wp-json\/wp\/v2\/media?parent=621437"}],"wp:term":[{"taxonomy":"category","embeddable":true,"href":"https:\/\/www.europesays.com\/fr\/wp-json\/wp\/v2\/categories?post=621437"},{"taxonomy":"post_tag","embeddable":true,"href":"https:\/\/www.europesays.com\/fr\/wp-json\/wp\/v2\/tags?post=621437"}],"curies":[{"name":"wp","href":"https:\/\/api.w.org\/{rel}","templated":true}]}}